{"id":1517,"date":"2018-05-01T04:22:27","date_gmt":"2018-05-01T02:22:27","guid":{"rendered":"http:\/\/tc.gdu.edu.az\/?p=1517"},"modified":"2018-05-01T04:22:27","modified_gmt":"2018-05-01T02:22:27","slug":"az%c9%99rbaycan-tarixi-kafedrasinin-iclasi","status":"publish","type":"post","link":"http:\/\/tcf.gdu.edu.az\/?p=1517","title":{"rendered":"Az\u0259rbaycan tarixi kafedras\u0131n\u0131n  iclas\u0131"},"content":{"rendered":"<p><a href=\"http:\/\/tc.gdu.edu.az\/wp-content\/uploads\/2018\/05\/IMG_0973.jpg\"><img loading=\"lazy\" decoding=\"async\" class=\"alignnone size-medium wp-image-1518\" src=\"http:\/\/tc.gdu.edu.az\/wp-content\/uploads\/2018\/05\/IMG_0973-300x300.jpg\" alt=\"IMG_0973\" width=\"300\" height=\"300\" srcset=\"http:\/\/tcf.gdu.edu.az\/wp-content\/uploads\/2018\/05\/IMG_0973-300x300.jpg 300w, http:\/\/tcf.gdu.edu.az\/wp-content\/uploads\/2018\/05\/IMG_0973-150x150.jpg 150w, http:\/\/tcf.gdu.edu.az\/wp-content\/uploads\/2018\/05\/IMG_0973-1024x1024.jpg 1024w, http:\/\/tcf.gdu.edu.az\/wp-content\/uploads\/2018\/05\/IMG_0973-960x960.jpg 960w, http:\/\/tcf.gdu.edu.az\/wp-content\/uploads\/2018\/05\/IMG_0973-480x480.jpg 480w, http:\/\/tcf.gdu.edu.az\/wp-content\/uploads\/2018\/05\/IMG_0973-320x320.jpg 320w, http:\/\/tcf.gdu.edu.az\/wp-content\/uploads\/2018\/05\/IMG_0973-240x240.jpg 240w\" sizes=\"auto, (max-width: 300px) 100vw, 300px\" \/><\/a> <a href=\"http:\/\/tc.gdu.edu.az\/wp-content\/uploads\/2018\/05\/IMG_0972.jpg\"><img loading=\"lazy\" decoding=\"async\" class=\"alignnone size-medium wp-image-1519\" src=\"http:\/\/tc.gdu.edu.az\/wp-content\/uploads\/2018\/05\/IMG_0972-300x300.jpg\" alt=\"IMG_0972\" width=\"300\" height=\"300\" srcset=\"http:\/\/tcf.gdu.edu.az\/wp-content\/uploads\/2018\/05\/IMG_0972-300x300.jpg 300w, http:\/\/tcf.gdu.edu.az\/wp-content\/uploads\/2018\/05\/IMG_0972-150x150.jpg 150w, http:\/\/tcf.gdu.edu.az\/wp-content\/uploads\/2018\/05\/IMG_0972-1024x1024.jpg 1024w, http:\/\/tcf.gdu.edu.az\/wp-content\/uploads\/2018\/05\/IMG_0972-960x960.jpg 960w, http:\/\/tcf.gdu.edu.az\/wp-content\/uploads\/2018\/05\/IMG_0972-480x480.jpg 480w, http:\/\/tcf.gdu.edu.az\/wp-content\/uploads\/2018\/05\/IMG_0972-320x320.jpg 320w, http:\/\/tcf.gdu.edu.az\/wp-content\/uploads\/2018\/05\/IMG_0972-240x240.jpg 240w\" sizes=\"auto, (max-width: 300px) 100vw, 300px\" \/><\/a> <a href=\"http:\/\/tc.gdu.edu.az\/wp-content\/uploads\/2018\/05\/IMG_0974.jpg\"><img loading=\"lazy\" decoding=\"async\" class=\"alignnone size-medium wp-image-1520\" src=\"http:\/\/tc.gdu.edu.az\/wp-content\/uploads\/2018\/05\/IMG_0974-300x300.jpg\" alt=\"IMG_0974\" width=\"300\" height=\"300\" srcset=\"http:\/\/tcf.gdu.edu.az\/wp-content\/uploads\/2018\/05\/IMG_0974-300x300.jpg 300w, http:\/\/tcf.gdu.edu.az\/wp-content\/uploads\/2018\/05\/IMG_0974-150x150.jpg 150w, http:\/\/tcf.gdu.edu.az\/wp-content\/uploads\/2018\/05\/IMG_0974-1024x1024.jpg 1024w, http:\/\/tcf.gdu.edu.az\/wp-content\/uploads\/2018\/05\/IMG_0974-960x960.jpg 960w, http:\/\/tcf.gdu.edu.az\/wp-content\/uploads\/2018\/05\/IMG_0974-480x480.jpg 480w, http:\/\/tcf.gdu.edu.az\/wp-content\/uploads\/2018\/05\/IMG_0974-320x320.jpg 320w, http:\/\/tcf.gdu.edu.az\/wp-content\/uploads\/2018\/05\/IMG_0974-240x240.jpg 240w\" sizes=\"auto, (max-width: 300px) 100vw, 300px\" \/><\/a><\/p>\n<p>Tarix-co\u011frafiya fak\u00fclt\u0259sinin Az\u0259rbaycan tarixi kafedras\u0131n\u0131n iclas\u0131 ke\u00e7irilib. \u0130clasda a\u015fa\u011fdak\u0131 m\u0259s\u0259l\u0259l\u0259r m\u00fczakir\u0259 olunub.<\/p>\n<p>1.2017-2018-ci t\u0259dris ilinin yaz imtahan sessiyas\u0131na haz\u0131rl\u0131\u011f\u0131n v\u0259ziyy\u0259ti v\u0259 qar\u015f\u0131da duran v\u0259zif\u0259l\u0259r<\/p>\n<p>2.2017-2018-ci t\u0259dris ilinin ikinci yar\u0131milind\u0259 ke\u00e7iril\u0259n pedaqoji t\u0259cr\u00fcb\u0259nin gedi\u015fi.<\/p>\n<p>3.Magistrl\u0259rin pedaqoji t\u0259cr\u00fcb\u0259sinin yekunlar\u0131<\/p>\n<p>4.Burax\u0131l\u0131\u015f i\u015fi v\u0259 mafistr-dissertasiya i\u015fl\u0259rinin yerin\u0259 yetirilm\u0259si v\u0259ziyy\u0259ti<\/p>\n<p>5.2017-2018-ci il burax\u0131l\u0131\u015f kurslar\u0131nda d\u00f6vl\u0259t imtahan suallar\u0131n\u0131n m\u00fczakir\u0259si v\u0259 t\u0259sdiqi.<\/p>\n<p>Sonra is\u0259 kafedra m\u00fcdiri dos.Emma Asalnova kafedran\u0131n \u0259m\u0259kda\u015flar\u0131 Ba\u011f\u0131rova Sevinc Ramiz q\u0131z\u0131n\u0131n dosent attesta\u0131 v\u0259 H\u0259mz\u0259yeva Nurlana Q\u0259rib q\u0131z\u0131n\u0131n tarix \u00fczr\u0259 f\u0259ls\u0259f\u0259 doktoru diplomunu ald\u0131\u011f\u0131 \u00fc\u00e7\u00fcn t\u0259brik etdi v\u0259 elmi yarad\u0131c\u0131l\u0131\u011f\u0131nda u\u011furlar arzulad\u0131.<\/p>\n","protected":false},"excerpt":{"rendered":"<p>Tarix-co\u011frafiya fak\u00fclt\u0259sinin Az\u0259rbaycan tarixi kafedras\u0131n\u0131n iclas\u0131 ke\u00e7irilib. \u0130clasda a\u015fa\u011fdak\u0131 m\u0259s\u0259l\u0259l\u0259r m\u00fczakir\u0259 olunub. 1.2017-2018-ci t\u0259dris ilinin yaz imtahan sessiyas\u0131na haz\u0131rl\u0131\u011f\u0131n v\u0259ziyy\u0259ti v\u0259 qar\u015f\u0131da duran v\u0259zif\u0259l\u0259r 2.2017-2018-ci t\u0259dris ilinin ikinci yar\u0131milind\u0259 ke\u00e7iril\u0259n pedaqoji t\u0259cr\u00fcb\u0259nin gedi\u015fi. 3.Magistrl\u0259rin pedaqoji t\u0259cr\u00fcb\u0259sinin yekunlar\u0131 4.Burax\u0131l\u0131\u015f i\u015fi v\u0259 mafistr-dissertasiya i\u015fl\u0259rinin yerin\u0259 yetirilm\u0259si v\u0259ziyy\u0259ti 5.2017-2018-ci il burax\u0131l\u0131\u015f kurslar\u0131nda d\u00f6vl\u0259t imtahan suallar\u0131n\u0131n m\u00fczakir\u0259si v\u0259 t\u0259sdiqi. [&hellip;]<\/p>\n","protected":false},"author":5,"featured_media":0,"comment_status":"open","ping_status":"open","sticky":false,"template":"","format":"standard","meta":{"footnotes":""},"categories":[22,1],"tags":[],"class_list":["post-1517","post","type-post","status-publish","format-standard","hentry","category-azrbaycan-tarixi","category-sas"],"_links":{"self":[{"href":"http:\/\/tcf.gdu.edu.az\/index.php?rest_route=\/wp\/v2\/posts\/1517","targetHints":{"allow":["GET"]}}],"collection":[{"href":"http:\/\/tcf.gdu.edu.az\/index.php?rest_route=\/wp\/v2\/posts"}],"about":[{"href":"http:\/\/tcf.gdu.edu.az\/index.php?rest_route=\/wp\/v2\/types\/post"}],"author":[{"embeddable":true,"href":"http:\/\/tcf.gdu.edu.az\/index.php?rest_route=\/wp\/v2\/users\/5"}],"replies":[{"embeddable":true,"href":"http:\/\/tcf.gdu.edu.az\/index.php?rest_route=%2Fwp%2Fv2%2Fcomments&post=1517"}],"version-history":[{"count":3,"href":"http:\/\/tcf.gdu.edu.az\/index.php?rest_route=\/wp\/v2\/posts\/1517\/revisions"}],"predecessor-version":[{"id":1523,"href":"http:\/\/tcf.gdu.edu.az\/index.php?rest_route=\/wp\/v2\/posts\/1517\/revisions\/1523"}],"wp:attachment":[{"href":"http:\/\/tcf.gdu.edu.az\/index.php?rest_route=%2Fwp%2Fv2%2Fmedia&parent=1517"}],"wp:term":[{"taxonomy":"category","embeddable":true,"href":"http:\/\/tcf.gdu.edu.az\/index.php?rest_route=%2Fwp%2Fv2%2Fcategories&post=1517"},{"taxonomy":"post_tag","embeddable":true,"href":"http:\/\/tcf.gdu.edu.az\/index.php?rest_route=%2Fwp%2Fv2%2Ftags&post=1517"}],"curies":[{"name":"wp","href":"https:\/\/api.w.org\/{rel}","templated":true}]}}