{"id":1644,"date":"2018-10-03T21:57:02","date_gmt":"2018-10-03T19:57:02","guid":{"rendered":"http:\/\/tc.gdu.edu.az\/?p=1644"},"modified":"2018-10-03T21:57:20","modified_gmt":"2018-10-03T19:57:20","slug":"beyn%c9%99xalq-mu%c9%99lliml%c9%99r-gunu","status":"publish","type":"post","link":"http:\/\/tcf.gdu.edu.az\/?p=1644","title":{"rendered":"Beyn\u0259lxalq M\u00fc\u0259lliml\u0259r g\u00fcn\u00fc"},"content":{"rendered":"<p><strong>Bu g\u00fcn m\u00fc\u0259lliml\u0259r \u00f6z pe\u015f\u0259 bayramlar\u0131n\u0131 ke\u00e7irirl\u0259r. H\u0259r il \u00a0oktyab\u0131r\u0131n 5 d\u0259 \u00a0m\u00fc\u0259lliml\u0259r g\u00fcn\u00fc \u00a0qeyd olunur.<\/strong><\/p>\n<p><strong>Bu tarixin qeyd edilm\u0259sin\u0259 dair q\u0259rar\u0131 ilk d\u0259f\u0259 1966-c\u0131 il oktyabr\u0131n 5-d\u0259 YUNESKO verib. Bu t\u0259\u015fkilat t\u0259r\u0259find\u0259n m\u00fc\u0259lliml\u0259rin statusunun art\u0131r\u0131lmas\u0131 il\u0259 ba\u011fl\u0131 t\u00f6vsiy\u0259 xarakterli s\u0259n\u0259d q\u0259bul edilib. \u0130ndi d\u00fcnyan\u0131n 100-d\u0259n \u00e7ox \u00f6lk\u0259sind\u0259 oktyabr\u0131n 5-d\u0259 m\u00fc\u0259lliml\u0259r pe\u015f\u0259 bayram\u0131n\u0131 qeyd edir.<\/strong><\/p>\n<p><strong>Az\u0259rbaycan t\u0259hsil tarixind\u0259 m\u00fch\u00fcm yeri v\u0259 rolu olan t\u0259hsil ocaqlar\u0131ndan biri d\u0259 G\u0259nc\u0259 D\u00f6vl\u0259t Universitetidir. Respublikan\u0131n el\u0259 bir b\u00f6lg\u0259si yoxdur ki, orada G\u0259nc\u0259 D\u00f6vl\u0259t Universitetinin m\u0259zunlar\u0131\u00a0 m\u00fc\u0259llim kimi \u00e7al\u0131\u015fmas\u0131nlar. Az\u0259rbaycan\u0131n\u00a0 m\u00fc\u0259llim ordusu i\u00e7\u0259risind\u0259 G\u0259nc\u0259 D\u00f6vl\u0259t Universitetinin m\u0259zunlar\u0131n\u0131n m\u00fch\u00fcm \u00e7\u0259kisi vard\u0131r.<\/strong><\/p>\n<p><strong>H\u0259r birimizin \u00a0m\u00fc\u0259lliml\u0259r haqq\u0131nda g\u00f6z\u0259l t\u0259s\u00fcratlar\u0131m\u0131z vard\u0131r. M\u0259n\u0259 bir h\u0259rf \u00f6yr\u0259d\u0259nin k\u00f6l\u0259si olaram&#8221;. Bu s\u00f6zl\u0259r \u0130slam d\u00fcnyas\u0131n\u0131n parlaq simalar\u0131ndan olan H\u0259zr\u0259ti \u018fliy\u0259 m\u0259xsusdur.\u00a0 Bu g\u00fcn b\u00fct\u00fcn d\u00fcnyada oldu\u011fu kimi, Az\u0259rbaycanda da h\u00f6rm\u0259tli m\u00fc\u0259lliml\u0259rimiz \u00fc\u00e7\u00fcn \u0259ziz g\u00fcnd\u00fcr &#8211; m\u00fc\u0259llim ad\u0131n\u0131 da\u015f\u0131yanlar, bu ad\u0131n d\u0259y\u0259rini bil\u0259nl\u0259r \u00f6z pe\u015f\u0259 bayram\u0131n\u0131 qeyd edirl\u0259r.\u00a0\u00a0M\u0259n bu g\u00fcn\u00a0m\u00fc\u0259lliml\u0259rin pe\u015f\u0259 bayram\u0131 m\u00fcnasib\u0259ti il\u0259 t\u0259brik edir\u0259m. <\/strong><\/p>\n<p><strong>Tarix-Co\u011frafiya fak\u00fclt\u0259sinin dekan\u0131 dos. <\/strong><strong>U.H\u0259s\u0259nov<\/strong><\/p>\n","protected":false},"excerpt":{"rendered":"<p>Bu g\u00fcn m\u00fc\u0259lliml\u0259r \u00f6z pe\u015f\u0259 bayramlar\u0131n\u0131 ke\u00e7irirl\u0259r. H\u0259r il \u00a0oktyab\u0131r\u0131n 5 d\u0259 \u00a0m\u00fc\u0259lliml\u0259r g\u00fcn\u00fc \u00a0qeyd olunur. Bu tarixin qeyd edilm\u0259sin\u0259 dair q\u0259rar\u0131 ilk d\u0259f\u0259 1966-c\u0131 il oktyabr\u0131n 5-d\u0259 YUNESKO verib. Bu t\u0259\u015fkilat t\u0259r\u0259find\u0259n m\u00fc\u0259lliml\u0259rin statusunun art\u0131r\u0131lmas\u0131 il\u0259 ba\u011fl\u0131 t\u00f6vsiy\u0259 xarakterli s\u0259n\u0259d q\u0259bul edilib. \u0130ndi d\u00fcnyan\u0131n 100-d\u0259n \u00e7ox \u00f6lk\u0259sind\u0259 oktyabr\u0131n 5-d\u0259 m\u00fc\u0259lliml\u0259r pe\u015f\u0259 bayram\u0131n\u0131 qeyd edir. [&hellip;]<\/p>\n","protected":false},"author":5,"featured_media":0,"comment_status":"open","ping_status":"open","sticky":false,"template":"","format":"standard","meta":{"footnotes":""},"categories":[3],"tags":[],"class_list":["post-1644","post","type-post","status-publish","format-standard","hentry","category-xbrlr"],"_links":{"self":[{"href":"http:\/\/tcf.gdu.edu.az\/index.php?rest_route=\/wp\/v2\/posts\/1644","targetHints":{"allow":["GET"]}}],"collection":[{"href":"http:\/\/tcf.gdu.edu.az\/index.php?rest_route=\/wp\/v2\/posts"}],"about":[{"href":"http:\/\/tcf.gdu.edu.az\/index.php?rest_route=\/wp\/v2\/types\/post"}],"author":[{"embeddable":true,"href":"http:\/\/tcf.gdu.edu.az\/index.php?rest_route=\/wp\/v2\/users\/5"}],"replies":[{"embeddable":true,"href":"http:\/\/tcf.gdu.edu.az\/index.php?rest_route=%2Fwp%2Fv2%2Fcomments&post=1644"}],"version-history":[{"count":2,"href":"http:\/\/tcf.gdu.edu.az\/index.php?rest_route=\/wp\/v2\/posts\/1644\/revisions"}],"predecessor-version":[{"id":1646,"href":"http:\/\/tcf.gdu.edu.az\/index.php?rest_route=\/wp\/v2\/posts\/1644\/revisions\/1646"}],"wp:attachment":[{"href":"http:\/\/tcf.gdu.edu.az\/index.php?rest_route=%2Fwp%2Fv2%2Fmedia&parent=1644"}],"wp:term":[{"taxonomy":"category","embeddable":true,"href":"http:\/\/tcf.gdu.edu.az\/index.php?rest_route=%2Fwp%2Fv2%2Fcategories&post=1644"},{"taxonomy":"post_tag","embeddable":true,"href":"http:\/\/tcf.gdu.edu.az\/index.php?rest_route=%2Fwp%2Fv2%2Ftags&post=1644"}],"curies":[{"name":"wp","href":"https:\/\/api.w.org\/{rel}","templated":true}]}}