{"id":1756,"date":"2018-11-07T22:17:47","date_gmt":"2018-11-07T20:17:47","guid":{"rendered":"http:\/\/tc.gdu.edu.az\/?p=1756"},"modified":"2018-11-07T22:17:47","modified_gmt":"2018-11-07T20:17:47","slug":"usaq-inkisaf-hesablari-usaq-inkisafina-yeni-yanasma-movzusunda-beyn%c9%99lxalq-konfrans","status":"publish","type":"post","link":"http:\/\/tcf.gdu.edu.az\/?p=1756","title":{"rendered":"\u201cU\u015faq  \u0130nki\u015faf  Hesablar\u0131: U\u015faq \u0130nki\u015faf\u0131na Yeni Yana\u015fma\u201d m\u00f6vzusunda beyn\u0259lxalq konfrans"},"content":{"rendered":"<p><a href=\"http:\/\/tc.gdu.edu.az\/wp-content\/uploads\/2018\/11\/20181107_085400.jpg\"><img loading=\"lazy\" decoding=\"async\" class=\"alignnone  wp-image-1757\" src=\"http:\/\/tc.gdu.edu.az\/wp-content\/uploads\/2018\/11\/20181107_085400-300x254.jpg\" alt=\"20181107_085400\" width=\"405\" height=\"342\" srcset=\"http:\/\/tcf.gdu.edu.az\/wp-content\/uploads\/2018\/11\/20181107_085400-300x254.jpg 300w, http:\/\/tcf.gdu.edu.az\/wp-content\/uploads\/2018\/11\/20181107_085400-1024x867.jpg 1024w, http:\/\/tcf.gdu.edu.az\/wp-content\/uploads\/2018\/11\/20181107_085400.jpg 1451w\" sizes=\"auto, (max-width: 405px) 100vw, 405px\" \/><\/a> <a href=\"http:\/\/tc.gdu.edu.az\/wp-content\/uploads\/2018\/11\/20181106_132307.jpg\"><img loading=\"lazy\" decoding=\"async\" class=\"alignnone  wp-image-1758\" src=\"http:\/\/tc.gdu.edu.az\/wp-content\/uploads\/2018\/11\/20181106_132307-225x300.jpg\" alt=\"20181106_132307\" width=\"268\" height=\"357\" srcset=\"http:\/\/tcf.gdu.edu.az\/wp-content\/uploads\/2018\/11\/20181106_132307-225x300.jpg 225w, http:\/\/tcf.gdu.edu.az\/wp-content\/uploads\/2018\/11\/20181106_132307-768x1024.jpg 768w\" sizes=\"auto, (max-width: 268px) 100vw, 268px\" \/><\/a><\/p>\n<p>6 noyabr 2018-ci tarixind\u0259\u00a0 <strong>\u201cU\u015faq\u00a0 \u0130nki\u015faf\u00a0 Hesablar\u0131: U\u015faq \u0130nki\u015faf\u0131na Yeni Yana\u015fma\u201d<\/strong> m\u00f6vzusunda beyn\u0259lxalq konfransda u\u015faq m\u00fcdafi\u0259 sistemind\u0259ki \u00fcmumi probleml\u0259r, u\u015faq m\u00fcdafi\u0259 sistemind\u0259ki \u00e7\u0259tinlikl\u0259r, u\u015faq m\u00fcdafi\u0259 sisteminin qurulmas\u0131, u\u015faq inki\u015faf\u00a0 hesablar\u0131 siyas\u0259ti v\u0259 praktikas\u0131, Az\u0259rbaycanda u\u015faq inki\u015faf hesablar\u0131n\u0131n t\u0259tbiqind\u0259n b\u0259hs edildi.<\/p>\n<p>Konfransda d\u00f6vl\u0259t r\u0259smil\u0259rind\u0259n Az\u0259rbaycan D\u00f6vl\u0259t M\u0259d\u0259niyy\u0259t v\u0259 \u0130nc\u0259s\u0259n\u0259t Universitetinin rektoru professor Ceyran Mahmudova, Az\u0259rbaycan Respubikas\u0131n\u0131n Prezidenti yan\u0131nds Qeyri-H\u00f6k\u00fcm\u0259t T\u0259\u015fkilatlar\u0131na D\u00f6vl\u0259t D\u0259st\u0259yi \u015euras\u0131,\u00a0 Ail\u0259, Qad\u0131n v\u0259 U\u015faq Probleml\u0259ri \u00fczr\u0259 D\u00f6v\u0259t Komit\u0259si, T\u0259hsil Nazirliyi, Daxili \u0130\u015fl\u0259r Nazirliyinin n\u00fcmay\u0259nd\u0259l\u0259ri v\u0259 beyn\u0259lxalq qonaqlar kimi \u00a0Va\u015finqton Universitetinin Braun M\u0259kt\u0259binin Sosial \u0130nki\u015faf\u00a0 M\u0259rk\u0259zinin direktoru prof. Maykl \u015eerraden, \u0130srailin T\u0259dqiqat v\u0259 Planla\u015fd\u0131rma \u0130nstitutunun direktoru m\u00fcavini prof. Daniel Qotlieb, Va\u015finqton Universitetinin Braun M\u0259kt\u0259binin Sosial \u0130nki\u015faf\u00a0 M\u0259rk\u0259zinin Beyn\u0259lxalq\u00a0 direktoru Li Zou, T\u00fcrkiy\u0259, Ukraniya, Rusiya, Almaniya, \u0130ran, G\u00fcrc\u00fcstan, Qazax\u0131stan, Monqolustan, \u015eimali Kipr T\u00fcrk Respublikas\u0131 kimi m\u00fcxt\u0259lif\u00a0 \u00f6lk\u0259l\u0259rd\u0259n pe\u015f\u0259kar u\u015faq m\u00fcdafi\u0259si v\u0259 sosial i\u015f \u00fczr\u0259 m\u00fct\u0259x\u0259ssisl\u0259r i\u015ftirak edirdi.<\/p>\n<p>G\u0259nc\u0259 D\u00f6vl\u0259t Universitetd\u0259n Tarix-Co\u011frafiya fak\u00fclt\u0259sinin Sosial f\u0259nl\u0259r kafedras\u0131n\u0131n m\u00fcdiri dosent\u00a0 M\u0259mm\u0259dov Asim \u015e\u0259fay\u0259t o\u011flu t\u0259msil edirdi.<\/p>\n","protected":false},"excerpt":{"rendered":"<p>6 noyabr 2018-ci tarixind\u0259\u00a0 \u201cU\u015faq\u00a0 \u0130nki\u015faf\u00a0 Hesablar\u0131: U\u015faq \u0130nki\u015faf\u0131na Yeni Yana\u015fma\u201d m\u00f6vzusunda beyn\u0259lxalq konfransda u\u015faq m\u00fcdafi\u0259 sistemind\u0259ki \u00fcmumi probleml\u0259r, u\u015faq m\u00fcdafi\u0259 sistemind\u0259ki \u00e7\u0259tinlikl\u0259r, u\u015faq m\u00fcdafi\u0259 sisteminin qurulmas\u0131, u\u015faq inki\u015faf\u00a0 hesablar\u0131 siyas\u0259ti v\u0259 praktikas\u0131, Az\u0259rbaycanda u\u015faq inki\u015faf hesablar\u0131n\u0131n t\u0259tbiqind\u0259n b\u0259hs edildi. Konfransda d\u00f6vl\u0259t r\u0259smil\u0259rind\u0259n Az\u0259rbaycan D\u00f6vl\u0259t M\u0259d\u0259niyy\u0259t v\u0259 \u0130nc\u0259s\u0259n\u0259t Universitetinin rektoru professor Ceyran Mahmudova, Az\u0259rbaycan Respubikas\u0131n\u0131n [&hellip;]<\/p>\n","protected":false},"author":5,"featured_media":0,"comment_status":"open","ping_status":"open","sticky":false,"template":"","format":"standard","meta":{"footnotes":""},"categories":[1],"tags":[],"class_list":["post-1756","post","type-post","status-publish","format-standard","hentry","category-sas"],"_links":{"self":[{"href":"http:\/\/tcf.gdu.edu.az\/index.php?rest_route=\/wp\/v2\/posts\/1756","targetHints":{"allow":["GET"]}}],"collection":[{"href":"http:\/\/tcf.gdu.edu.az\/index.php?rest_route=\/wp\/v2\/posts"}],"about":[{"href":"http:\/\/tcf.gdu.edu.az\/index.php?rest_route=\/wp\/v2\/types\/post"}],"author":[{"embeddable":true,"href":"http:\/\/tcf.gdu.edu.az\/index.php?rest_route=\/wp\/v2\/users\/5"}],"replies":[{"embeddable":true,"href":"http:\/\/tcf.gdu.edu.az\/index.php?rest_route=%2Fwp%2Fv2%2Fcomments&post=1756"}],"version-history":[{"count":2,"href":"http:\/\/tcf.gdu.edu.az\/index.php?rest_route=\/wp\/v2\/posts\/1756\/revisions"}],"predecessor-version":[{"id":1760,"href":"http:\/\/tcf.gdu.edu.az\/index.php?rest_route=\/wp\/v2\/posts\/1756\/revisions\/1760"}],"wp:attachment":[{"href":"http:\/\/tcf.gdu.edu.az\/index.php?rest_route=%2Fwp%2Fv2%2Fmedia&parent=1756"}],"wp:term":[{"taxonomy":"category","embeddable":true,"href":"http:\/\/tcf.gdu.edu.az\/index.php?rest_route=%2Fwp%2Fv2%2Fcategories&post=1756"},{"taxonomy":"post_tag","embeddable":true,"href":"http:\/\/tcf.gdu.edu.az\/index.php?rest_route=%2Fwp%2Fv2%2Ftags&post=1756"}],"curies":[{"name":"wp","href":"https:\/\/api.w.org\/{rel}","templated":true}]}}