{"id":1980,"date":"2019-10-03T21:23:07","date_gmt":"2019-10-03T19:23:07","guid":{"rendered":"http:\/\/tc.gdu.edu.az\/?p=1980"},"modified":"2019-10-03T21:23:07","modified_gmt":"2019-10-03T19:23:07","slug":"beyn%c9%99lxalq-mu%c9%99lliml%c9%99r-gunu","status":"publish","type":"post","link":"http:\/\/tcf.gdu.edu.az\/?p=1980","title":{"rendered":"Beyn\u0259lxalq M\u00fc\u0259lliml\u0259r G\u00fcn\u00fc"},"content":{"rendered":"<p><a href=\"http:\/\/tc.gdu.edu.az\/wp-content\/uploads\/2019\/10\/\u0411\u0435\u0437-\u043d\u0430\u0437\u0432\u0430\u043d\u0438\u044f.jpg\"><img loading=\"lazy\" decoding=\"async\" class=\"alignnone  wp-image-1981\" src=\"http:\/\/tc.gdu.edu.az\/wp-content\/uploads\/2019\/10\/\u0411\u0435\u0437-\u043d\u0430\u0437\u0432\u0430\u043d\u0438\u044f.jpg\" alt=\"\u0411\u0435\u0437 \u043d\u0430\u0437\u0432\u0430\u043d\u0438\u044f\" width=\"364\" height=\"273\" srcset=\"http:\/\/tcf.gdu.edu.az\/wp-content\/uploads\/2019\/10\/\u0411\u0435\u0437-\u043d\u0430\u0437\u0432\u0430\u043d\u0438\u044f.jpg 259w, http:\/\/tcf.gdu.edu.az\/wp-content\/uploads\/2019\/10\/\u0411\u0435\u0437-\u043d\u0430\u0437\u0432\u0430\u043d\u0438\u044f-240x180.jpg 240w\" sizes=\"auto, (max-width: 364px) 100vw, 364px\" \/><\/a><\/p>\n<p>M\u00fc\u0259llim g\u0259nc n\u0259slin m\u0259n\u0259vi al\u0259minin memar\u0131, c\u0259miyy\u0259tin etibar etdiyi \u015f\u0259xsdir.<br \/>\nM\u00fc\u0259llimin m\u0259qs\u0259di Az\u0259rbaycan d\u00f6vl\u0259ti qar\u015f\u0131s\u0131nda \u00f6z m\u0259suliyy\u0259tini d\u0259rk ed\u0259n, insan h\u00fcquqlar\u0131 v\u0259 azadl\u0131qlar\u0131na h\u00f6rm\u0259t ed\u0259n, v\u0259t\u0259np\u0259rv\u0259rlik v\u0259 az\u0259rbaycan\u00e7\u0131l\u0131q ideyalar\u0131na sadiq olan, m\u00fcst\u0259qil v\u0259 yarad\u0131c\u0131 d\u00fc\u015f\u00fcn\u0259n v\u0259t\u0259nda\u015f v\u0259 \u015f\u0259xsiyy\u0259t yeti\u015fdirm\u0259kdir.<\/p>\n<p>\u00d6lk\u0259mizin, xalq\u0131m\u0131z\u0131n g\u0259l\u0259c\u0259yi namin\u0259 m\u00fc\u0259llimlik pe\u015f\u0259sin\u0259 v\u0259 bu pe\u015f\u0259 sahibl\u0259rin\u0259 d\u00f6vl\u0259t s\u0259viyy\u0259sind\u0259 daim layiqli qay\u011f\u0131 g\u00f6st\u0259rilir.<\/p>\n<p>Beyn\u0259lxalq m\u00fc\u0259lliml\u0259r g\u00fcn\u00fc h\u0259yat\u0131n\u0131 xalq\u0131n i\u015f\u0131ql\u0131 g\u0259l\u0259c\u0259yin\u0259 h\u0259sr ed\u0259n m\u00fcq\u0259dd\u0259s pe\u015f\u0259 sahibl\u0259rinin bayram\u0131d\u0131r. H\u0259r birimizd\u0259 m\u00fc\u0259llim h\u0259rar\u0259tli q\u0259lbinin bir z\u0259rr\u0259ciyi var. \u201cM\u0259n d\u00fcnyada m\u00fc\u0259llimd\u0259n \u015f\u0259r\u0259fli ad tan\u0131m\u0131ram\u201d dey\u0259n \u00fcmummilli lider Heyd\u0259r \u018fliyev Az\u0259rbaycana r\u0259hb\u0259rlik etdiyi b\u00fct\u00fcn ill\u0259rd\u0259 m\u00fc\u0259llim \u0259m\u0259yini y\u00fcks\u0259k qiym\u0259tl\u0259ndirib, onlara b\u00f6y\u00fck h\u00f6rm\u0259tl\u0259 yana\u015f\u0131b.<br \/>\n\u00d6lk\u0259mizd\u0259 son ill\u0259rd\u0259 t\u0259hsilin inki\u015faf\u0131 il\u0259 ba\u011fl\u0131 h\u0259yata ke\u00e7iril\u0259n kompleks t\u0259dbirl\u0259r, Prezident \u0130lham \u018fliyevin bu amili d\u00f6vl\u0259t siyas\u0259tinin m\u00fch\u00fcm prinsipl\u0259ri s\u0131ras\u0131na daxil etm\u0259si, t\u0259hsil i\u015fi\u015f\u00e7il\u0259rin\u0259 h\u0259rt\u0259r\u0259fli qay\u011f\u0131 d\u00f6vl\u0259tin \u00f6z g\u0259l\u0259c\u0259yini daha etibarl\u0131 v\u0259 inaml\u0131 g\u00f6rm\u0259k \u0259zmind\u0259n x\u0259b\u0259r verir.<\/p>\n<p>Universitetin qay\u0259si, d\u00f6vl\u0259tini v\u0259 mill\u0259tini sev\u0259n, elmi bilikl\u0259r\u0259 yiy\u0259l\u0259nmi\u015f demokratik ruhlu m\u00fct\u0259x\u0259ssisl\u0259r yeti\u015fdir\u0259r\u0259k Az\u0259rbaycan\u0131n t\u0259r\u0259qqisin\u0259 xidm\u0259t etm\u0259kd\u0259dir.<br \/>\n\u015e\u0259r\u0259fli s\u0259n\u0259t sahibl\u0259rini, bu ad\u0131n m\u0259n\u0259vi y\u00fck\u00fcn\u00fc t\u0259miz vicdanla da\u015f\u0131yan v\u0259 bu ada layiq olan b\u00fct\u00fcn m\u00fc\u0259lliml\u0259ri t\u0259brik edirik!<\/p>\n<p>Bayram\u0131n\u0131z m\u00fcbar\u0259k!<\/p>\n","protected":false},"excerpt":{"rendered":"<p>M\u00fc\u0259llim g\u0259nc n\u0259slin m\u0259n\u0259vi al\u0259minin memar\u0131, c\u0259miyy\u0259tin etibar etdiyi \u015f\u0259xsdir. M\u00fc\u0259llimin m\u0259qs\u0259di Az\u0259rbaycan d\u00f6vl\u0259ti qar\u015f\u0131s\u0131nda \u00f6z m\u0259suliyy\u0259tini d\u0259rk ed\u0259n, insan h\u00fcquqlar\u0131 v\u0259 azadl\u0131qlar\u0131na h\u00f6rm\u0259t ed\u0259n, v\u0259t\u0259np\u0259rv\u0259rlik v\u0259 az\u0259rbaycan\u00e7\u0131l\u0131q ideyalar\u0131na sadiq olan, m\u00fcst\u0259qil v\u0259 yarad\u0131c\u0131 d\u00fc\u015f\u00fcn\u0259n v\u0259t\u0259nda\u015f v\u0259 \u015f\u0259xsiyy\u0259t yeti\u015fdirm\u0259kdir. \u00d6lk\u0259mizin, xalq\u0131m\u0131z\u0131n g\u0259l\u0259c\u0259yi namin\u0259 m\u00fc\u0259llimlik pe\u015f\u0259sin\u0259 v\u0259 bu pe\u015f\u0259 sahibl\u0259rin\u0259 d\u00f6vl\u0259t s\u0259viyy\u0259sind\u0259 daim layiqli qay\u011f\u0131 g\u00f6st\u0259rilir. [&hellip;]<\/p>\n","protected":false},"author":5,"featured_media":0,"comment_status":"closed","ping_status":"open","sticky":false,"template":"","format":"standard","meta":{"footnotes":""},"categories":[25],"tags":[],"class_list":["post-1980","post","type-post","status-publish","format-standard","hentry","category-tarix-cografiya-fakultsi"],"_links":{"self":[{"href":"http:\/\/tcf.gdu.edu.az\/index.php?rest_route=\/wp\/v2\/posts\/1980","targetHints":{"allow":["GET"]}}],"collection":[{"href":"http:\/\/tcf.gdu.edu.az\/index.php?rest_route=\/wp\/v2\/posts"}],"about":[{"href":"http:\/\/tcf.gdu.edu.az\/index.php?rest_route=\/wp\/v2\/types\/post"}],"author":[{"embeddable":true,"href":"http:\/\/tcf.gdu.edu.az\/index.php?rest_route=\/wp\/v2\/users\/5"}],"replies":[{"embeddable":true,"href":"http:\/\/tcf.gdu.edu.az\/index.php?rest_route=%2Fwp%2Fv2%2Fcomments&post=1980"}],"version-history":[{"count":1,"href":"http:\/\/tcf.gdu.edu.az\/index.php?rest_route=\/wp\/v2\/posts\/1980\/revisions"}],"predecessor-version":[{"id":1982,"href":"http:\/\/tcf.gdu.edu.az\/index.php?rest_route=\/wp\/v2\/posts\/1980\/revisions\/1982"}],"wp:attachment":[{"href":"http:\/\/tcf.gdu.edu.az\/index.php?rest_route=%2Fwp%2Fv2%2Fmedia&parent=1980"}],"wp:term":[{"taxonomy":"category","embeddable":true,"href":"http:\/\/tcf.gdu.edu.az\/index.php?rest_route=%2Fwp%2Fv2%2Fcategories&post=1980"},{"taxonomy":"post_tag","embeddable":true,"href":"http:\/\/tcf.gdu.edu.az\/index.php?rest_route=%2Fwp%2Fv2%2Ftags&post=1980"}],"curies":[{"name":"wp","href":"https:\/\/api.w.org\/{rel}","templated":true}]}}