{"id":2110,"date":"2020-05-10T08:39:26","date_gmt":"2020-05-10T06:39:26","guid":{"rendered":"http:\/\/tcf.gdu.edu.az\/?p=2110"},"modified":"2020-05-10T08:39:28","modified_gmt":"2020-05-10T06:39:28","slug":"xalqini-sev%c9%99n-siyas%c9%99tci-dahi-heyd%c9%99r-%c9%99liyevin-97-illiyi","status":"publish","type":"post","link":"http:\/\/tcf.gdu.edu.az\/?p=2110","title":{"rendered":"Xalq\u0131n\u0131 sev\u0259n siyas\u0259t\u00e7i \u2013 Dahi Heyd\u0259r \u018fliyevin 97 illiyi"},"content":{"rendered":"\n<ul class=\"wp-block-gallery columns-1 is-cropped wp-block-gallery-1 is-layout-flex wp-block-gallery-is-layout-flex\"><li class=\"blocks-gallery-item\"><figure><img loading=\"lazy\" decoding=\"async\" width=\"275\" height=\"184\" src=\"http:\/\/tcf.gdu.edu.az\/wp-content\/uploads\/2020\/05\/\u0411\u0435\u0437-\u043d\u0430\u0437\u0432\u0430\u043d\u0438\u044f.jpg\" alt=\"\" data-id=\"2111\" data-link=\"http:\/\/tcf.gdu.edu.az\/?attachment_id=2111#main\" class=\"wp-image-2111\" srcset=\"http:\/\/tcf.gdu.edu.az\/wp-content\/uploads\/2020\/05\/\u0411\u0435\u0437-\u043d\u0430\u0437\u0432\u0430\u043d\u0438\u044f.jpg 275w, http:\/\/tcf.gdu.edu.az\/wp-content\/uploads\/2020\/05\/\u0411\u0435\u0437-\u043d\u0430\u0437\u0432\u0430\u043d\u0438\u044f-240x160.jpg 240w\" sizes=\"auto, (max-width: 275px) 100vw, 275px\" \/><\/figure><\/li><\/ul>\n\n\n\n<p><\/p>\n\n\n\n<p>&nbsp;&nbsp;&nbsp;&nbsp;&nbsp;&nbsp; \u00d6lk\u0259nin v\u0259 b\u00fct\u00fcn T\u00fcrk d\u00fcnyas\u0131n\u0131n m\u00fcasir\ntarixind\u0259 d\u0259rin iz buraxan M\u00fcasir Az\u0259rbaycan\u0131n qurucusu Heyd\u0259r \u018fliyev 97 il\n\u0259vv\u0259l bu g\u00fcn anadan olub. Bu\ng\u00fcn \u00e7\u0259tin h\u0259yat v\u0259 siyasi yol ke\u00e7\u0259n g\u00f6rk\u0259mli insan, dahi Heyd\u0259r \u018fliyevin do\u011fum\ng\u00fcn\u00fcnd\u0259n 97 il ke\u00e7ir.<\/p>\n\n\n\n<p>\u00a0\u00a0\u00a0\u00a0\u00a0\u00a0 Heyd\u0259r \u018fliyev on illikl\u0259r \u0259rzind\u0259 h\u0259m Az\u0259rbaycan, h\u0259m d\u0259 Rusiya siyasi arenas\u0131nda i\u015fl\u0259yib. 1993-c\u00fc ild\u0259 is\u0259 h\u00f6kum\u0259t b\u00f6hran\u0131ndan yorulan, v\u0259t\u0259nda\u015f m\u00fcharib\u0259sinin astanas\u0131nda olan Az\u0259rbaycan xalq\u0131 h\u0259min vaxt olan \u00f6lk\u0259 r\u0259hb\u0259rliyind\u0259n hakimiyy\u0259t\u0259 Heyd\u0259r \u018fliyevin g\u0259tirilm\u0259sini t\u0259l\u0259b etdi. Dahi liderin \u00a0\u00a0\u00a0Az\u0259rbaycana qay\u0131tmas\u0131 \u00f6lk\u0259nin bug\u00fcnk\u00fc inki\u015faf\u0131 v\u0259 \u00e7i\u00e7\u0259kl\u0259nm\u0259si istiqam\u0259tind\u0259 \u0259h\u0259miyy\u0259tli add\u0131md\u0131r.<\/p>\n\n\n\n<p>H\u0259yatsev\u0259r insan kimi g\u00f6rk\u0259mli siyas\u0259t\u00e7i \u00f6z xalq\u0131n\u0131, X\u0259z\u0259r d\u0259nizinin sahilini sevirdi, tez-tez neft\u00e7il\u0259r, pamp\u0131q\u00e7\u0131lar v\u0259 dig\u0259r pe\u015f\u0259l\u0259rin sahibl\u0259ri il\u0259 g\u00f6r\u00fc\u015f\u0259rdi.<\/p>\n\n\n\n<p>&nbsp;&nbsp;&nbsp;&nbsp;&nbsp;&nbsp;&nbsp;&nbsp;&nbsp;&nbsp;&nbsp;&nbsp;&nbsp;&nbsp;&nbsp; Heyd\u0259r \u018fliyev be\u015f d\u0259f\u0259 ke\u00e7mi\u015f\nSSR\u0130-nin Lenin ordeni il\u0259, Q\u0131rm\u0131z\u0131 Ulduz ordeni v\u0259 \u00e7oxsayl\u0131 medallarla t\u0259ltif\nedilib, iki d\u0259f\u0259 Sosialist \u018fm\u0259yi Q\u0259hr\u0259man\u0131 ad\u0131na, h\u0259m\u00e7inin m\u00fcxt\u0259lif \u00f6lk\u0259l\u0259rin\nali m\u00fckafatlar\u0131na, n\u00fcfuzlu ali m\u0259kt\u0259bl\u0259rin f\u0259xri adlar\u0131na layiq g\u00f6r\u00fcl\u00fcb.<\/p>\n","protected":false},"excerpt":{"rendered":"<p>&nbsp;&nbsp;&nbsp;&nbsp;&nbsp;&nbsp; \u00d6lk\u0259nin v\u0259 b\u00fct\u00fcn T\u00fcrk d\u00fcnyas\u0131n\u0131n m\u00fcasir tarixind\u0259 d\u0259rin iz buraxan M\u00fcasir Az\u0259rbaycan\u0131n qurucusu Heyd\u0259r \u018fliyev 97 il \u0259vv\u0259l bu g\u00fcn anadan olub. Bu g\u00fcn \u00e7\u0259tin h\u0259yat v\u0259 siyasi yol ke\u00e7\u0259n g\u00f6rk\u0259mli insan, dahi Heyd\u0259r \u018fliyevin do\u011fum g\u00fcn\u00fcnd\u0259n 97 il ke\u00e7ir. \u00a0\u00a0\u00a0\u00a0\u00a0\u00a0 Heyd\u0259r \u018fliyev on illikl\u0259r \u0259rzind\u0259 h\u0259m Az\u0259rbaycan, h\u0259m d\u0259 Rusiya siyasi arenas\u0131nda i\u015fl\u0259yib. [&hellip;]<\/p>\n","protected":false},"author":5,"featured_media":0,"comment_status":"closed","ping_status":"open","sticky":false,"template":"","format":"standard","meta":{"footnotes":""},"categories":[3],"tags":[],"class_list":["post-2110","post","type-post","status-publish","format-standard","hentry","category-xbrlr"],"_links":{"self":[{"href":"http:\/\/tcf.gdu.edu.az\/index.php?rest_route=\/wp\/v2\/posts\/2110","targetHints":{"allow":["GET"]}}],"collection":[{"href":"http:\/\/tcf.gdu.edu.az\/index.php?rest_route=\/wp\/v2\/posts"}],"about":[{"href":"http:\/\/tcf.gdu.edu.az\/index.php?rest_route=\/wp\/v2\/types\/post"}],"author":[{"embeddable":true,"href":"http:\/\/tcf.gdu.edu.az\/index.php?rest_route=\/wp\/v2\/users\/5"}],"replies":[{"embeddable":true,"href":"http:\/\/tcf.gdu.edu.az\/index.php?rest_route=%2Fwp%2Fv2%2Fcomments&post=2110"}],"version-history":[{"count":1,"href":"http:\/\/tcf.gdu.edu.az\/index.php?rest_route=\/wp\/v2\/posts\/2110\/revisions"}],"predecessor-version":[{"id":2112,"href":"http:\/\/tcf.gdu.edu.az\/index.php?rest_route=\/wp\/v2\/posts\/2110\/revisions\/2112"}],"wp:attachment":[{"href":"http:\/\/tcf.gdu.edu.az\/index.php?rest_route=%2Fwp%2Fv2%2Fmedia&parent=2110"}],"wp:term":[{"taxonomy":"category","embeddable":true,"href":"http:\/\/tcf.gdu.edu.az\/index.php?rest_route=%2Fwp%2Fv2%2Fcategories&post=2110"},{"taxonomy":"post_tag","embeddable":true,"href":"http:\/\/tcf.gdu.edu.az\/index.php?rest_route=%2Fwp%2Fv2%2Ftags&post=2110"}],"curies":[{"name":"wp","href":"https:\/\/api.w.org\/{rel}","templated":true}]}}