{"id":2134,"date":"2020-06-26T04:32:04","date_gmt":"2020-06-26T02:32:04","guid":{"rendered":"http:\/\/tcf.gdu.edu.az\/?p=2134"},"modified":"2020-06-26T04:32:06","modified_gmt":"2020-06-26T02:32:06","slug":"26-iyun-az%c9%99rbaycanda-silahli-quvv%c9%99l%c9%99r-gunudur","status":"publish","type":"post","link":"http:\/\/tcf.gdu.edu.az\/?p=2134","title":{"rendered":"26 iyun Az\u0259rbaycanda Silahl\u0131 Q\u00fcvv\u0259l\u0259r G\u00fcn\u00fcd\u00fcr"},"content":{"rendered":"\n<ul class=\"wp-block-gallery columns-1 is-cropped wp-block-gallery-1 is-layout-flex wp-block-gallery-is-layout-flex\"><li class=\"blocks-gallery-item\"><figure><img loading=\"lazy\" decoding=\"async\" width=\"312\" height=\"162\" src=\"http:\/\/tcf.gdu.edu.az\/wp-content\/uploads\/2020\/06\/\u0411\u0435\u0437-\u043d\u0430\u0437\u0432\u0430\u043d\u0438\u044f-1.jpg\" alt=\"\" data-id=\"2135\" data-link=\"http:\/\/tcf.gdu.edu.az\/?attachment_id=2135#main\" class=\"wp-image-2135\" srcset=\"http:\/\/tcf.gdu.edu.az\/wp-content\/uploads\/2020\/06\/\u0411\u0435\u0437-\u043d\u0430\u0437\u0432\u0430\u043d\u0438\u044f-1.jpg 312w, http:\/\/tcf.gdu.edu.az\/wp-content\/uploads\/2020\/06\/\u0411\u0435\u0437-\u043d\u0430\u0437\u0432\u0430\u043d\u0438\u044f-1-300x156.jpg 300w\" sizes=\"auto, (max-width: 312px) 100vw, 312px\" \/><\/figure><\/li><\/ul>\n\n\n\n<p>1918-ci ilin 28 may tarixind\u0259 Az\u0259rbaycan Demokratik Respublikas\u0131 elan\nolunanda Az\u0259rbaycanda milli ordu yox idi. Az\u0259rbaycan Demokratik Respublikas\u0131\nh\u00f6kum\u0259tinin q\u0259rar\u0131 il\u0259 1918-ci il iyunun 26-da ilk h\u0259rbi hiss\u0259 &#8211; \u0259lahidd\u0259\nkorpus yarand\u0131. Bu q\u0259rar \u015e\u0259rqin m\u00fcs\u0259lman al\u0259mind\u0259 ilk demokratik h\u00f6kum\u0259tin \u00f6z\nordusunu yaratmas\u0131na h\u00fcquqi \u0259sas verdi. Bunun ard\u0131nca \u00f6lk\u0259d\u0259 h\u0259rbi\nm\u00fck\u0259ll\u0259fiyy\u0259t &#8211; orduya \u00e7a\u011f\u0131r\u0131\u015f haqq\u0131nda h\u00f6kum\u0259t t\u0259r\u0259find\u0259n f\u0259rman verildi. Az\nbir vaxt \u0259rzind\u0259 Az\u0259rbaycanda milli ordu quruculu\u011funda \u0259sasl\u0131 n\u0259tic\u0259l\u0259r \u0259ld\u0259\nolundu.<\/p>\n\n\n\n<p>Xalq\u0131m\u0131z\u0131n \u00fcmummilli lideri Heyd\u0259r \u018fliyevin &nbsp;1998-ci il 22 may\ntarixind\u0259 imzalad\u0131\u011f\u0131 f\u0259rmanla 1918-ci ild\u0259 &#8211; Az\u0259rbaycan Demokratik Respublikas\u0131\nd\u00f6vr\u00fcnd\u0259 general S\u0259m\u0259d b\u0259y Mehmandarovun r\u0259hb\u0259rliyi il\u0259 ilk \u0259lahidd\u0259 Az\u0259rbaycan\nkorpusunun yarad\u0131ld\u0131\u011f\u0131 g\u00fcn &#8211; 26 iyun Az\u0259rbaycan Respublikas\u0131n\u0131n Silahl\u0131\nQ\u00fcvv\u0259l\u0259r G\u00fcn\u00fc elan edildi. \u00dcmummilli lider Heyd\u0259r \u018fliyev bu f\u0259rman\u0131 il\u0259 tarixi\nh\u0259qiq\u0259tin v\u0259 Milli Ordu quruculu\u011funda varislik \u0259n\u0259n\u0259l\u0259rinin b\u0259rpas\u0131\nistiqam\u0259tind\u0259 \u00e7ox g\u0259r\u0259kli bir add\u0131m atd\u0131.<\/p>\n\n\n\n<p>Haz\u0131rda Az\u0259rbaycan Ordusu C\u0259nubi Qafqazda \u0259n g\u00fccl\u00fc v\u0259 haz\u0131rl\u0131ql\u0131 ordu hesab\nolunur.<\/p>\n\n\n\n<p>Az\u0259rbaycan Respublikas\u0131n\u0131n\nPrezidenti, Silahl\u0131 Q\u00fcvv\u0259l\u0259rin Ali Ba\u015f Komandan\u0131 c\u0259nab \u0130lham \u018fliyev Silahl\u0131\nQ\u00fcvv\u0259l\u0259rin yarad\u0131lmas\u0131n\u0131n 95 illiyi m\u00fcnasib\u0259til\u0259 Bak\u0131n\u0131n Azadl\u0131q Meydan\u0131nda\nke\u00e7iril\u0259n h\u0259rbi paradda \u00e7\u0131x\u0131\u015f\u0131 zaman\u0131 bildirmi\u015fdir: \u201cM\u0259n h\u0259mi\u015f\u0259 deyir\u0259m ki,\ng\u00fccl\u00fc d\u00f6vl\u0259tin g\u00fccl\u00fc ordusu olmal\u0131d\u0131r. Az\u0259rbaycan Ordusu n\u0259inki b\u00f6lg\u0259d\u0259,\nd\u00fcnyada h\u0259m h\u0259rbi potensial\u0131na, h\u0259m d\u00f6y\u00fc\u015f qabiliyy\u0259tin\u0259, h\u0259m d\u0259 t\u0259chizat\u0131na\ng\u00f6r\u0259 g\u00fccl\u00fc ordular s\u0131ras\u0131ndad\u0131r. Ordumuz ist\u0259nil\u0259n v\u0259zif\u0259ni h\u0259ll etm\u0259y\u0259\nhaz\u0131rd\u0131r, buna qadirdir!\u201d<\/p>\n\n\n\n<p>Cari ilin aprel hadis\u0259l\u0259ri\nAz\u0259rbaycan Ordusunun q\u00fcdr\u0259tini bir daha s\u00fcbut etdi. 2016-c\u0131 ilin 2 aprel\ntarixind\u0259 c\u0259bh\u0259yan\u0131 \u0259razil\u0259rd\u0259 m\u0259skunla\u015fan m\u00fclki \u0259hali h\u0259d\u0259f\u0259 al\u0131naraq\nErm\u0259nistan t\u0259r\u0259find\u0259n Az\u0259rbaycan Silahl\u0131 Q\u00fcvv\u0259l\u0259rinin qo\u015funlar\u0131n t\u0259mas x\u0259ttind\u0259\nm\u00f6vqel\u0259ri a\u011f\u0131r silahlardan intensiv at\u0259\u015f\u0259 m\u0259ruz qald\u0131. Erm\u0259nistan\nt\u0259xribatlar\u0131n\u0131n dayand\u0131r\u0131lmas\u0131 v\u0259 t\u0259cav\u00fczkar f\u0259aliyy\u0259tinin qar\u015f\u0131s\u0131n\u0131n al\u0131nmas\u0131\nm\u0259qs\u0259dil\u0259 Az\u0259rbaycan ordusu laz\u0131mi add\u0131mlar atd\u0131. H\u0259min hadis\u0259l\u0259r zaman\u0131 erm\u0259ni\nsilahl\u0131 birl\u0259\u015fm\u0259l\u0259rinin t\u0259xribat\u0131n\u0131n qar\u015f\u0131s\u0131n\u0131 layiqinc\u0259 alan Az\u0259rbaycan\nSilahl\u0131 Q\u00fcvv\u0259l\u0259ri uzun ill\u0259r d\u00fc\u015fm\u0259n tapda\u011f\u0131 alt\u0131nda olan \u0259razil\u0259rimizin bir\nhiss\u0259sini i\u015f\u011faldan azad etdi. Az\u0259rbaycan Respublikas\u0131n\u0131n Prezidenti c\u0259nab \u0130lham\n\u018fliyevin bildirdiyi kimi, aprel d\u00f6y\u00fc\u015fl\u0259ri tarixd\u0259 Az\u0259rbaycan\u0131n b\u00f6y\u00fck h\u0259rbi\nq\u0259l\u0259b\u0259si kimi qalacaqd\u0131r, Az\u0259rbaycan g\u00fccl\u00fc d\u00f6vl\u0259tdir v\u0259 onun g\u00fccl\u00fc ordusu var.<\/p>\n","protected":false},"excerpt":{"rendered":"<p>1918-ci ilin 28 may tarixind\u0259 Az\u0259rbaycan Demokratik Respublikas\u0131 elan olunanda Az\u0259rbaycanda milli ordu yox idi. Az\u0259rbaycan Demokratik Respublikas\u0131 h\u00f6kum\u0259tinin q\u0259rar\u0131 il\u0259 1918-ci il iyunun 26-da ilk h\u0259rbi hiss\u0259 &#8211; \u0259lahidd\u0259 korpus yarand\u0131. Bu q\u0259rar \u015e\u0259rqin m\u00fcs\u0259lman al\u0259mind\u0259 ilk demokratik h\u00f6kum\u0259tin \u00f6z ordusunu yaratmas\u0131na h\u00fcquqi \u0259sas verdi. Bunun ard\u0131nca \u00f6lk\u0259d\u0259 h\u0259rbi m\u00fck\u0259ll\u0259fiyy\u0259t &#8211; orduya \u00e7a\u011f\u0131r\u0131\u015f haqq\u0131nda [&hellip;]<\/p>\n","protected":false},"author":5,"featured_media":0,"comment_status":"closed","ping_status":"open","sticky":false,"template":"","format":"standard","meta":{"footnotes":""},"categories":[3],"tags":[],"class_list":["post-2134","post","type-post","status-publish","format-standard","hentry","category-xbrlr"],"_links":{"self":[{"href":"http:\/\/tcf.gdu.edu.az\/index.php?rest_route=\/wp\/v2\/posts\/2134","targetHints":{"allow":["GET"]}}],"collection":[{"href":"http:\/\/tcf.gdu.edu.az\/index.php?rest_route=\/wp\/v2\/posts"}],"about":[{"href":"http:\/\/tcf.gdu.edu.az\/index.php?rest_route=\/wp\/v2\/types\/post"}],"author":[{"embeddable":true,"href":"http:\/\/tcf.gdu.edu.az\/index.php?rest_route=\/wp\/v2\/users\/5"}],"replies":[{"embeddable":true,"href":"http:\/\/tcf.gdu.edu.az\/index.php?rest_route=%2Fwp%2Fv2%2Fcomments&post=2134"}],"version-history":[{"count":1,"href":"http:\/\/tcf.gdu.edu.az\/index.php?rest_route=\/wp\/v2\/posts\/2134\/revisions"}],"predecessor-version":[{"id":2136,"href":"http:\/\/tcf.gdu.edu.az\/index.php?rest_route=\/wp\/v2\/posts\/2134\/revisions\/2136"}],"wp:attachment":[{"href":"http:\/\/tcf.gdu.edu.az\/index.php?rest_route=%2Fwp%2Fv2%2Fmedia&parent=2134"}],"wp:term":[{"taxonomy":"category","embeddable":true,"href":"http:\/\/tcf.gdu.edu.az\/index.php?rest_route=%2Fwp%2Fv2%2Fcategories&post=2134"},{"taxonomy":"post_tag","embeddable":true,"href":"http:\/\/tcf.gdu.edu.az\/index.php?rest_route=%2Fwp%2Fv2%2Ftags&post=2134"}],"curies":[{"name":"wp","href":"https:\/\/api.w.org\/{rel}","templated":true}]}}