{"id":2150,"date":"2020-11-17T17:34:08","date_gmt":"2020-11-17T15:34:08","guid":{"rendered":"http:\/\/tcf.gdu.edu.az\/?p=2150"},"modified":"2020-11-17T17:34:09","modified_gmt":"2020-11-17T15:34:09","slug":"17-noyabr-milli-dirc%c9%99lis-gunu-2","status":"publish","type":"post","link":"http:\/\/tcf.gdu.edu.az\/?p=2150","title":{"rendered":"17 noyabr Milli Dir\u00e7\u0259li\u015f g\u00fcn\u00fc"},"content":{"rendered":"\n<ul class=\"wp-block-gallery columns-1 is-cropped wp-block-gallery-1 is-layout-flex wp-block-gallery-is-layout-flex\"><li class=\"blocks-gallery-item\"><figure><img loading=\"lazy\" decoding=\"async\" width=\"318\" height=\"159\" src=\"http:\/\/tcf.gdu.edu.az\/wp-content\/uploads\/2020\/11\/\u0411\u0435\u0437-\u043d\u0430\u0437\u0432\u0430\u043d\u0438\u044f.jpg\" alt=\"\" data-id=\"2151\" data-link=\"http:\/\/tcf.gdu.edu.az\/?attachment_id=2151#main\" class=\"wp-image-2151\" srcset=\"http:\/\/tcf.gdu.edu.az\/wp-content\/uploads\/2020\/11\/\u0411\u0435\u0437-\u043d\u0430\u0437\u0432\u0430\u043d\u0438\u044f.jpg 318w, http:\/\/tcf.gdu.edu.az\/wp-content\/uploads\/2020\/11\/\u0411\u0435\u0437-\u043d\u0430\u0437\u0432\u0430\u043d\u0438\u044f-300x150.jpg 300w, http:\/\/tcf.gdu.edu.az\/wp-content\/uploads\/2020\/11\/\u0411\u0435\u0437-\u043d\u0430\u0437\u0432\u0430\u043d\u0438\u044f-240x120.jpg 240w\" sizes=\"auto, (max-width: 318px) 100vw, 318px\" \/><\/figure><\/li><\/ul>\n\n\n\n<p>&nbsp;&nbsp;&nbsp;&nbsp;&nbsp;&nbsp;&nbsp;&nbsp;&nbsp;&nbsp;&nbsp;&nbsp;&nbsp; 17 noyabr d\u00f6vl\u0259timiz v\u0259&nbsp;xalq\u0131m\u0131z t\u0259r\u0259find\u0259n &#8220;Milli Dir\u00e7\u0259li\u015f&nbsp;G\u00fcn\u00fc&#8221; kimi bayram edilir. 1988-ci il\nnoyabr\u0131n 17-d\u0259&nbsp;xalq Bak\u0131&nbsp;\u015f\u0259h\u0259rind\u0259&nbsp;Azadl\u0131q meydan\u0131na\nax\u0131\u015fmaqla 70 il Az\u0259rbaycan\u0131 m\u00fcst\u0259ml\u0259k\u0259 \u0259sar\u0259tind\u0259&nbsp;saxlayan Sovet imperiyas\u0131na qar\u015f\u0131 ilk k\u00fctl\u0259vi\netiraz s\u0259sini qald\u0131rd\u0131. Az\u0259rbaycan\u0131n ke\u00e7mi\u015f&nbsp;Da\u011fl\u0131q Qaraba\u011f&nbsp;Muxtar Vilay\u0259tind\u0259&nbsp;ba\u015flam\u0131\u015f&nbsp;erm\u0259ni separatizmini v\u0259&nbsp;terrorunu d\u0259st\u0259kl\u0259y\u0259n, erm\u0259nil\u0259rin Az\u0259rbaycana qar\u015f\u0131\ntorpaq iddialar\u0131na r\u0259vac\nver\u0259n, Az\u0259rbaycan xalq\u0131n\u0131n h\u00fcquq v\u0259&nbsp;m\u0259nafel\u0259rini qorumayan bir rejim\u0259&nbsp;qar\u015f\u0131 k\u00fctl\u0259vi xalq h\u0259r\u0259kat\u0131 m\u0259hz 17 noyabrda ba\u015fland\u0131. H\u0259min g\u00fcn Az\u0259rbaycan\nxalq\u0131 bir yumruq kimi s\u0131x birl\u0259\u015f\u0259r\u0259k b\u00fct\u00fcn d\u00fcnyaya s\u00fcbut etdi ki, o, azad\nolma\u011fa layiq xalqd\u0131r.<br>\nXX&nbsp;\u0259srin 80-ci ill\u0259rinin ortalar\u0131ndan etibar\u0259n ke\u00e7mi\u015f&nbsp;SSR\u0130-d\u0259&nbsp;ba\u015f&nbsp;ver\u0259n ictimai-siyasi prosesl\u0259r n\u0259tic\u0259sind\u0259&nbsp;Az\u0259rbaycan\u0131n m\u00fcst\u0259qillik\nqazanmas\u0131 \u00fc\u00e7\u00fcn geni\u015f&nbsp;imkanlar yaranm\u0131\u015fd\u0131. Erm\u0259nistanda v\u0259&nbsp;Da\u011fl\u0131q Qaraba\u011fda az\u0259ri t\u00fcrkl\u0259rin\u0259&nbsp;qar\u015f\u0131 y\u00f6n\u0259ldilmi\u015f&nbsp;soyq\u0131r\u0131m\u0131 Sovet ordusu t\u0259r\u0259find\u0259n d\u0259st\u0259kl\u0259nirdi.<br>\nT\u0259p\u0259d\u0259n-d\u0131rna\u011fad\u0259k silahlanm\u0131\u015f&nbsp;erm\u0259ni quldurlar\u0131&nbsp;\u0259liyal\u0131n, dinc&nbsp;\u0259halini m\u00fcdhi\u015f&nbsp;bir amans\u0131zl\u0131qla q\u0259tl\u0259&nbsp;yetirirdil\u0259r.\nQani\u00e7\u0259n v\u0259h\u015fil\u0259r he\u00e7 kim\u0259: qocalara, k\u00f6rp\u0259l\u0259r\u0259&nbsp;h\u0259tta hamil\u0259&nbsp;qad\u0131nlara bel\u0259&nbsp;aman vermirdil\u0259r.<\/p>\n\n\n\n<p>&nbsp;&nbsp;&nbsp;&nbsp;&nbsp;&nbsp;&nbsp;&nbsp;&nbsp;&nbsp;&nbsp; V\u0259zif\u0259&nbsp;kreslosunu qoruyub saxlamaq namin\u0259&nbsp;Moskva qar\u015f\u0131s\u0131nda yaltaqlanan v\u0259&nbsp;acizlik g\u00f6st\u0259r\u0259n o zamank\u0131 kommunist r\u0259hb\u0259rliyi xalq\u0131n v\u0259&nbsp;v\u0259t\u0259nin h\u0259qiqi m\u0259nafeyi ke\u015fiyind\u0259&nbsp;dura bilmirdi.<\/p>\n\n\n\n<p>&nbsp;&nbsp;&nbsp;&nbsp;&nbsp;&nbsp;&nbsp;&nbsp;&nbsp;&nbsp; B\u00fct\u00fcn bu&nbsp;\u0259dal\u0259tsizlikl\u0259rl\u0259&nbsp;v\u0259 \u0259razi b\u00fct\u00f6vl\u00fcy\u00fcn\u0259&nbsp;edil\u0259n q\u0259sdl\u0259rl\u0259&nbsp;raz\u0131la\u015fmayan Az\u0259rbaycan xalq\u0131 17 noyabrda aya\u011fa qalxd\u0131.H\u0259min g\u00fcnl\u0259rd\u0259&nbsp;&#8220;Meydan h\u0259r\u0259kat\u0131&#8221; ad\u0131n\u0131 alm\u0131\u015f&nbsp;bu h\u0259r\u0259katla Sovet m\u00fcst\u0259ml\u0259k\u0259&nbsp;rejimi&nbsp;\u015f\u0259raitind\u0259&nbsp;repressiyalara m\u0259ruz\nqalm\u0131\u015f&nbsp;milli&nbsp;\u015f\u00fcur yenid\u0259n oyand\u0131, \u00f6z\u00fcn\u00fcd\u0259rk\u0259&nbsp;do\u011fru bir d\u00f6n\u00fc\u015f&nbsp;ba\u015fland\u0131.<\/p>\n\n\n\n<p>&nbsp;&nbsp;&nbsp;&nbsp;&nbsp;&nbsp;&nbsp;&nbsp; Xalq h\u0259r\u0259kat\u0131 t\u0259kc\u0259&nbsp;Bak\u0131da deyil,\nNax\u00e7\u0131van, G\u0259nc\u0259&nbsp;v\u0259&nbsp;L\u0259nk\u0259randa da k\u00fctl\u0259vi xarakter ald\u0131.<\/p>\n\n\n\n<p>Respublikam\u0131z\u0131n b\u00fct\u00fcn&nbsp;\u015f\u0259h\u0259r v\u0259&nbsp;rayonlar\u0131n\u0131 b\u00fcr\u00fcm\u00fc\u015f&nbsp;q\u00fcdr\u0259tli\nxalq h\u0259r\u0259kat\u0131 kommunist\nrejimini Az\u0259rbaycandan s\u00fcp\u00fcr\u00fcb\natmaq t\u0259hl\u00fck\u0259si yaratm\u0131\u015fd\u0131. Xalq h\u0259r\u0259kat\u0131\nb\u00fct\u00fcn&nbsp;\u0259z\u0259m\u0259ti il\u0259&nbsp;g\u00f6z qaba\u011f\u0131nda idi.<\/p>\n\n\n\n<p>&nbsp;&nbsp;&nbsp;&nbsp;&nbsp;&nbsp; Bundan\nqorxuya d\u00fc\u015f\u0259n imperiya ba\u015f\u00e7\u0131lar\u0131 noyabr\u0131n 24-d\u0259n 25-n\u0259&nbsp;ke\u00e7\u0259n gec\u0259&nbsp;Bak\u0131ya qo\u015fun yeritdil\u0259r.<\/p>\n\n\n\n<p>&nbsp;&nbsp;&nbsp;&nbsp;&nbsp;&nbsp; Komendant saat\u0131 t\u0259tbiq olundu. Lakin xalq geri \u00e7\u0259kilm\u0259di. Sovet rejimind\u0259n\nErm\u0259nistanda v\u0259&nbsp;Da\u011fl\u0131q Qaraba\u011fda\nerm\u0259ni separat\u00e7\u0131l\u0131\u011f\u0131na v\u0259&nbsp;terrorizmin\u0259&nbsp;son qoymaq, Az\u0259rbaycan\u0131n&nbsp;\u0259razi b\u00fct\u00f6vl\u00fcy\u00fcn\u00fc t\u0259min etm\u0259k, s\u0259rv\u0259tl\u0259rimizin talan edilm\u0259sini dayand\u0131rmaq kimi t\u0259l\u0259bl\u0259rl\u0259&nbsp;ba\u015flam\u0131\u015f&nbsp;&#8220;Meydan h\u0259r\u0259kat\u0131&#8221; tezlikl\u0259&nbsp;Az\u0259rbaycan\u0131n m\u00fcst\u0259qilliyin\u0259&nbsp;\u00e7a\u011f\u0131ran&nbsp;\u015f\u00fcarlara\nke\u00e7di. Meydanda Az\u0259rbaycan Xalq C\u00fcmhuriyy\u0259tinin \u00fc\u00e7r\u0259ngli, ay-ulduzlu bayraqlar\u0131 dal\u011faland\u0131.<br>\nLakin q\u00fcvv\u0259l\u0259r h\u0259l\u0259&nbsp;qeyri-b\u0259rab\u0259r idi.&nbsp;\u0130mperiya\ndaxild\u0259n laxlasa da, h\u0259rbi iqtidardan d\u00fc\u015fm\u0259mi\u015fdi.<\/p>\n\n\n\n<p>&nbsp;&nbsp;&nbsp;&nbsp;&nbsp;&nbsp;&nbsp;\nQ\u00fcvv\u0259l\u0259ri g\u0259l\u0259c\u0259k azadl\u0131q m\u00fcbariz\u0259si \u00fc\u00e7\u00fcn qoruyub saxlamaq laz\u0131m g\u0259lirdi. Dekabr\u0131n 4-d\u0259n 5-n\u0259&nbsp;ke\u00e7\u0259n gec\u0259&nbsp;Sovet ordusu &#8220;Meydan h\u0259r\u0259kat\u0131&#8221;n\u0131 yat\u0131rma\u011fa nail oldu. Minl\u0259rl\u0259&nbsp;azadl\u0131qsev\u0259r insanlar h\u0259bs edil\u0259r\u0259k zindanlara sal\u0131nd\u0131. Lakin xalq\u0131n m\u00fcbariz\u0259 \u0259zmini q\u0131rmaq m\u00fcmk\u00fcn deyildi. Az\u0259rbaycan\u0131n m\u00fcst\u0259qilliyin\u0259&nbsp;do\u011fru uzanan yol 17 noyabrdan &#8211; Azadl\u0131q meydan\u0131ndan ba\u015flan\u0131rd\u0131. Az sonra tarix \u00f6z s\u00f6z\u00fcn\u00fc dedi.\n\n&nbsp;&nbsp;&nbsp;&nbsp;&nbsp;&nbsp;&nbsp;&nbsp;\nAz\u0259rbaycan yenid\u0259n \u00f6z m\u00fcst\u0259qilliyin\u0259&nbsp;qovu\u015fdu. 17 noyabr is\u0259&nbsp;xalq\u0131n milli-azadl\u0131q h\u0259r\u0259kat\u0131n\u0131n ba\u015flan\u011f\u0131c g\u00fcn\u00fc &#8211; Milli Dir\u00e7\u0259li\u015f&nbsp;G\u00fcn\u00fc kimi qeyd olunma\u011fa ba\u015flad\u0131.\n\n\n\n<\/p>\n","protected":false},"excerpt":{"rendered":"<p>&nbsp;&nbsp;&nbsp;&nbsp;&nbsp;&nbsp;&nbsp;&nbsp;&nbsp;&nbsp;&nbsp;&nbsp;&nbsp; 17 noyabr d\u00f6vl\u0259timiz v\u0259&nbsp;xalq\u0131m\u0131z t\u0259r\u0259find\u0259n &#8220;Milli Dir\u00e7\u0259li\u015f&nbsp;G\u00fcn\u00fc&#8221; kimi bayram edilir. 1988-ci il noyabr\u0131n 17-d\u0259&nbsp;xalq Bak\u0131&nbsp;\u015f\u0259h\u0259rind\u0259&nbsp;Azadl\u0131q meydan\u0131na ax\u0131\u015fmaqla 70 il Az\u0259rbaycan\u0131 m\u00fcst\u0259ml\u0259k\u0259 \u0259sar\u0259tind\u0259&nbsp;saxlayan Sovet imperiyas\u0131na qar\u015f\u0131 ilk k\u00fctl\u0259vi etiraz s\u0259sini qald\u0131rd\u0131. Az\u0259rbaycan\u0131n ke\u00e7mi\u015f&nbsp;Da\u011fl\u0131q Qaraba\u011f&nbsp;Muxtar Vilay\u0259tind\u0259&nbsp;ba\u015flam\u0131\u015f&nbsp;erm\u0259ni separatizmini v\u0259&nbsp;terrorunu d\u0259st\u0259kl\u0259y\u0259n, erm\u0259nil\u0259rin Az\u0259rbaycana qar\u015f\u0131 torpaq iddialar\u0131na r\u0259vac ver\u0259n, Az\u0259rbaycan xalq\u0131n\u0131n h\u00fcquq v\u0259&nbsp;m\u0259nafel\u0259rini qorumayan bir rejim\u0259&nbsp;qar\u015f\u0131 k\u00fctl\u0259vi xalq h\u0259r\u0259kat\u0131 [&hellip;]<\/p>\n","protected":false},"author":5,"featured_media":0,"comment_status":"closed","ping_status":"open","sticky":false,"template":"","format":"standard","meta":{"footnotes":""},"categories":[1],"tags":[],"class_list":["post-2150","post","type-post","status-publish","format-standard","hentry","category-sas"],"_links":{"self":[{"href":"http:\/\/tcf.gdu.edu.az\/index.php?rest_route=\/wp\/v2\/posts\/2150","targetHints":{"allow":["GET"]}}],"collection":[{"href":"http:\/\/tcf.gdu.edu.az\/index.php?rest_route=\/wp\/v2\/posts"}],"about":[{"href":"http:\/\/tcf.gdu.edu.az\/index.php?rest_route=\/wp\/v2\/types\/post"}],"author":[{"embeddable":true,"href":"http:\/\/tcf.gdu.edu.az\/index.php?rest_route=\/wp\/v2\/users\/5"}],"replies":[{"embeddable":true,"href":"http:\/\/tcf.gdu.edu.az\/index.php?rest_route=%2Fwp%2Fv2%2Fcomments&post=2150"}],"version-history":[{"count":2,"href":"http:\/\/tcf.gdu.edu.az\/index.php?rest_route=\/wp\/v2\/posts\/2150\/revisions"}],"predecessor-version":[{"id":2153,"href":"http:\/\/tcf.gdu.edu.az\/index.php?rest_route=\/wp\/v2\/posts\/2150\/revisions\/2153"}],"wp:attachment":[{"href":"http:\/\/tcf.gdu.edu.az\/index.php?rest_route=%2Fwp%2Fv2%2Fmedia&parent=2150"}],"wp:term":[{"taxonomy":"category","embeddable":true,"href":"http:\/\/tcf.gdu.edu.az\/index.php?rest_route=%2Fwp%2Fv2%2Fcategories&post=2150"},{"taxonomy":"post_tag","embeddable":true,"href":"http:\/\/tcf.gdu.edu.az\/index.php?rest_route=%2Fwp%2Fv2%2Ftags&post=2150"}],"curies":[{"name":"wp","href":"https:\/\/api.w.org\/{rel}","templated":true}]}}