{"id":2194,"date":"2021-02-26T04:58:43","date_gmt":"2021-02-26T02:58:43","guid":{"rendered":"http:\/\/tcf.gdu.edu.az\/?p=2194"},"modified":"2021-02-26T04:58:45","modified_gmt":"2021-02-26T02:58:45","slug":"xocali-soyqirimi-sagalmayan-yaramiz","status":"publish","type":"post","link":"http:\/\/tcf.gdu.edu.az\/?p=2194","title":{"rendered":"\u201cXocal\u0131 soyq\u0131r\u0131m\u0131- sa\u011falmayan yaram\u0131z\u201d"},"content":{"rendered":"\n<ul class=\"wp-block-gallery columns-3 wp-block-gallery-1 is-layout-flex wp-block-gallery-is-layout-flex\"><li class=\"blocks-gallery-item\"><figure><img loading=\"lazy\" decoding=\"async\" width=\"461\" height=\"1000\" src=\"http:\/\/tcf.gdu.edu.az\/wp-content\/uploads\/2021\/02\/IMG-20210223-WA0012.jpg\" alt=\"\" data-id=\"2195\" data-link=\"http:\/\/tcf.gdu.edu.az\/?attachment_id=2195#main\" class=\"wp-image-2195\" srcset=\"http:\/\/tcf.gdu.edu.az\/wp-content\/uploads\/2021\/02\/IMG-20210223-WA0012.jpg 461w, http:\/\/tcf.gdu.edu.az\/wp-content\/uploads\/2021\/02\/IMG-20210223-WA0012-138x300.jpg 138w\" sizes=\"auto, (max-width: 461px) 100vw, 461px\" \/><\/figure><\/li><li class=\"blocks-gallery-item\"><figure><img loading=\"lazy\" decoding=\"async\" width=\"461\" height=\"1000\" src=\"http:\/\/tcf.gdu.edu.az\/wp-content\/uploads\/2021\/02\/IMG-20210223-WA0025.jpg\" alt=\"\" data-id=\"2196\" data-link=\"http:\/\/tcf.gdu.edu.az\/?attachment_id=2196#main\" class=\"wp-image-2196\" srcset=\"http:\/\/tcf.gdu.edu.az\/wp-content\/uploads\/2021\/02\/IMG-20210223-WA0025.jpg 461w, http:\/\/tcf.gdu.edu.az\/wp-content\/uploads\/2021\/02\/IMG-20210223-WA0025-138x300.jpg 138w\" sizes=\"auto, (max-width: 461px) 100vw, 461px\" \/><\/figure><\/li><li class=\"blocks-gallery-item\"><figure><img loading=\"lazy\" decoding=\"async\" width=\"461\" height=\"1000\" src=\"http:\/\/tcf.gdu.edu.az\/wp-content\/uploads\/2021\/02\/IMG-20210223-WA0017.jpg\" alt=\"\" data-id=\"2198\" data-link=\"http:\/\/tcf.gdu.edu.az\/?attachment_id=2198#main\" class=\"wp-image-2198\" srcset=\"http:\/\/tcf.gdu.edu.az\/wp-content\/uploads\/2021\/02\/IMG-20210223-WA0017.jpg 461w, http:\/\/tcf.gdu.edu.az\/wp-content\/uploads\/2021\/02\/IMG-20210223-WA0017-138x300.jpg 138w\" sizes=\"auto, (max-width: 461px) 100vw, 461px\" \/><\/figure><\/li><li class=\"blocks-gallery-item\"><figure><img loading=\"lazy\" decoding=\"async\" width=\"461\" height=\"1000\" src=\"http:\/\/tcf.gdu.edu.az\/wp-content\/uploads\/2021\/02\/IMG-20210223-WA0014.jpg\" alt=\"\" data-id=\"2199\" data-link=\"http:\/\/tcf.gdu.edu.az\/?attachment_id=2199#main\" class=\"wp-image-2199\" srcset=\"http:\/\/tcf.gdu.edu.az\/wp-content\/uploads\/2021\/02\/IMG-20210223-WA0014.jpg 461w, http:\/\/tcf.gdu.edu.az\/wp-content\/uploads\/2021\/02\/IMG-20210223-WA0014-138x300.jpg 138w\" sizes=\"auto, (max-width: 461px) 100vw, 461px\" \/><\/figure><\/li><li class=\"blocks-gallery-item\"><figure><img loading=\"lazy\" decoding=\"async\" width=\"461\" height=\"1000\" src=\"http:\/\/tcf.gdu.edu.az\/wp-content\/uploads\/2021\/02\/IMG-20210223-WA0024.jpg\" alt=\"\" data-id=\"2201\" data-link=\"http:\/\/tcf.gdu.edu.az\/?attachment_id=2201#main\" class=\"wp-image-2201\" srcset=\"http:\/\/tcf.gdu.edu.az\/wp-content\/uploads\/2021\/02\/IMG-20210223-WA0024.jpg 461w, http:\/\/tcf.gdu.edu.az\/wp-content\/uploads\/2021\/02\/IMG-20210223-WA0024-138x300.jpg 138w\" sizes=\"auto, (max-width: 461px) 100vw, 461px\" \/><\/figure><\/li><\/ul>\n\n\n\n<p style=\"text-align:center\">23 fevral 2021- ci ild\u0259 Tarix-Co\u011frafiya fakult\u0259sinin\nprofessor-m\u00fc\u0259llim hey\u0259ti v\u0259 t\u0259l\u0259b\u0259l\u0259rinin i\u015ftirak\u0131 il\u0259 Xocal\u0131 soyq\u0131r\u0131m\u0131n\u0131n\n29-cu ild\u00f6n\u00fcm\u00fcn\u0259 h\u0259sr edilmi\u015f <strong>\u201cXocal\u0131\nsoyq\u0131r\u0131m\u0131- sa\u011falmayan yaram\u0131z\u201d<\/strong> adl\u0131 onlayn elmi-praktiki konfrasns\nke\u00e7irilmi\u015fdir. Az\u0259rbaycan tarixi kafedras\u0131n\u0131n dosenti Cavid Ba\u011f\u0131rzad\u0259 a\u00e7\u0131l\u0131\u015f\nnitqind\u0259 Xocal\u0131 soyq\u0131r\u0131m\u0131n\u0131n t\u00f6r\u0259dilm\u0259si il\u0259 ba\u011fl\u0131 tarixi faktlardan b\u0259hs ed\u0259r\u0259k,\nsoyq\u0131r\u0131m\u0131n h\u0259yata ke\u00e7irilm\u0259sind\u0259 366-c\u0131 motoat\u0131c\u0131 alay\u0131n\u0131n, rus zabit v\u0259 \u0259sg\u0259rl\u0259rinin\nrolundan dan\u0131\u015fd\u0131. T\u0259dird\u0259 G\u0259nc\u0259 D\u00f6vl\u0259t Universitetinin Humanitar m\u0259s\u0259l\u0259l\u0259r \u00fczr\u0259\nprorektoru dosent G\u00fcls\u00fcm F\u0259t\u0259liyeva Soyq\u0131r\u0131m\u0131n a\u011fr\u0131-ac\u0131lar\u0131 haqq\u0131nda fikirl\u0259rini\ndil\u0259 g\u0259tirdi. Onlayn konfransda Az\u0259rbaycan tarixi kafedras\u0131n\u0131n ba\u015f m\u00fc\u0259llimi\nEldar Mehdiyev &nbsp;\u201cXocal\u0131 soyq\u0131r\u0131m\u0131 \u0259r\u0259f\u0259si\nv\u0259 d\u00f6vr\u00fcnd\u0259 respublikada ictimai-siyasi v\u0259ziyy\u0259t\u201d&nbsp; m\u00f6vzusunda, \u00dcmumi tasrix kafedras\u0131n\u0131n ba\u015f m\u00fc\u0259llimi,\ntarix \u00fczr\u0259 f\u0259ls\u0259f\u0259 doktoru N\u0259rgiz R\u0259sulova&nbsp;\n\u201cXocal\u0131 &nbsp;soyq\u0131r\u0131m\u0131n d\u0259h\u015f\u0259tl\u0259ri\u201d\nm\u00f6vzusunda, Az\u0259rbaycan tarixi kafedras\u0131n\u0131n ba\u015f m\u00fc\u0259llimi T\u00fcnzal\u0259 Cahangirova &nbsp;\u201cXocal\u0131 soyq\u0131r\u0131m\u0131 \u00fcmumib\u0259\u015f\u0259ri cinay\u0259tdir\u201d\nm\u00f6vzusunda, Tarix v\u0259 Co\u011frafiya m\u00fc\u0259llimliyi ixtisas\u0131n\u0131n I kurs t\u0259l\u0259b\u0259si Xalid\u0259&nbsp; Quliyeva \u201cXocal\u0131n\u0131n milli q\u0259hr\u0259manlar\u0131\u201d\nm\u00f6vzusunda \u00e7\u0131x\u0131\u015f etdil\u0259r.<\/p>\n","protected":false},"excerpt":{"rendered":"<p>23 fevral 2021- ci ild\u0259 Tarix-Co\u011frafiya fakult\u0259sinin professor-m\u00fc\u0259llim hey\u0259ti v\u0259 t\u0259l\u0259b\u0259l\u0259rinin i\u015ftirak\u0131 il\u0259 Xocal\u0131 soyq\u0131r\u0131m\u0131n\u0131n 29-cu ild\u00f6n\u00fcm\u00fcn\u0259 h\u0259sr edilmi\u015f \u201cXocal\u0131 soyq\u0131r\u0131m\u0131- sa\u011falmayan yaram\u0131z\u201d adl\u0131 onlayn elmi-praktiki konfrasns ke\u00e7irilmi\u015fdir. Az\u0259rbaycan tarixi kafedras\u0131n\u0131n dosenti Cavid Ba\u011f\u0131rzad\u0259 a\u00e7\u0131l\u0131\u015f nitqind\u0259 Xocal\u0131 soyq\u0131r\u0131m\u0131n\u0131n t\u00f6r\u0259dilm\u0259si il\u0259 ba\u011fl\u0131 tarixi faktlardan b\u0259hs ed\u0259r\u0259k, soyq\u0131r\u0131m\u0131n h\u0259yata ke\u00e7irilm\u0259sind\u0259 366-c\u0131 motoat\u0131c\u0131 alay\u0131n\u0131n, rus zabit v\u0259 \u0259sg\u0259rl\u0259rinin [&hellip;]<\/p>\n","protected":false},"author":5,"featured_media":0,"comment_status":"closed","ping_status":"open","sticky":false,"template":"","format":"standard","meta":{"footnotes":""},"categories":[1],"tags":[],"class_list":["post-2194","post","type-post","status-publish","format-standard","hentry","category-sas"],"_links":{"self":[{"href":"http:\/\/tcf.gdu.edu.az\/index.php?rest_route=\/wp\/v2\/posts\/2194","targetHints":{"allow":["GET"]}}],"collection":[{"href":"http:\/\/tcf.gdu.edu.az\/index.php?rest_route=\/wp\/v2\/posts"}],"about":[{"href":"http:\/\/tcf.gdu.edu.az\/index.php?rest_route=\/wp\/v2\/types\/post"}],"author":[{"embeddable":true,"href":"http:\/\/tcf.gdu.edu.az\/index.php?rest_route=\/wp\/v2\/users\/5"}],"replies":[{"embeddable":true,"href":"http:\/\/tcf.gdu.edu.az\/index.php?rest_route=%2Fwp%2Fv2%2Fcomments&post=2194"}],"version-history":[{"count":2,"href":"http:\/\/tcf.gdu.edu.az\/index.php?rest_route=\/wp\/v2\/posts\/2194\/revisions"}],"predecessor-version":[{"id":2203,"href":"http:\/\/tcf.gdu.edu.az\/index.php?rest_route=\/wp\/v2\/posts\/2194\/revisions\/2203"}],"wp:attachment":[{"href":"http:\/\/tcf.gdu.edu.az\/index.php?rest_route=%2Fwp%2Fv2%2Fmedia&parent=2194"}],"wp:term":[{"taxonomy":"category","embeddable":true,"href":"http:\/\/tcf.gdu.edu.az\/index.php?rest_route=%2Fwp%2Fv2%2Fcategories&post=2194"},{"taxonomy":"post_tag","embeddable":true,"href":"http:\/\/tcf.gdu.edu.az\/index.php?rest_route=%2Fwp%2Fv2%2Ftags&post=2194"}],"curies":[{"name":"wp","href":"https:\/\/api.w.org\/{rel}","templated":true}]}}