{"id":2207,"date":"2021-03-03T08:03:21","date_gmt":"2021-03-03T06:03:21","guid":{"rendered":"http:\/\/tcf.gdu.edu.az\/?p=2207"},"modified":"2021-03-03T08:03:23","modified_gmt":"2021-03-03T06:03:23","slug":"44-gunluk-v%c9%99t%c9%99n-muharib%c9%99si-tarix-cografiya-fakult%c9%99sinin-s%c9%99hidl%c9%99ri","status":"publish","type":"post","link":"http:\/\/tcf.gdu.edu.az\/?p=2207","title":{"rendered":"44 g\u00fcnl\u00fck V\u0259t\u0259n m\u00fcharib\u0259si \u2013 Tarix-Co\u011frafiya fak\u00fclt\u0259sinin  \u015f\u0259hidl\u0259ri"},"content":{"rendered":"\n<ul class=\"wp-block-gallery columns-1 is-cropped wp-block-gallery-1 is-layout-flex wp-block-gallery-is-layout-flex\"><li class=\"blocks-gallery-item\"><figure><img loading=\"lazy\" decoding=\"async\" width=\"1024\" height=\"768\" src=\"http:\/\/tcf.gdu.edu.az\/wp-content\/uploads\/2021\/03\/IMG-20210301-WA0001-1-1024x768.jpg\" alt=\"\" data-id=\"2208\" data-link=\"http:\/\/tcf.gdu.edu.az\/?attachment_id=2208#main\" class=\"wp-image-2208\" srcset=\"http:\/\/tcf.gdu.edu.az\/wp-content\/uploads\/2021\/03\/IMG-20210301-WA0001-1-1024x768.jpg 1024w, http:\/\/tcf.gdu.edu.az\/wp-content\/uploads\/2021\/03\/IMG-20210301-WA0001-1-300x225.jpg 300w, http:\/\/tcf.gdu.edu.az\/wp-content\/uploads\/2021\/03\/IMG-20210301-WA0001-1-768x576.jpg 768w, http:\/\/tcf.gdu.edu.az\/wp-content\/uploads\/2021\/03\/IMG-20210301-WA0001-1-960x720.jpg 960w, http:\/\/tcf.gdu.edu.az\/wp-content\/uploads\/2021\/03\/IMG-20210301-WA0001-1-480x360.jpg 480w, http:\/\/tcf.gdu.edu.az\/wp-content\/uploads\/2021\/03\/IMG-20210301-WA0001-1-320x240.jpg 320w, http:\/\/tcf.gdu.edu.az\/wp-content\/uploads\/2021\/03\/IMG-20210301-WA0001-1-240x180.jpg 240w, http:\/\/tcf.gdu.edu.az\/wp-content\/uploads\/2021\/03\/IMG-20210301-WA0001-1.jpg 1032w\" sizes=\"auto, (max-width: 1024px) 100vw, 1024px\" \/><\/figure><\/li><\/ul>\n\n\n\n<p>2020-ci ilin&nbsp;27 sentyabr\u0131nda Erm\u0259nistan\nsilahl\u0131 q\u00fcvv\u0259l\u0259rinin s\u0259h\u0259r tezd\u0259n Az\u0259rbaycan\u0131n ya\u015fay\u0131\u015f m\u0259nt\u0259q\u0259l\u0259rini v\u0259 d\u00f6y\u00fc\u015f\nm\u00f6vqel\u0259rini \u015fidd\u0259tli at\u0259\u015f\u0259 tutmas\u0131na cavab olaraq Az\u0259rbaycan \u00f6z\u00fcn\u00fcm\u00fcdafi\u0259\nh\u00fcququ \u00e7\u0259r\u00e7iv\u0259sind\u0259&nbsp;<strong>\u0130kinci Qaraba\u011f M\u00fcharib\u0259sin\u0259<\/strong>&nbsp;-V\u0259t\u0259n\nm\u00fcharib\u0259sin\u0259&nbsp;ba\u015flamaq m\u0259cburiyy\u0259tind\u0259 qald\u0131.<\/p>\n\n\n\n<p>\u201cQaraba\u011f Az\u0259rbaycand\u0131r v\u0259 nida\u201d ifad\u0259si q\u0259l\u0259b\u0259mizin\nr\u0259mzin\u0259 \u00e7evrildi<strong>.&nbsp;<\/strong>44 g\u00fcn: sentyabr\u0131n\n27-d\u0259n noyabr\u0131n 10-d\u0259k davam&nbsp;etmi\u015f&nbsp;V\u0259t\u0259n m\u00fcharib\u0259sind\u0259&nbsp;Az\u0259rbaycan\nOrdusu Prezident, \u0130lham \u018fliyevin r\u0259hb\u0259rliyi,&nbsp;qarda\u015f T\u00fcrkiy\u0259nin\nciddi&nbsp;siyasi-m\u0259n\u0259vi d\u0259st\u0259yi&nbsp;il\u0259&nbsp;Qaraba\u011f\u0131n i\u015f\u011faldan azad edilm\u0259si\nistiqam\u0259tind\u0259 m\u00f6c\u00fcz\u0259vi n\u0259tic\u0259l\u0259r \u0259ld\u0259 etdi,&nbsp;tarixi q\u0259l\u0259b\u0259l\u0259r\nqazand\u0131.&nbsp;V\u0259t\u0259n m\u00fcharib\u0259si-&nbsp;<strong>\u0130kinci Qaraba\u011f M\u00fcharib\u0259si<\/strong>&nbsp;Az\u0259rbaycan\nMilli Ordusunun&nbsp;tarixi&nbsp;Z\u0259f\u0259ri il\u0259 ba\u015fa \u00e7atd\u0131,&nbsp;30 il davam ed\u0259n\ni\u015f\u011fala son qoyuldu.<\/p>\n\n\n\n<p><strong>\u0130kinci Qaraba\u011f\nM\u00fcharib\u0259sind\u0259&nbsp;<\/strong>\u0259v\u0259zsiz\nitkil\u0259rimiz d\u0259 oldu. V\u0259t\u0259nin azadl\u0131\u011f\u0131 namin\u0259 bir an bel\u0259 t\u0259r\u0259dd\u00fcd etm\u0259d\u0259n \u00f6z h\u0259yat\u0131n\u0131\nqurban vermi\u015f \u015f\u0259hidl\u0259rin i\u00e7\u0259risind\u0259&nbsp;Tarix-Co\u011frafiya fak\u00fct\u0259sinin t\u0259l\u0259b\u0259l\u0259ri:\nkapitan C\u0259bray\u0131lov Elnur Tofiq o\u011flu, &nbsp;leytenant N\u0259ciyev Xalid Qabil o\u011flu, &nbsp;M\u0259mm\u0259dov R\u0259\u015fad F\u0259r\u0259m\u0259z o\u011flu, Abbasov \u0130sa Faiq o\u011flu olmu\u015fdur.&nbsp;Onlar bu g\u00fcn f\u0259xr etdiyimiz v\u0259 b\u00fct\u00fcn g\u0259l\u0259c\u0259k n\u0259sill\u0259rin\nf\u0259xr ed\u0259c\u0259yi Q\u0259l\u0259b\u0259 tariximizi \u00f6z qanlar\u0131 il\u0259 yazd\u0131lar.&nbsp;\u201cV\u0259t\u0259n sa\u011f\nolsun\u201d.<\/p>\n\n\n\n<p><strong>\u0130kinci Qaraba\u011f\nM\u00fcharib\u0259sind\u0259<\/strong>&nbsp;can\u0131n\u0131\nqurban verib, \u015f\u0259hidlik zirv\u0259sin\u0259 y\u00fcks\u0259l\u0259n&nbsp;: kapitan C\u0259bray\u0131lov Elnur Tofiq o\u011flu, &nbsp;leytenant N\u0259ciyev Xalid Qabil o\u011flu, &nbsp;M\u0259mm\u0259dov R\u0259\u015fad F\u0259r\u0259m\u0259z o\u011flu, Abbasov \u0130sa Faiq o\u011flu &nbsp;bizim h\u0259m nisgilimiz, h\u0259m d\u0259&nbsp;q\u00fcrur m\u0259nb\u0259yimizdir.&nbsp;<strong>Onlar<\/strong>&nbsp;bizim aram\u0131zda olmasalar da, \u00fcr\u0259kl\u0259rimizd\u0259\nh\u0259r zaman ya\u015fayacaqlar.<\/p>\n\n\n\n<p>Allah\nv\u0259t\u0259n u\u011frunda can\u0131ndan ke\u00e7\u0259n b\u00fct\u00fcn \u015f\u0259hidl\u0259rimiz\u0259 r\u0259hm\u0259t el\u0259sin!<\/p>\n\n\n\n<p>Qaraba\u011f&nbsp;Az\u0259rbaycand\u0131r!<\/p>\n","protected":false},"excerpt":{"rendered":"<p>2020-ci ilin&nbsp;27 sentyabr\u0131nda Erm\u0259nistan silahl\u0131 q\u00fcvv\u0259l\u0259rinin s\u0259h\u0259r tezd\u0259n Az\u0259rbaycan\u0131n ya\u015fay\u0131\u015f m\u0259nt\u0259q\u0259l\u0259rini v\u0259 d\u00f6y\u00fc\u015f m\u00f6vqel\u0259rini \u015fidd\u0259tli at\u0259\u015f\u0259 tutmas\u0131na cavab olaraq Az\u0259rbaycan \u00f6z\u00fcn\u00fcm\u00fcdafi\u0259 h\u00fcququ \u00e7\u0259r\u00e7iv\u0259sind\u0259&nbsp;\u0130kinci Qaraba\u011f M\u00fcharib\u0259sin\u0259&nbsp;-V\u0259t\u0259n m\u00fcharib\u0259sin\u0259&nbsp;ba\u015flamaq m\u0259cburiyy\u0259tind\u0259 qald\u0131. \u201cQaraba\u011f Az\u0259rbaycand\u0131r v\u0259 nida\u201d ifad\u0259si q\u0259l\u0259b\u0259mizin r\u0259mzin\u0259 \u00e7evrildi.&nbsp;44 g\u00fcn: sentyabr\u0131n 27-d\u0259n noyabr\u0131n 10-d\u0259k davam&nbsp;etmi\u015f&nbsp;V\u0259t\u0259n m\u00fcharib\u0259sind\u0259&nbsp;Az\u0259rbaycan Ordusu Prezident, \u0130lham \u018fliyevin r\u0259hb\u0259rliyi,&nbsp;qarda\u015f T\u00fcrkiy\u0259nin ciddi&nbsp;siyasi-m\u0259n\u0259vi d\u0259st\u0259yi&nbsp;il\u0259&nbsp;Qaraba\u011f\u0131n i\u015f\u011faldan azad edilm\u0259si istiqam\u0259tind\u0259 [&hellip;]<\/p>\n","protected":false},"author":5,"featured_media":0,"comment_status":"closed","ping_status":"open","sticky":false,"template":"","format":"standard","meta":{"footnotes":""},"categories":[1],"tags":[],"class_list":["post-2207","post","type-post","status-publish","format-standard","hentry","category-sas"],"_links":{"self":[{"href":"http:\/\/tcf.gdu.edu.az\/index.php?rest_route=\/wp\/v2\/posts\/2207","targetHints":{"allow":["GET"]}}],"collection":[{"href":"http:\/\/tcf.gdu.edu.az\/index.php?rest_route=\/wp\/v2\/posts"}],"about":[{"href":"http:\/\/tcf.gdu.edu.az\/index.php?rest_route=\/wp\/v2\/types\/post"}],"author":[{"embeddable":true,"href":"http:\/\/tcf.gdu.edu.az\/index.php?rest_route=\/wp\/v2\/users\/5"}],"replies":[{"embeddable":true,"href":"http:\/\/tcf.gdu.edu.az\/index.php?rest_route=%2Fwp%2Fv2%2Fcomments&post=2207"}],"version-history":[{"count":1,"href":"http:\/\/tcf.gdu.edu.az\/index.php?rest_route=\/wp\/v2\/posts\/2207\/revisions"}],"predecessor-version":[{"id":2209,"href":"http:\/\/tcf.gdu.edu.az\/index.php?rest_route=\/wp\/v2\/posts\/2207\/revisions\/2209"}],"wp:attachment":[{"href":"http:\/\/tcf.gdu.edu.az\/index.php?rest_route=%2Fwp%2Fv2%2Fmedia&parent=2207"}],"wp:term":[{"taxonomy":"category","embeddable":true,"href":"http:\/\/tcf.gdu.edu.az\/index.php?rest_route=%2Fwp%2Fv2%2Fcategories&post=2207"},{"taxonomy":"post_tag","embeddable":true,"href":"http:\/\/tcf.gdu.edu.az\/index.php?rest_route=%2Fwp%2Fv2%2Ftags&post=2207"}],"curies":[{"name":"wp","href":"https:\/\/api.w.org\/{rel}","templated":true}]}}