{"id":2215,"date":"2021-03-20T15:24:48","date_gmt":"2021-03-20T13:24:48","guid":{"rendered":"http:\/\/tcf.gdu.edu.az\/?p=2215"},"modified":"2021-03-20T15:24:50","modified_gmt":"2021-03-20T13:24:50","slug":"novruz-bayraminiz-mubar%c9%99k","status":"publish","type":"post","link":"http:\/\/tcf.gdu.edu.az\/?p=2215","title":{"rendered":"Novruz Bayram\u0131n\u0131z M\u00dcBAR\u018fK"},"content":{"rendered":"\n<ul class=\"wp-block-gallery columns-1 is-cropped wp-block-gallery-1 is-layout-flex wp-block-gallery-is-layout-flex\"><li class=\"blocks-gallery-item\"><figure><img loading=\"lazy\" decoding=\"async\" width=\"259\" height=\"194\" src=\"http:\/\/tcf.gdu.edu.az\/wp-content\/uploads\/2021\/03\/\u0411\u0435\u0437-\u043d\u0430\u0437\u0432\u0430\u043d\u0438\u044f-1.jpg\" alt=\"\" data-id=\"2216\" data-link=\"http:\/\/tcf.gdu.edu.az\/?attachment_id=2216#main\" class=\"wp-image-2216\" srcset=\"http:\/\/tcf.gdu.edu.az\/wp-content\/uploads\/2021\/03\/\u0411\u0435\u0437-\u043d\u0430\u0437\u0432\u0430\u043d\u0438\u044f-1.jpg 259w, http:\/\/tcf.gdu.edu.az\/wp-content\/uploads\/2021\/03\/\u0411\u0435\u0437-\u043d\u0430\u0437\u0432\u0430\u043d\u0438\u044f-1-240x180.jpg 240w\" sizes=\"auto, (max-width: 259px) 100vw, 259px\" \/><\/figure><\/li><\/ul>\n\n\n\n<p>Sizi ham\u0131m\u0131z\u0131n\nsevimli Novruz bayram\u0131 m\u00fcnasib\u0259til\u0259 \u00fcr\u0259kd\u0259n t\u0259brik edir, h\u0259r biriniz\u0259\ncansa\u011fl\u0131\u011f\u0131, s\u0259ad\u0259t v\u0259 u\u011furlar arzulay\u0131ram.<\/p>\n\n\n\n<p>Xalq\u0131m\u0131z min\nill\u0259r \u0259rzind\u0259 t\u0259\u015f\u0259kk\u00fcl tapm\u0131\u015f \u0259n\u0259n\u0259l\u0259r\u0259 sadiq qalaraq h\u0259r il Novruz g\u00fcn\u00fcn\u00fc\nt\u0259nt\u0259n\u0259 il\u0259 bayram edir. T\u0259bi\u0259tl\u0259 insan\u0131n sars\u0131lmaz v\u0259hd\u0259tin\u0259 dair q\u0259dim\nt\u0259s\u0259vv\u00fcrl\u0259ri \u0259ks etdir\u0259n Novruz bayram\u0131 insanlar\u0131m\u0131z\u0131n yadda\u015f\u0131na \u0259b\u0259di h\u0259kk\nolunmu\u015fdur. Ulu \u0259cdadlar\u0131m\u0131z\u0131n indiki n\u0259sill\u0259r\u0259 misilsiz \u0259rm\u0259\u011fan\u0131 olan Novruz\nad\u0259t-\u0259n\u0259n\u0259l\u0259rinin g\u00fcn\u00fcm\u00fcz\u0259d\u0259k layiqinc\u0259 ya\u015fad\u0131lmas\u0131 Az\u0259rbaycan xalq\u0131n\u0131n\n\u00e7ox\u0259srlik tariximiz qar\u015f\u0131s\u0131nda m\u00fcst\u0259sna xidm\u0259tidir.<\/p>\n\n\n\n<p>Y\u00fcks\u0259k\nm\u0259n\u0259viyyat x\u0259zin\u0259si say\u0131lan Bahar bayram\u0131 milli-m\u0259d\u0259ni s\u0259rv\u0259tl\u0259rimizin\nz\u0259nginliyini dol\u011fun ifad\u0259 edir. O, b\u00f6y\u00fck m\u0259n\u0259vi g\u00fcc\u0259 malik olub, insanlar\naras\u0131nda qar\u015f\u0131l\u0131ql\u0131 dostluq, s\u0259mimiyy\u0259t, qay\u011f\u0131ke\u015flik v\u0259 qarda\u015fl\u0131q duy\u011fular\u0131n\u0131\ng\u00fccl\u0259ndirir, c\u0259miyy\u0259td\u0259 \u0259min-amanl\u0131\u011f\u0131n v\u0259 xo\u015f m\u00fcnasib\u0259tl\u0259rin b\u0259rq\u0259rar olmas\u0131na\nz\u0259min yarad\u0131r. S\u00fcr\u0259tl\u0259 d\u0259yi\u015f\u0259n d\u00fcnyam\u0131zda qloballa\u015fma prosesl\u0259rinin geni\u015f v\u00fcs\u0259t\nald\u0131\u011f\u0131 bir zamanda Novruz bayram\u0131 da\u015f\u0131d\u0131\u011f\u0131 b\u00fct\u00fcn m\u0259na v\u0259 r\u0259mzl\u0259ri il\u0259\nxalq\u0131m\u0131z\u0131n tarixi-m\u0259d\u0259ni irs\u0259 son d\u0259r\u0259c\u0259 ba\u011fl\u0131 oldu\u011funu parlaq n\u00fcmayi\u015f etdirir.\n<\/p>\n\n\n\n<p>Ham\u0131n\u0131za bahar\nt\u0259rav\u0259tli bayram \u0259hval-ruhiyy\u0259si arzu edir\u0259m.<\/p>\n\n\n\n<p>Novruz bayram\u0131n\u0131z m\u00fcbar\u0259k olsun! &nbsp;<\/p>\n","protected":false},"excerpt":{"rendered":"<p>Sizi ham\u0131m\u0131z\u0131n sevimli Novruz bayram\u0131 m\u00fcnasib\u0259til\u0259 \u00fcr\u0259kd\u0259n t\u0259brik edir, h\u0259r biriniz\u0259 cansa\u011fl\u0131\u011f\u0131, s\u0259ad\u0259t v\u0259 u\u011furlar arzulay\u0131ram. Xalq\u0131m\u0131z min ill\u0259r \u0259rzind\u0259 t\u0259\u015f\u0259kk\u00fcl tapm\u0131\u015f \u0259n\u0259n\u0259l\u0259r\u0259 sadiq qalaraq h\u0259r il Novruz g\u00fcn\u00fcn\u00fc t\u0259nt\u0259n\u0259 il\u0259 bayram edir. T\u0259bi\u0259tl\u0259 insan\u0131n sars\u0131lmaz v\u0259hd\u0259tin\u0259 dair q\u0259dim t\u0259s\u0259vv\u00fcrl\u0259ri \u0259ks etdir\u0259n Novruz bayram\u0131 insanlar\u0131m\u0131z\u0131n yadda\u015f\u0131na \u0259b\u0259di h\u0259kk olunmu\u015fdur. Ulu \u0259cdadlar\u0131m\u0131z\u0131n indiki n\u0259sill\u0259r\u0259 misilsiz \u0259rm\u0259\u011fan\u0131 [&hellip;]<\/p>\n","protected":false},"author":5,"featured_media":0,"comment_status":"closed","ping_status":"open","sticky":false,"template":"","format":"standard","meta":{"footnotes":""},"categories":[1],"tags":[],"class_list":["post-2215","post","type-post","status-publish","format-standard","hentry","category-sas"],"_links":{"self":[{"href":"http:\/\/tcf.gdu.edu.az\/index.php?rest_route=\/wp\/v2\/posts\/2215","targetHints":{"allow":["GET"]}}],"collection":[{"href":"http:\/\/tcf.gdu.edu.az\/index.php?rest_route=\/wp\/v2\/posts"}],"about":[{"href":"http:\/\/tcf.gdu.edu.az\/index.php?rest_route=\/wp\/v2\/types\/post"}],"author":[{"embeddable":true,"href":"http:\/\/tcf.gdu.edu.az\/index.php?rest_route=\/wp\/v2\/users\/5"}],"replies":[{"embeddable":true,"href":"http:\/\/tcf.gdu.edu.az\/index.php?rest_route=%2Fwp%2Fv2%2Fcomments&post=2215"}],"version-history":[{"count":2,"href":"http:\/\/tcf.gdu.edu.az\/index.php?rest_route=\/wp\/v2\/posts\/2215\/revisions"}],"predecessor-version":[{"id":2218,"href":"http:\/\/tcf.gdu.edu.az\/index.php?rest_route=\/wp\/v2\/posts\/2215\/revisions\/2218"}],"wp:attachment":[{"href":"http:\/\/tcf.gdu.edu.az\/index.php?rest_route=%2Fwp%2Fv2%2Fmedia&parent=2215"}],"wp:term":[{"taxonomy":"category","embeddable":true,"href":"http:\/\/tcf.gdu.edu.az\/index.php?rest_route=%2Fwp%2Fv2%2Fcategories&post=2215"},{"taxonomy":"post_tag","embeddable":true,"href":"http:\/\/tcf.gdu.edu.az\/index.php?rest_route=%2Fwp%2Fv2%2Ftags&post=2215"}],"curies":[{"name":"wp","href":"https:\/\/api.w.org\/{rel}","templated":true}]}}