{"id":2221,"date":"2021-03-24T12:40:28","date_gmt":"2021-03-24T10:40:28","guid":{"rendered":"http:\/\/tcf.gdu.edu.az\/?p=2221"},"modified":"2021-03-25T11:41:50","modified_gmt":"2021-03-25T09:41:50","slug":"44-gunluk-v%c9%99t%c9%99n-muharib%c9%99si-tarix-cografiya-fakult%c9%99sinin-t%c9%99l%c9%99b%c9%99l%c9%99rid%c9%99-istirak-etmisdir","status":"publish","type":"post","link":"http:\/\/tcf.gdu.edu.az\/?p=2221","title":{"rendered":"V\u018fT\u018fN M\u00dcHAR\u0130B\u018fS\u0130ND\u018f  TAR\u0130X-CO\u011eRAF\u0130YA FAK\u00dcLT\u018fS\u0130N\u0130N T\u018fL\u018fB\u018fL\u018fR\u0130 D\u018f \u0130\u015eT\u0130RAK ETM\u0130\u015eD\u0130R."},"content":{"rendered":"\n<ul class=\"wp-block-gallery columns-4 is-cropped wp-block-gallery-1 is-layout-flex wp-block-gallery-is-layout-flex\"><li class=\"blocks-gallery-item\"><figure><img loading=\"lazy\" decoding=\"async\" width=\"576\" height=\"1024\" src=\"http:\/\/tcf.gdu.edu.az\/wp-content\/uploads\/2021\/03\/IMG-20210310-WA0001-576x1024.jpg\" alt=\"\" data-id=\"2222\" data-link=\"http:\/\/tcf.gdu.edu.az\/?attachment_id=2222#main\" class=\"wp-image-2222\" srcset=\"http:\/\/tcf.gdu.edu.az\/wp-content\/uploads\/2021\/03\/IMG-20210310-WA0001.jpg 576w, http:\/\/tcf.gdu.edu.az\/wp-content\/uploads\/2021\/03\/IMG-20210310-WA0001-169x300.jpg 169w\" sizes=\"auto, (max-width: 576px) 100vw, 576px\" \/><\/figure><\/li><li class=\"blocks-gallery-item\"><figure><img loading=\"lazy\" decoding=\"async\" width=\"768\" height=\"1024\" src=\"http:\/\/tcf.gdu.edu.az\/wp-content\/uploads\/2021\/03\/IMG-20210310-WA0000-768x1024.jpg\" alt=\"\" data-id=\"2223\" data-link=\"http:\/\/tcf.gdu.edu.az\/?attachment_id=2223#main\" class=\"wp-image-2223\" srcset=\"http:\/\/tcf.gdu.edu.az\/wp-content\/uploads\/2021\/03\/IMG-20210310-WA0000-768x1024.jpg 768w, http:\/\/tcf.gdu.edu.az\/wp-content\/uploads\/2021\/03\/IMG-20210310-WA0000-225x300.jpg 225w, http:\/\/tcf.gdu.edu.az\/wp-content\/uploads\/2021\/03\/IMG-20210310-WA0000.jpg 886w\" sizes=\"auto, (max-width: 768px) 100vw, 768px\" \/><\/figure><\/li><li class=\"blocks-gallery-item\"><figure><img loading=\"lazy\" decoding=\"async\" width=\"516\" height=\"1024\" src=\"http:\/\/tcf.gdu.edu.az\/wp-content\/uploads\/2021\/03\/IMG-20210310-WA0003-516x1024.jpg\" alt=\"\" data-id=\"2224\" data-link=\"http:\/\/tcf.gdu.edu.az\/?attachment_id=2224#main\" class=\"wp-image-2224\" srcset=\"http:\/\/tcf.gdu.edu.az\/wp-content\/uploads\/2021\/03\/IMG-20210310-WA0003-516x1024.jpg 516w, http:\/\/tcf.gdu.edu.az\/wp-content\/uploads\/2021\/03\/IMG-20210310-WA0003-151x300.jpg 151w, http:\/\/tcf.gdu.edu.az\/wp-content\/uploads\/2021\/03\/IMG-20210310-WA0003.jpg 645w\" sizes=\"auto, (max-width: 516px) 100vw, 516px\" \/><\/figure><\/li><li class=\"blocks-gallery-item\"><figure><img loading=\"lazy\" decoding=\"async\" width=\"720\" height=\"725\" src=\"http:\/\/tcf.gdu.edu.az\/wp-content\/uploads\/2021\/03\/IMG-20210319-WA0003.jpg\" alt=\"\" data-id=\"2225\" data-link=\"http:\/\/tcf.gdu.edu.az\/?attachment_id=2225#main\" class=\"wp-image-2225\" srcset=\"http:\/\/tcf.gdu.edu.az\/wp-content\/uploads\/2021\/03\/IMG-20210319-WA0003.jpg 720w, http:\/\/tcf.gdu.edu.az\/wp-content\/uploads\/2021\/03\/IMG-20210319-WA0003-150x150.jpg 150w, http:\/\/tcf.gdu.edu.az\/wp-content\/uploads\/2021\/03\/IMG-20210319-WA0003-298x300.jpg 298w\" sizes=\"auto, (max-width: 720px) 100vw, 720px\" \/><\/figure><\/li><\/ul>\n\n\n\n<p>G\u0259nc\u0259 D\u00f6vl\u0259t Universitetinin Tarix-Co\u011frafiya fak\u00fclt\u0259sinin\nt\u0259l\u0259b\u0259l\u0259rind\u0259n d\u00f6rd n\u0259f\u0259ri V\u0259t\u0259n m\u00fcharib\u0259sind\u0259 i\u015ftirak etmi\u015fdir. Onlardan biri\nd\u0259 Tarix m\u00fc\u0259llimliyi ixtisas\u0131n\u0131n III kurs t\u0259l\u0259b\u0259si Zeynalov Tural Maarif\no\u011fludur. Zeynalov Tural Maarif o\u011flu k\u00f6n\u00fcll\u00fc olaraq d\u00f6y\u00fc\u015fl\u0259rd\u0259 i\u015ftirak etm\u0259k\n\u00fc\u00e7\u00fcn m\u00fcraci\u0259t etmi\u015f v\u0259 o, 20 oktyabr 2020-ci ild\u0259 c\u0259bh\u0259y\u0259 g\u00f6nd\u0259rilmi\u015fdir. Tural\nZeynalov V\u0259t\u0259n m\u00fcharib\u0259sind\u0259 Qubadl\u0131 v\u0259 La\u00e7\u0131n d\u00f6y\u00fc\u015fl\u0259rind\u0259 i\u015ftirak etmi\u015fdir. 10\nnoyabr 2020-ci il tarixli \u00fc\u00e7t\u0259r\u0259fli imzalanm\u0131\u015f B\u0259yanata uy\u011fun olaraq dekabr\u0131n\n1-d\u0259 La\u00e7\u0131n\u0131n t\u0259hvil al\u0131nmas\u0131nda i\u015ftirak etmi\u015f N sayl\u0131 h\u0259rbi hiss\u0259nin \u0259sg\u0259ri\nkimi d\u0259 i\u015ftirak etmi\u015fdir. Tural Zeynalov Ali Ba\u015f Komandan\u0131n \u0259mrin\u0259 \u0259sas\u0259n 31\ndekabr 2020-ci ild\u0259 ehtiyata burax\u0131lm\u0131\u015fd\u0131r.<\/p>\n\n\n\n<p>Tural Maarif o\u011flu Zeynalov \u0259sl\u0259n K\u0259lb\u0259c\u0259r rayonunun Xallanl\u0131 k\u0259ndind\u0259ndir. Onun valideynl\u0259ri 1993-c\u00fc ild\u0259 do\u011fma yurdlar\u0131ndan m\u0259cburi k\u00f6\u00e7k\u00fcn olmu\u015f, B\u0259rd\u0259 rayonunda m\u0259skunla\u015fm\u0131\u015flar. Tural 1996-c\u0131 il dekabr\u0131n 3-d\u0259 burada anadan olmu\u015fdur.  Tural Zeynalov 2003-c\u00fc ild\u0259 B\u0259rd\u0259 rayonunda yerl\u0259\u015f\u0259n K\u0259lb\u0259c\u0259r rayonu 101 sayl\u0131 tam orta m\u0259kt\u0259bin birinci sinifin\u0259 getmi\u015f, 2014-c\u00fc ild\u0259 h\u0259min m\u0259kt\u0259bi bitirmi\u015fdir. 2015-ci il yanvar ay\u0131nda h\u0259rbi xidm\u0259t\u0259 ged\u0259n Tural Zeynalov 2016-c\u0131 ilin iyul ay\u0131nda h\u0259qiqi h\u0259rbi xidm\u0259td\u0259n t\u0259rxis edilmi\u015fdir. H\u0259rbi xidm\u0259td\u0259 oldu\u011fu d\u00f6vrd\u0259, 2016-c\u0131 \u00a0ilin Aprel d\u00f6y\u00fc\u015fl\u0259ri zaman\u0131 onun xidm\u0259t etdiyi h\u0259rbi hiss\u0259 d\u00f6y\u00fc\u015f tap\u015f\u0131r\u0131\u011f\u0131n\u0131 yerin\u0259 yetirm\u0259k \u00fc\u00e7\u00fcn c\u0259bh\u0259 x\u0259ttin\u0259, T\u0259rt\u0259r rayonun g\u00f6nd\u0259rilmi\u015fdir. Tural Zeynalov 2018-ci ild\u0259 G\u0259nc\u0259 D\u00f6vl\u0259t Universitetinin\u00a0 Tarix m\u00fc\u0259llimliyi ixtisas\u0131na q\u0259bul olmu\u015fdur. Hal-haz\u0131rda Tarix m\u00fc\u0259llimliyi ixtisas\u0131n\u0131n \u00fc\u00e7\u00fcnc\u00fc kurs t\u0259l\u0259b\u0259sidir. <\/p>\n\n\n\n<p>V\u0259t\u0259n m\u00fcharib\u0259sind\u0259 Murovda\u011f silsil\u0259sind\u0259 v\u0259 K\u0259lb\u0259c\u0259r\nistiqam\u0259tind\u0259 d\u00f6y\u00fc\u015fl\u0259rd\u0259 i\u015ftirak etmi\u015f Taleh Ya\u015far o\u011flu Verdiyev\nTarix-Co\u011frafiya fak\u00fclt\u0259sinin Co\u011frafiya m\u00fc\u0259llimliyi ixtisas\u0131n\u0131n IV kurs t\u0259l\u0259b\u0259sidir.\nTaleh Verdiyev 1987-ci ild\u0259 yanvar\u0131n 1-d\u0259 Rusiya Federasiyas\u0131n\u0131n \u00c7elyabinsk\nvilay\u0259ti Uisk rayonunda anadan olmu\u015fdur. Talehin atas\u0131 Ya\u015far Verdiyev Birinci\nQaraba\u011f m\u00fcharib\u0259sind\u0259 i\u015ftirak etmi\u015fdir. Taleh Verdiyev 1994-c\u00fc ild\u0259 g\u00f6yg\u00f6l\nrayonu \u018f.M\u0259mm\u0259dov ad\u0131na \u00dc\u00e7t\u0259p\u0259 k\u0259nd tam orta m\u0259kt\u0259binin&nbsp; birinci sinifin\u0259 getmi\u015f, 2005-ci ild\u0259 G\u00f6yg\u00f6l\nrayonu O.Cabbarov ad\u0131na Firuzabad q\u0259s\u0259b\u0259 tam orta m\u0259kt\u0259bininin 11-ci sinifini\nbitirmi\u015fdir. 2005-ci ild\u0259 Az\u0259rbaycan Texnologiya Universitetinin Biznes v\u0259\nbiznesin idar\u0259 edilm\u0259si ixtisas\u0131na q\u0259bul olmu\u015f, 2009-cu ild\u0259 h\u0259min ixtisas\u0131\nbitirmi\u015fdir. 2009-2010-cu ill\u0259rd\u0259 h\u0259qiqi h\u0259rbi xidm\u0259td\u0259 olmu\u015fdur. 2017-ci ild\u0259\nG\u0259nc\u0259 D\u00f6vl\u0259t Universitetinin Co\u011frafiya m\u00fc\u0259llimliyi ixtisas\u0131na q\u0259bul olmu\u015fdur.\n21 sentyabr 2020-ci ild\u0259 s\u0259f\u0259rb\u0259rliy\u0259 \u00e7a\u011fr\u0131lm\u0131\u015f, 27 sentyabr 2020-ci ild\u0259\nba\u015flanan V\u0259t\u0259n m\u00fcharib\u0259sind\u0259 i\u015ftirak etmi\u015fdir.<\/p>\n\n\n\n<p>V\u0259t\u0259n m\u00fcharib\u0259sind\u0259 q\u0259hr\u0259mancas\u0131na d\u00f6y\u00fc\u015fm\u00fc\u015f q\u0259hr\u0259manlar\u0131m\u0131zdan\nbiri d\u0259 Tarix-Co\u011frafiya fak\u00fclt\u0259sinin Tarix m\u00fc\u0259llimliyi ixtisas\u0131 II kurs t\u0259l\u0259b\u0259si\nAz\u0259r \u015eahbaz o\u011flu Kaz\u0131mzad\u0259dir. Az\u0259r Kaz\u0131mzad\u0259 1996-c\u0131 il aprelin 2-d\u0259 G\u0259nc\u0259 \u015f\u0259h\u0259rind\u0259\nanadan olmu\u015fdur.2002-ci ild\u0259 Goranboy rayonu \u015e\u0131xlar k\u0259nd m\u0259kt\u0259binin birinci\nsinifin\u0259 getmi\u015f, 2006-c\u0131 il\u0259 kimi h\u0259min m\u0259kt\u0259bd\u0259 oxumu\u015fdur. 2006-c\u0131 ild\u0259\nGoranboy rayonu K\u0259l\u0259k k\u0259ndi Qafqaz M\u0259mm\u0259dov ad\u0131na tam orta m\u0259kt\u0259binin be\u015finci\nsinifin\u0259 getmi\u015f, 2013-c\u00fc ild\u0259 h\u0259min m\u0259kt\u0259bi bitirmi\u015fdir. 2014-c\u00fc ilin aprel\nay\u0131ndan 2015-ci ilin oktyabr ay\u0131na kimi h\u0259qiqi h\u0259rbi xidm\u0259td\u0259 olmu\u015fdur. 2019-cu\nild\u0259 G\u0259nc\u0259 D\u00f6vl\u0259t Universitetinin Tarix m\u00fc\u0259llimliyi ixtisas\u0131na q\u0259bul olmu\u015fdur.\n2020-ci il 29 sentyabrdan V\u0259t\u0259n m\u00fcharib\u0259sind\u0259 i\u015ftirak etmi\u015f, T\u0259rt\u0259r-A\u011fd\u0259r\u0259 b\u00f6lg\u0259sind\u0259\nd\u00f6y\u00fc\u015f\u00fcm\u00fc\u015fd\u00fcr. 2020-ci il dekabr\u0131n 8-d\u0259 t\u0259rrxis edilmi\u015fdir.<\/p>\n\n\n\n<p>\u0130sayev Valeh Mehrac o\u011flu 1999-cu ild\u0259 A\u011fda\u015f rayonun D\u0259hn\u0259 k\u0259ndind\u0259 anadan olub. 2020-ci ild\u0259 G\u0259nc\u0259 D\u00f6vl\u0259t Universitetinin Tarix-Co\u011frafiya fak\u00fclt\u0259sinin Tarix v\u0259 co\u011frafiya m\u00fc\u0259llimliyi ixtisas\u0131na q\u0259bul olsada, lakin V\u0259t\u0259n m\u00fcharib\u0259sinin ba\u015flanmas\u0131 il\u0259 \u0259laq\u0259dar olaraq  k\u00f6n\u00fcll\u00fc d\u00f6y\u00fc\u015fl\u0259r\u0259 qat\u0131lm\u0131\u015f birinci kurs t\u0259l\u0259b\u0259si \u0130sayev Valeh Mehrac o\u011flu d\u00f6y\u00fc\u015fl\u0259r\u0259 getm\u0259mi\u015fd\u0259n qabaq, 28 sentyabr 2020-ci ild\u0259 sosial mediya s\u0259hif\u0259sind\u0259 payla\u015fd\u0131\u011f\u0131 s\u00f6z\u00fc is\u0259 bel\u0259 olmu\u015fdur: \u201cTarixi t\u0259dris etm\u0259d\u0259n, yazma\u011fa getm\u0259 yolunda. Q\u0259l\u0259b\u0259 bizl\u0259r\u0259 qism\u0259t olsun, \u0130n\u015fallah. \u00d6z\u00fcn\u00fczd\u0259n mu\u011fayat olun b\u0259yl\u0259r v\u0259 xan\u0131mlar. G\u0259l\u0259n g\u00f6r\u00fc\u015fl\u0259r\u0259d\u0259k.\u201d D\u00f6y\u00fc\u015fl\u0259rd\u0259 q\u0259hr\u0259mancas\u0131na d\u00f6y\u00fc\u015fm\u00fc\u015f qazimizin son d\u00f6y\u00fc\u015f\u00fc is\u0259 2020-ci il oktyabr ay\u0131nda F\u00fczuli rayonunun \u018fl\u0259sg\u0259rli k\u0259ndind\u0259 olmu\u015fdur. D\u00fc\u015fm\u0259nin snayper at\u0259\u015fi il\u0259 \u0130sayev Valeh ba\u015f\u0131ndan v\u0259 boynundan a\u011f\u0131r yaralanm\u0131\u015fd\u0131. Ald\u0131\u011f\u0131 g\u00fcll\u0259 yaras\u0131 b\u0259d\u0259ninin b\u00f6y\u00fck \u0259ks\u0259riyy\u0259tini iflic etdi. Bu d\u00f6y\u00fc\u015fd\u0259 a\u011f\u0131r yaralanan \u0130sayev Valehin m\u00fcalic\u0259si Bak\u0131da Ba\u015f Klinik Hospitalda apar\u0131lm\u0131\u015fd\u0131r. Hal-haz\u0131rda YA\u015eAT fondu t\u0259r\u0259find\u0259n onun m\u00fcalic\u0259si T\u00fcrkiy\u0259d\u0259 Bursa \u015f\u0259h\u0259rind\u0259 davam etdirilir. <\/p>\n","protected":false},"excerpt":{"rendered":"<p>G\u0259nc\u0259 D\u00f6vl\u0259t Universitetinin Tarix-Co\u011frafiya fak\u00fclt\u0259sinin t\u0259l\u0259b\u0259l\u0259rind\u0259n d\u00f6rd n\u0259f\u0259ri V\u0259t\u0259n m\u00fcharib\u0259sind\u0259 i\u015ftirak etmi\u015fdir. Onlardan biri d\u0259 Tarix m\u00fc\u0259llimliyi ixtisas\u0131n\u0131n III kurs t\u0259l\u0259b\u0259si Zeynalov Tural Maarif o\u011fludur. Zeynalov Tural Maarif o\u011flu k\u00f6n\u00fcll\u00fc olaraq d\u00f6y\u00fc\u015fl\u0259rd\u0259 i\u015ftirak etm\u0259k \u00fc\u00e7\u00fcn m\u00fcraci\u0259t etmi\u015f v\u0259 o, 20 oktyabr 2020-ci ild\u0259 c\u0259bh\u0259y\u0259 g\u00f6nd\u0259rilmi\u015fdir. Tural Zeynalov V\u0259t\u0259n m\u00fcharib\u0259sind\u0259 Qubadl\u0131 v\u0259 La\u00e7\u0131n d\u00f6y\u00fc\u015fl\u0259rind\u0259 i\u015ftirak etmi\u015fdir. [&hellip;]<\/p>\n","protected":false},"author":5,"featured_media":0,"comment_status":"closed","ping_status":"open","sticky":false,"template":"","format":"standard","meta":{"footnotes":""},"categories":[1],"tags":[],"class_list":["post-2221","post","type-post","status-publish","format-standard","hentry","category-sas"],"_links":{"self":[{"href":"http:\/\/tcf.gdu.edu.az\/index.php?rest_route=\/wp\/v2\/posts\/2221","targetHints":{"allow":["GET"]}}],"collection":[{"href":"http:\/\/tcf.gdu.edu.az\/index.php?rest_route=\/wp\/v2\/posts"}],"about":[{"href":"http:\/\/tcf.gdu.edu.az\/index.php?rest_route=\/wp\/v2\/types\/post"}],"author":[{"embeddable":true,"href":"http:\/\/tcf.gdu.edu.az\/index.php?rest_route=\/wp\/v2\/users\/5"}],"replies":[{"embeddable":true,"href":"http:\/\/tcf.gdu.edu.az\/index.php?rest_route=%2Fwp%2Fv2%2Fcomments&post=2221"}],"version-history":[{"count":3,"href":"http:\/\/tcf.gdu.edu.az\/index.php?rest_route=\/wp\/v2\/posts\/2221\/revisions"}],"predecessor-version":[{"id":2230,"href":"http:\/\/tcf.gdu.edu.az\/index.php?rest_route=\/wp\/v2\/posts\/2221\/revisions\/2230"}],"wp:attachment":[{"href":"http:\/\/tcf.gdu.edu.az\/index.php?rest_route=%2Fwp%2Fv2%2Fmedia&parent=2221"}],"wp:term":[{"taxonomy":"category","embeddable":true,"href":"http:\/\/tcf.gdu.edu.az\/index.php?rest_route=%2Fwp%2Fv2%2Fcategories&post=2221"},{"taxonomy":"post_tag","embeddable":true,"href":"http:\/\/tcf.gdu.edu.az\/index.php?rest_route=%2Fwp%2Fv2%2Ftags&post=2221"}],"curies":[{"name":"wp","href":"https:\/\/api.w.org\/{rel}","templated":true}]}}