{"id":2233,"date":"2021-03-31T19:30:30","date_gmt":"2021-03-31T17:30:30","guid":{"rendered":"http:\/\/tcf.gdu.edu.az\/?p=2233"},"modified":"2021-03-31T19:30:32","modified_gmt":"2021-03-31T17:30:32","slug":"31-mart-az%c9%99rbaycanlilarin-soyqirimi-gunu-movzusunda-onlayn-formatda-praktiki-konfrans","status":"publish","type":"post","link":"http:\/\/tcf.gdu.edu.az\/?p=2233","title":{"rendered":"\u201c31 Mart-Az\u0259rbaycanl\u0131lar\u0131n soyq\u0131r\u0131m\u0131 g\u00fcn\u00fc\u201d m\u00f6vzusunda onlayn formatda praktiki konfrans"},"content":{"rendered":"\n<ul class=\"wp-block-gallery columns-4 is-cropped wp-block-gallery-1 is-layout-flex wp-block-gallery-is-layout-flex\"><li class=\"blocks-gallery-item\"><figure><img loading=\"lazy\" decoding=\"async\" width=\"461\" height=\"1000\" src=\"http:\/\/tcf.gdu.edu.az\/wp-content\/uploads\/2021\/03\/IMG-20210331-WA0028.jpg\" alt=\"\" data-id=\"2234\" data-link=\"http:\/\/tcf.gdu.edu.az\/?attachment_id=2234#main\" class=\"wp-image-2234\" srcset=\"http:\/\/tcf.gdu.edu.az\/wp-content\/uploads\/2021\/03\/IMG-20210331-WA0028.jpg 461w, http:\/\/tcf.gdu.edu.az\/wp-content\/uploads\/2021\/03\/IMG-20210331-WA0028-138x300.jpg 138w\" sizes=\"auto, (max-width: 461px) 100vw, 461px\" \/><\/figure><\/li><li class=\"blocks-gallery-item\"><figure><img loading=\"lazy\" decoding=\"async\" width=\"461\" height=\"1000\" src=\"http:\/\/tcf.gdu.edu.az\/wp-content\/uploads\/2021\/03\/IMG-20210331-WA0029.jpg\" alt=\"\" data-id=\"2235\" data-link=\"http:\/\/tcf.gdu.edu.az\/?attachment_id=2235#main\" class=\"wp-image-2235\" srcset=\"http:\/\/tcf.gdu.edu.az\/wp-content\/uploads\/2021\/03\/IMG-20210331-WA0029.jpg 461w, http:\/\/tcf.gdu.edu.az\/wp-content\/uploads\/2021\/03\/IMG-20210331-WA0029-138x300.jpg 138w\" sizes=\"auto, (max-width: 461px) 100vw, 461px\" \/><\/figure><\/li><li class=\"blocks-gallery-item\"><figure><img loading=\"lazy\" decoding=\"async\" width=\"461\" height=\"1024\" src=\"http:\/\/tcf.gdu.edu.az\/wp-content\/uploads\/2021\/03\/IMG-20210331-WA0033-461x1024.jpg\" alt=\"\" data-id=\"2236\" data-link=\"http:\/\/tcf.gdu.edu.az\/?attachment_id=2236#main\" class=\"wp-image-2236\" srcset=\"http:\/\/tcf.gdu.edu.az\/wp-content\/uploads\/2021\/03\/IMG-20210331-WA0033-461x1024.jpg 461w, http:\/\/tcf.gdu.edu.az\/wp-content\/uploads\/2021\/03\/IMG-20210331-WA0033-135x300.jpg 135w, http:\/\/tcf.gdu.edu.az\/wp-content\/uploads\/2021\/03\/IMG-20210331-WA0033.jpg 720w\" sizes=\"auto, (max-width: 461px) 100vw, 461px\" \/><\/figure><\/li><li class=\"blocks-gallery-item\"><figure><img loading=\"lazy\" decoding=\"async\" width=\"461\" height=\"1000\" src=\"http:\/\/tcf.gdu.edu.az\/wp-content\/uploads\/2021\/03\/IMG-20210331-WA0038.jpg\" alt=\"\" data-id=\"2238\" data-link=\"http:\/\/tcf.gdu.edu.az\/?attachment_id=2238#main\" class=\"wp-image-2238\" srcset=\"http:\/\/tcf.gdu.edu.az\/wp-content\/uploads\/2021\/03\/IMG-20210331-WA0038.jpg 461w, http:\/\/tcf.gdu.edu.az\/wp-content\/uploads\/2021\/03\/IMG-20210331-WA0038-138x300.jpg 138w\" sizes=\"auto, (max-width: 461px) 100vw, 461px\" \/><\/figure><\/li><\/ul>\n\n\n\n<p>      G\u0259nc\u0259 D\u00f6vl\u0259t Universitetinin r\u0259hb\u0259rliyi v\u0259 Tarix-Co\u011frafiya fak\u00fclt\u0259sinin birg\u0259 t\u0259\u015fkilat\u00e7\u0131l\u0131\u011f\u0131 il\u0259\u00a0 <strong>\u201c31 Mart-Az\u0259rbaycanl\u0131lar\u0131n soyq\u0131r\u0131m\u0131 g\u00fcn\u00fc\u201d<\/strong> m\u00f6vzusunda onlayn formatda praktiki konfrans ke\u00e7irilmi\u015fdir. T\u0259dbird\u0259 universitetin r\u0259hb\u0259rliyi, fak\u00fclt\u0259 dekanlar\u0131, universitetin \u0259m\u0259kda\u015flar\u0131, Tarix-Co\u011frafiya fak\u00fclt\u0259sinin professor-m\u00fc\u0259llim hey\u0259ti v\u0259 t\u0259l\u0259b\u0259l\u0259ri i\u015ftirak etmi\u015fdir. T\u0259dbird\u0259 universitetin Humanitar m\u0259s\u0259l\u0259l\u0259r \u00fczr\u0259 prorektoru, dosent G\u00fcls\u00fcm F\u0259t\u0259liyeva\u00a0 \u201c31 mart tarixi taleyimizin k\u0259d\u0259rli s\u0259hif\u0259sidir\u201d m\u00f6vzusunda, \u00dcmumi tarix kafedras\u0131n\u0131n dosenti, tarix \u00fczr\u0259 f\u0259ls\u0259f\u0259 doktoru H\u00fcseyn B\u0259xtiyarl\u0131 \u201cHe\u00e7 vaxt unudulmayacaq faci\u0259vi tarixi\u201d m\u00f6vzusunda, Az\u0259rbaycan tarixi\u00a0 kafedras\u0131n\u0131n ba\u015f m\u00fc\u0259llimi T\u00fcnzal\u0259 Cahangirova \u201c31 mart q\u0259z\u0259b\u0259, nifr\u0259t\u0259, intiqama \u00e7a\u011f\u0131ran bir g\u00fcnd\u00fcr\u201d m\u00f6vzusunda, Sosial f\u0259nl\u0259r kafedras\u0131n\u0131n m\u00fc\u0259llimi Ramin \u018fliyev \u201c31 mart soyq\u0131r\u0131m\u0131na h\u00fcquqi siyasi qiym\u0259tin verilm\u0259si\u201d m\u00f6vzusunda, Tarix m\u00fc\u0259llimliyi ixtisas\u0131n\u0131n birinci kurs t\u0259l\u0259b\u0259si M\u0259din\u0259 \u018fs\u0259dli \u201c1918-ci il soyq\u0131r\u0131m hadis\u0259l\u0259ri\u201d m\u00f6vzusunda, Tarix v\u0259 Co\u011frafiya m\u00fc\u0259llimliyi ixtisas\u0131n\u0131n birinci kurs t\u0259l\u0259b\u0259si Xalid\u0259 Quliyeva \u201c1918-ci il Bak\u0131 q\u0131r\u011f\u0131nlar\u0131\u201d m\u00f6vzusunda m\u0259ruz\u0259l\u0259rl\u0259 \u00e7\u0131x\u0131\u015f etmi\u015fdil\u0259r. <\/p>\n","protected":false},"excerpt":{"rendered":"<p>G\u0259nc\u0259 D\u00f6vl\u0259t Universitetinin r\u0259hb\u0259rliyi v\u0259 Tarix-Co\u011frafiya fak\u00fclt\u0259sinin birg\u0259 t\u0259\u015fkilat\u00e7\u0131l\u0131\u011f\u0131 il\u0259\u00a0 \u201c31 Mart-Az\u0259rbaycanl\u0131lar\u0131n soyq\u0131r\u0131m\u0131 g\u00fcn\u00fc\u201d m\u00f6vzusunda onlayn formatda praktiki konfrans ke\u00e7irilmi\u015fdir. T\u0259dbird\u0259 universitetin r\u0259hb\u0259rliyi, fak\u00fclt\u0259 dekanlar\u0131, universitetin \u0259m\u0259kda\u015flar\u0131, Tarix-Co\u011frafiya fak\u00fclt\u0259sinin professor-m\u00fc\u0259llim hey\u0259ti v\u0259 t\u0259l\u0259b\u0259l\u0259ri i\u015ftirak etmi\u015fdir. T\u0259dbird\u0259 universitetin Humanitar m\u0259s\u0259l\u0259l\u0259r \u00fczr\u0259 prorektoru, dosent G\u00fcls\u00fcm F\u0259t\u0259liyeva\u00a0 \u201c31 mart tarixi taleyimizin k\u0259d\u0259rli s\u0259hif\u0259sidir\u201d m\u00f6vzusunda, \u00dcmumi tarix kafedras\u0131n\u0131n dosenti, [&hellip;]<\/p>\n","protected":false},"author":5,"featured_media":0,"comment_status":"closed","ping_status":"open","sticky":false,"template":"","format":"standard","meta":{"footnotes":""},"categories":[1],"tags":[],"class_list":["post-2233","post","type-post","status-publish","format-standard","hentry","category-sas"],"_links":{"self":[{"href":"http:\/\/tcf.gdu.edu.az\/index.php?rest_route=\/wp\/v2\/posts\/2233","targetHints":{"allow":["GET"]}}],"collection":[{"href":"http:\/\/tcf.gdu.edu.az\/index.php?rest_route=\/wp\/v2\/posts"}],"about":[{"href":"http:\/\/tcf.gdu.edu.az\/index.php?rest_route=\/wp\/v2\/types\/post"}],"author":[{"embeddable":true,"href":"http:\/\/tcf.gdu.edu.az\/index.php?rest_route=\/wp\/v2\/users\/5"}],"replies":[{"embeddable":true,"href":"http:\/\/tcf.gdu.edu.az\/index.php?rest_route=%2Fwp%2Fv2%2Fcomments&post=2233"}],"version-history":[{"count":1,"href":"http:\/\/tcf.gdu.edu.az\/index.php?rest_route=\/wp\/v2\/posts\/2233\/revisions"}],"predecessor-version":[{"id":2239,"href":"http:\/\/tcf.gdu.edu.az\/index.php?rest_route=\/wp\/v2\/posts\/2233\/revisions\/2239"}],"wp:attachment":[{"href":"http:\/\/tcf.gdu.edu.az\/index.php?rest_route=%2Fwp%2Fv2%2Fmedia&parent=2233"}],"wp:term":[{"taxonomy":"category","embeddable":true,"href":"http:\/\/tcf.gdu.edu.az\/index.php?rest_route=%2Fwp%2Fv2%2Fcategories&post=2233"},{"taxonomy":"post_tag","embeddable":true,"href":"http:\/\/tcf.gdu.edu.az\/index.php?rest_route=%2Fwp%2Fv2%2Ftags&post=2233"}],"curies":[{"name":"wp","href":"https:\/\/api.w.org\/{rel}","templated":true}]}}