{"id":2241,"date":"2021-05-06T07:50:58","date_gmt":"2021-05-06T05:50:58","guid":{"rendered":"http:\/\/tcf.gdu.edu.az\/?p=2241"},"modified":"2021-05-06T15:18:32","modified_gmt":"2021-05-06T13:18:32","slug":"ulu-ond%c9%99r-heyd%c9%99r-%c9%99liyevin-anadan-olmasinin-98-ci-ildonumun%c9%99-h%c9%99sr-edilmis-heyd%c9%99r-%c9%99liyev-v%c9%99-muasir-az%c9%99rbaycan-movzusunda-konfransi","status":"publish","type":"post","link":"http:\/\/tcf.gdu.edu.az\/?p=2241","title":{"rendered":"Ulu \u00f6nd\u0259r Heyd\u0259r \u018fliyevin anadan olmas\u0131n\u0131n 98-ci ild\u00f6n\u00fcm\u00fcn\u0259 h\u0259sr edilmi\u015f \u201cHeyd\u0259r \u018fliyev v\u0259 M\u00fcasir Az\u0259rbaycan\u201d m\u00f6vzusunda konfrans\u0131"},"content":{"rendered":"\n<ul class=\"wp-block-gallery columns-4 is-cropped wp-block-gallery-1 is-layout-flex wp-block-gallery-is-layout-flex\"><li class=\"blocks-gallery-item\"><figure><img loading=\"lazy\" decoding=\"async\" width=\"461\" height=\"1024\" src=\"http:\/\/tcf.gdu.edu.az\/wp-content\/uploads\/2021\/05\/IMG-20210505-WA0009-461x1024.jpg\" alt=\"\" data-id=\"2242\" data-link=\"http:\/\/tcf.gdu.edu.az\/?attachment_id=2242#main\" class=\"wp-image-2242\" srcset=\"http:\/\/tcf.gdu.edu.az\/wp-content\/uploads\/2021\/05\/IMG-20210505-WA0009-461x1024.jpg 461w, http:\/\/tcf.gdu.edu.az\/wp-content\/uploads\/2021\/05\/IMG-20210505-WA0009-135x300.jpg 135w, http:\/\/tcf.gdu.edu.az\/wp-content\/uploads\/2021\/05\/IMG-20210505-WA0009.jpg 540w\" sizes=\"auto, (max-width: 461px) 100vw, 461px\" \/><\/figure><\/li><li class=\"blocks-gallery-item\"><figure><img loading=\"lazy\" decoding=\"async\" width=\"461\" height=\"1024\" src=\"http:\/\/tcf.gdu.edu.az\/wp-content\/uploads\/2021\/05\/IMG-20210505-WA0010-461x1024.jpg\" alt=\"\" data-id=\"2243\" data-link=\"http:\/\/tcf.gdu.edu.az\/?attachment_id=2243#main\" class=\"wp-image-2243\" srcset=\"http:\/\/tcf.gdu.edu.az\/wp-content\/uploads\/2021\/05\/IMG-20210505-WA0010-461x1024.jpg 461w, http:\/\/tcf.gdu.edu.az\/wp-content\/uploads\/2021\/05\/IMG-20210505-WA0010-135x300.jpg 135w, http:\/\/tcf.gdu.edu.az\/wp-content\/uploads\/2021\/05\/IMG-20210505-WA0010.jpg 540w\" sizes=\"auto, (max-width: 461px) 100vw, 461px\" \/><\/figure><\/li><li class=\"blocks-gallery-item\"><figure><img loading=\"lazy\" decoding=\"async\" width=\"461\" height=\"1024\" src=\"http:\/\/tcf.gdu.edu.az\/wp-content\/uploads\/2021\/05\/IMG-20210505-WA0015-461x1024.jpg\" alt=\"\" data-id=\"2244\" data-link=\"http:\/\/tcf.gdu.edu.az\/?attachment_id=2244#main\" class=\"wp-image-2244\" srcset=\"http:\/\/tcf.gdu.edu.az\/wp-content\/uploads\/2021\/05\/IMG-20210505-WA0015-461x1024.jpg 461w, http:\/\/tcf.gdu.edu.az\/wp-content\/uploads\/2021\/05\/IMG-20210505-WA0015-135x300.jpg 135w, http:\/\/tcf.gdu.edu.az\/wp-content\/uploads\/2021\/05\/IMG-20210505-WA0015.jpg 540w\" sizes=\"auto, (max-width: 461px) 100vw, 461px\" \/><\/figure><\/li><li class=\"blocks-gallery-item\"><figure><img loading=\"lazy\" decoding=\"async\" width=\"461\" height=\"1024\" src=\"http:\/\/tcf.gdu.edu.az\/wp-content\/uploads\/2021\/05\/IMG-20210505-WA0017-461x1024.jpg\" alt=\"\" data-id=\"2245\" data-link=\"http:\/\/tcf.gdu.edu.az\/?attachment_id=2245#main\" class=\"wp-image-2245\" srcset=\"http:\/\/tcf.gdu.edu.az\/wp-content\/uploads\/2021\/05\/IMG-20210505-WA0017-461x1024.jpg 461w, http:\/\/tcf.gdu.edu.az\/wp-content\/uploads\/2021\/05\/IMG-20210505-WA0017-135x300.jpg 135w, http:\/\/tcf.gdu.edu.az\/wp-content\/uploads\/2021\/05\/IMG-20210505-WA0017.jpg 540w\" sizes=\"auto, (max-width: 461px) 100vw, 461px\" \/><\/figure><\/li><\/ul>\n\n\n\n<p>Tarix-Co\u011frafiya fak\u00fclt\u0259sind\u0259 \u00a0Ulu \u00f6nd\u0259r Heyd\u0259r \u018fliyevin anadan olmas\u0131n\u0131n 98-ci ild\u00f6n\u00fcm\u00fcn\u0259 h\u0259sr edilmi\u015f <strong>\u201cHeyd\u0259r \u018fliyev v\u0259 m\u00fcasir Az\u0259rbaycan\u201d<\/strong> m\u00f6vzusunda onlayn formatda konfrans ke\u00e7irilmi\u015fdir. Konfransda Tarix-Co\u011frafiya fak\u00fclt\u0259sinin professor-m\u00fc\u0259llim hey\u0259ti v\u0259 t\u0259l\u0259b\u0259l\u0259ri i\u015ftirak etmi\u015fdir. T\u0259dbiri Tarix-Co\u011frafiya fak\u00fclt\u0259sinin dekan\u0131 dos. Urfan H\u0259s\u0259nov a\u00e7araq, ulu \u00f6nd\u0259r Heyd\u0259r \u018fliyevin h\u0259yat v\u0259 f\u0259aliyy\u0259ti haqq\u0131nda b\u0259hs etdi. T\u0259dbird\u0259 G\u0259nc\u0259 D\u00f6vl\u0259t Universitetin Humanitar m\u0259s\u0259l\u0259l\u0259r \u00fczr\u0259 prorektoru dosent G\u00fcls\u00fcm F\u0259t\u0259liyeva Ulu \u00f6nd\u0259r Heyd\u0259r \u018fliyevin r\u0259hb\u0259rliyi d\u00f6vr\u00fcnd\u0259 Az\u0259rbaycan\u0131n sosial-iqtisadi inki\u015faf\u0131 v\u0259 ulu \u00f6nd\u0259rin siyasi f\u0259aliyy\u0259ti haqq\u0131nda \u00e7\u0131x\u0131\u015f etdi. Az\u0259rbaycan tarixi\u00a0 kafedras\u0131n\u0131n m\u00fcdiri dos. Emma Aslanova \u201cUlu \u00f6nd\u0259r Heyd\u0259r \u018fliyev M\u00fcst\u0259qil Az\u0259rbaycan Respublikas\u0131n\u0131n qurucusudur\u201d m\u00f6vzusunda, Sosial f\u0259nl\u0259r kafedras\u0131n\u0131n ba\u015f m\u00fc\u0259llimi, f\u0259ls\u0259f\u0259 \u00fczr\u0259 f\u0259ls\u0259f\u0259 doktoru \u00dczeyir Balaki\u015fiyev \u201cUlu \u00f6nd\u0259r Heyd\u0259r \u018fliyev v\u0259 milli d\u00f6vl\u0259t\u00e7ilik f\u0259ls\u0259f\u0259si\u201d m\u00f6vzusunda,\u00a0\u00dcmumi tarix kafedras\u0131n\u0131n ba\u015f m\u00fc\u0259llimi, tarix \u00fczr\u0259 f\u0259ls\u0259f\u0259 doktoru Said\u0259 \u0130sma\u0131lzad\u0259 \u201cUlu \u00f6nd\u0259r Heyd\u0259r \u018fliyev v\u0259 Az\u0259rbaycanda milli m\u0259n\u0259vi d\u0259y\u0259rl\u0259r\u201d m\u00f6vzusunda, Tarix ixtisas\u0131n\u0131n \u00a0IV kurs t\u0259l\u0259b\u0259si Aruz K\u0259s\u0259m\u0259nli \u201cUlu \u00f6nd\u0259r Heyd\u0259r \u018fliyev v\u0259 G\u0259ncl\u0259r siyas\u0259ti\u201d m\u00f6vzusunda m\u0259ruz\u0259l\u0259rl\u0259 \u00e7\u0131x\u0131\u015f etmi\u015fdil\u0259r.<\/p>\n","protected":false},"excerpt":{"rendered":"<p>Tarix-Co\u011frafiya fak\u00fclt\u0259sind\u0259 \u00a0Ulu \u00f6nd\u0259r Heyd\u0259r \u018fliyevin anadan olmas\u0131n\u0131n 98-ci ild\u00f6n\u00fcm\u00fcn\u0259 h\u0259sr edilmi\u015f \u201cHeyd\u0259r \u018fliyev v\u0259 m\u00fcasir Az\u0259rbaycan\u201d m\u00f6vzusunda onlayn formatda konfrans ke\u00e7irilmi\u015fdir. Konfransda Tarix-Co\u011frafiya fak\u00fclt\u0259sinin professor-m\u00fc\u0259llim hey\u0259ti v\u0259 t\u0259l\u0259b\u0259l\u0259ri i\u015ftirak etmi\u015fdir. T\u0259dbiri Tarix-Co\u011frafiya fak\u00fclt\u0259sinin dekan\u0131 dos. Urfan H\u0259s\u0259nov a\u00e7araq, ulu \u00f6nd\u0259r Heyd\u0259r \u018fliyevin h\u0259yat v\u0259 f\u0259aliyy\u0259ti haqq\u0131nda b\u0259hs etdi. T\u0259dbird\u0259 G\u0259nc\u0259 D\u00f6vl\u0259t Universitetin Humanitar m\u0259s\u0259l\u0259l\u0259r [&hellip;]<\/p>\n","protected":false},"author":5,"featured_media":0,"comment_status":"closed","ping_status":"open","sticky":false,"template":"","format":"standard","meta":{"footnotes":""},"categories":[1],"tags":[],"class_list":["post-2241","post","type-post","status-publish","format-standard","hentry","category-sas"],"_links":{"self":[{"href":"http:\/\/tcf.gdu.edu.az\/index.php?rest_route=\/wp\/v2\/posts\/2241","targetHints":{"allow":["GET"]}}],"collection":[{"href":"http:\/\/tcf.gdu.edu.az\/index.php?rest_route=\/wp\/v2\/posts"}],"about":[{"href":"http:\/\/tcf.gdu.edu.az\/index.php?rest_route=\/wp\/v2\/types\/post"}],"author":[{"embeddable":true,"href":"http:\/\/tcf.gdu.edu.az\/index.php?rest_route=\/wp\/v2\/users\/5"}],"replies":[{"embeddable":true,"href":"http:\/\/tcf.gdu.edu.az\/index.php?rest_route=%2Fwp%2Fv2%2Fcomments&post=2241"}],"version-history":[{"count":3,"href":"http:\/\/tcf.gdu.edu.az\/index.php?rest_route=\/wp\/v2\/posts\/2241\/revisions"}],"predecessor-version":[{"id":2249,"href":"http:\/\/tcf.gdu.edu.az\/index.php?rest_route=\/wp\/v2\/posts\/2241\/revisions\/2249"}],"wp:attachment":[{"href":"http:\/\/tcf.gdu.edu.az\/index.php?rest_route=%2Fwp%2Fv2%2Fmedia&parent=2241"}],"wp:term":[{"taxonomy":"category","embeddable":true,"href":"http:\/\/tcf.gdu.edu.az\/index.php?rest_route=%2Fwp%2Fv2%2Fcategories&post=2241"},{"taxonomy":"post_tag","embeddable":true,"href":"http:\/\/tcf.gdu.edu.az\/index.php?rest_route=%2Fwp%2Fv2%2Ftags&post=2241"}],"curies":[{"name":"wp","href":"https:\/\/api.w.org\/{rel}","templated":true}]}}