{"id":2379,"date":"2021-12-31T14:32:45","date_gmt":"2021-12-31T12:32:45","guid":{"rendered":"http:\/\/tcf.gdu.edu.az\/?p=2379"},"modified":"2021-12-31T14:32:47","modified_gmt":"2021-12-31T12:32:47","slug":"31-dekabr-dunya-az%c9%99rbaycanlilarinin-h%c9%99mr%c9%99ylik-gunu-v%c9%99-yeni-il-bayramidir","status":"publish","type":"post","link":"http:\/\/tcf.gdu.edu.az\/?p=2379","title":{"rendered":"31 DEKABR D\u00dcNYA AZ\u018fRBAYCANLILARININ H\u018fMR\u018fYL\u0130K G\u00dcN\u00dc V\u018f YEN\u0130 \u0130L BAYRAMIDIR"},"content":{"rendered":"\n<ul class=\"wp-block-gallery columns-1 is-cropped wp-block-gallery-1 is-layout-flex wp-block-gallery-is-layout-flex\"><li class=\"blocks-gallery-item\"><figure><img loading=\"lazy\" decoding=\"async\" width=\"275\" height=\"183\" src=\"http:\/\/tcf.gdu.edu.az\/wp-content\/uploads\/2021\/12\/images.jpg\" alt=\"\" data-id=\"2380\" data-link=\"http:\/\/tcf.gdu.edu.az\/?attachment_id=2380#main\" class=\"wp-image-2380\" srcset=\"http:\/\/tcf.gdu.edu.az\/wp-content\/uploads\/2021\/12\/images.jpg 275w, http:\/\/tcf.gdu.edu.az\/wp-content\/uploads\/2021\/12\/images-240x160.jpg 240w\" sizes=\"auto, (max-width: 275px) 100vw, 275px\" \/><\/figure><\/li><\/ul>\n\n\n\n<p>Sizi 31 Dekabr &#8211; D\u00fcnya Az\u0259rbaycanl\u0131lar\u0131n\u0131n H\u0259mr\u0259yliyi\nG\u00fcn\u00fc v\u0259 Yeni il bayram\u0131 m\u00fcnasib\u0259til\u0259 t\u0259brik edir, h\u0259r biriniz\u0259 \u0259n xo\u015f\narzular\u0131m\u0131 \u00e7atd\u0131r\u0131ram.<\/p>\n\n\n\n<p>Ulu \u00f6nd\u0259r Heyd\u0259r \u018fliyev t\u0259r\u0259find\u0259n t\u0259m\u0259li qoyulan\nD\u00fcnya Az\u0259rbaycanl\u0131lar\u0131n\u0131n h\u0259mr\u0259yliyi getdikc\u0259 daha b\u00f6y\u00fck m\u0259na v\u0259 \u0259h\u0259miyy\u0259t k\u0259sb\nedir. D\u00f6vl\u0259t quruculu\u011funun b\u00fct\u00fcn sah\u0259l\u0259rind\u0259 \u0259ld\u0259 olunan m\u00fch\u00fcm nailiyy\u0259tl\u0259r\nAz\u0259rbaycan\u0131n d\u00fcnya birliyind\u0259 layiqli yer tutmas\u0131na geni\u015f imkanlar a\u00e7\u0131r.<\/p>\n\n\n\n<p>\u00dcmummilli Liderimizin layiqli davam\u00e7\u0131s\u0131, m\u00f6ht\u0259r\u0259m Prezident &#8211; Silahl\u0131\nQ\u00fcvv\u0259l\u0259rin Ali Ba\u015f Komandan\u0131 c\u0259nab \u0130lham \u018fliyevin r\u0259hb\u0259rliyi il\u0259 \u0259ld\u0259 etdiyimiz\nmisilsiz nailiyy\u0259tl\u0259r \u00f6lk\u0259mizin h\u0259r bir v\u0259t\u0259nda\u015f\u0131 kimi, biz veteranlar \u00fc\u00e7\u00fcn\nf\u0259xr m\u0259nb\u0259yidir. Y\u00fcks\u0259k intellekt\u0259 v\u0259 z\u0259ngin d\u00f6vl\u0259t\u00e7ilik t\u0259cr\u00fcb\u0259sin\u0259 malik\nPrezidentimizin siyasi irad\u0259sini, q\u0259tiyy\u0259tini qiym\u0259tl\u0259ndirir, veteranlara daim\ng\u00f6st\u0259rdiyi diqq\u0259t v\u0259 qay\u011f\u0131ya g\u00f6r\u0259 d\u0259rin minn\u0259tdarl\u0131\u011f\u0131m\u0131z\u0131 bildiririk. Onun\nm\u00fcdrik r\u0259hb\u0259rliyi il\u0259 Qaraba\u011fda t\u0259xmin\u0259n otuz il davam ed\u0259n i\u015f\u011fala 44 g\u00fcn kimi\nq\u0131sa m\u00fcdd\u0259td\u0259 son qoyuldu. Qaraba\u011f Z\u0259f\u0259ri il\u0259 i\u015f\u011fal alt\u0131ndak\u0131 torpaqlar azad\nedilib, b\u00f6lg\u0259mizd\u0259 davaml\u0131 s\u00fclh, sabitlik \u015f\u0259raiti yaran\u0131b.<\/p>\n\n\n\n<p>Yeni iliniz m\u00fcbar\u0259k! H\u0259r biriniz\u0259\nv\u0259 ail\u0259niz\u0259 m\u00f6hk\u0259m cansa\u011fl\u0131\u011f\u0131, ail\u0259 s\u0259ad\u0259ti, xo\u015fb\u0259xt h\u0259yat, f\u0259aliyy\u0259tinizd\u0259\nyeni-yeni u\u011furlar arzulay\u0131ram.<\/p>\n\n\n\n<p><strong>Bayram\u0131n\u0131z m\u00fcbar\u0259k<\/strong><strong>!<\/strong><strong><\/strong><\/p>\n","protected":false},"excerpt":{"rendered":"<p>Sizi 31 Dekabr &#8211; D\u00fcnya Az\u0259rbaycanl\u0131lar\u0131n\u0131n H\u0259mr\u0259yliyi G\u00fcn\u00fc v\u0259 Yeni il bayram\u0131 m\u00fcnasib\u0259til\u0259 t\u0259brik edir, h\u0259r biriniz\u0259 \u0259n xo\u015f arzular\u0131m\u0131 \u00e7atd\u0131r\u0131ram. Ulu \u00f6nd\u0259r Heyd\u0259r \u018fliyev t\u0259r\u0259find\u0259n t\u0259m\u0259li qoyulan D\u00fcnya Az\u0259rbaycanl\u0131lar\u0131n\u0131n h\u0259mr\u0259yliyi getdikc\u0259 daha b\u00f6y\u00fck m\u0259na v\u0259 \u0259h\u0259miyy\u0259t k\u0259sb edir. D\u00f6vl\u0259t quruculu\u011funun b\u00fct\u00fcn sah\u0259l\u0259rind\u0259 \u0259ld\u0259 olunan m\u00fch\u00fcm nailiyy\u0259tl\u0259r Az\u0259rbaycan\u0131n d\u00fcnya birliyind\u0259 layiqli yer tutmas\u0131na geni\u015f imkanlar [&hellip;]<\/p>\n","protected":false},"author":5,"featured_media":0,"comment_status":"closed","ping_status":"open","sticky":false,"template":"","format":"standard","meta":{"footnotes":""},"categories":[1],"tags":[],"class_list":["post-2379","post","type-post","status-publish","format-standard","hentry","category-sas"],"_links":{"self":[{"href":"http:\/\/tcf.gdu.edu.az\/index.php?rest_route=\/wp\/v2\/posts\/2379","targetHints":{"allow":["GET"]}}],"collection":[{"href":"http:\/\/tcf.gdu.edu.az\/index.php?rest_route=\/wp\/v2\/posts"}],"about":[{"href":"http:\/\/tcf.gdu.edu.az\/index.php?rest_route=\/wp\/v2\/types\/post"}],"author":[{"embeddable":true,"href":"http:\/\/tcf.gdu.edu.az\/index.php?rest_route=\/wp\/v2\/users\/5"}],"replies":[{"embeddable":true,"href":"http:\/\/tcf.gdu.edu.az\/index.php?rest_route=%2Fwp%2Fv2%2Fcomments&post=2379"}],"version-history":[{"count":2,"href":"http:\/\/tcf.gdu.edu.az\/index.php?rest_route=\/wp\/v2\/posts\/2379\/revisions"}],"predecessor-version":[{"id":2382,"href":"http:\/\/tcf.gdu.edu.az\/index.php?rest_route=\/wp\/v2\/posts\/2379\/revisions\/2382"}],"wp:attachment":[{"href":"http:\/\/tcf.gdu.edu.az\/index.php?rest_route=%2Fwp%2Fv2%2Fmedia&parent=2379"}],"wp:term":[{"taxonomy":"category","embeddable":true,"href":"http:\/\/tcf.gdu.edu.az\/index.php?rest_route=%2Fwp%2Fv2%2Fcategories&post=2379"},{"taxonomy":"post_tag","embeddable":true,"href":"http:\/\/tcf.gdu.edu.az\/index.php?rest_route=%2Fwp%2Fv2%2Ftags&post=2379"}],"curies":[{"name":"wp","href":"https:\/\/api.w.org\/{rel}","templated":true}]}}