{"id":2397,"date":"2022-02-02T18:19:20","date_gmt":"2022-02-02T16:19:20","guid":{"rendered":"http:\/\/tcf.gdu.edu.az\/?p=2397"},"modified":"2022-02-02T18:19:22","modified_gmt":"2022-02-02T16:19:22","slug":"2-fevral-g%c9%99ncl%c9%99r-gunu-munasib%c9%99ti-il%c9%99-t%c9%99dbir-kecirilmisdir","status":"publish","type":"post","link":"http:\/\/tcf.gdu.edu.az\/?p=2397","title":{"rendered":"2 Fevral -G\u018fNCL\u018fR G\u00dcN\u00dc m\u00fcnasib\u0259ti il\u0259 t\u0259dbir ke\u00e7irilmi\u015fdir"},"content":{"rendered":"\n<ul class=\"wp-block-gallery columns-2 is-cropped wp-block-gallery-1 is-layout-flex wp-block-gallery-is-layout-flex\"><li class=\"blocks-gallery-item\"><figure><img loading=\"lazy\" decoding=\"async\" width=\"1024\" height=\"683\" src=\"http:\/\/tcf.gdu.edu.az\/wp-content\/uploads\/2022\/02\/IMG_6994-1024x683.jpg\" alt=\"\" data-id=\"2398\" data-link=\"http:\/\/tcf.gdu.edu.az\/?attachment_id=2398#main\" class=\"wp-image-2398\" srcset=\"http:\/\/tcf.gdu.edu.az\/wp-content\/uploads\/2022\/02\/IMG_6994-1024x683.jpg 1024w, http:\/\/tcf.gdu.edu.az\/wp-content\/uploads\/2022\/02\/IMG_6994-300x200.jpg 300w, http:\/\/tcf.gdu.edu.az\/wp-content\/uploads\/2022\/02\/IMG_6994-768x512.jpg 768w, http:\/\/tcf.gdu.edu.az\/wp-content\/uploads\/2022\/02\/IMG_6994-960x640.jpg 960w, http:\/\/tcf.gdu.edu.az\/wp-content\/uploads\/2022\/02\/IMG_6994-480x320.jpg 480w, http:\/\/tcf.gdu.edu.az\/wp-content\/uploads\/2022\/02\/IMG_6994-320x213.jpg 320w, http:\/\/tcf.gdu.edu.az\/wp-content\/uploads\/2022\/02\/IMG_6994-240x160.jpg 240w, http:\/\/tcf.gdu.edu.az\/wp-content\/uploads\/2022\/02\/IMG_6994.jpg 1224w\" sizes=\"auto, (max-width: 1024px) 100vw, 1024px\" \/><\/figure><\/li><li class=\"blocks-gallery-item\"><figure><img loading=\"lazy\" decoding=\"async\" width=\"1024\" height=\"683\" src=\"http:\/\/tcf.gdu.edu.az\/wp-content\/uploads\/2022\/02\/IMG_7059-1024x683.jpg\" alt=\"\" data-id=\"2399\" data-link=\"http:\/\/tcf.gdu.edu.az\/?attachment_id=2399#main\" class=\"wp-image-2399\" srcset=\"http:\/\/tcf.gdu.edu.az\/wp-content\/uploads\/2022\/02\/IMG_7059-1024x683.jpg 1024w, http:\/\/tcf.gdu.edu.az\/wp-content\/uploads\/2022\/02\/IMG_7059-300x200.jpg 300w, http:\/\/tcf.gdu.edu.az\/wp-content\/uploads\/2022\/02\/IMG_7059-768x512.jpg 768w, http:\/\/tcf.gdu.edu.az\/wp-content\/uploads\/2022\/02\/IMG_7059-960x640.jpg 960w, http:\/\/tcf.gdu.edu.az\/wp-content\/uploads\/2022\/02\/IMG_7059-480x320.jpg 480w, http:\/\/tcf.gdu.edu.az\/wp-content\/uploads\/2022\/02\/IMG_7059-320x213.jpg 320w, http:\/\/tcf.gdu.edu.az\/wp-content\/uploads\/2022\/02\/IMG_7059-240x160.jpg 240w, http:\/\/tcf.gdu.edu.az\/wp-content\/uploads\/2022\/02\/IMG_7059.jpg 1224w\" sizes=\"auto, (max-width: 1024px) 100vw, 1024px\" \/><\/figure><\/li><\/ul>\n\n\n\n<p>Bu g\u00fcn G\u0259nc\u0259 D\u00f6vl\u0259t Universitetind\u0259 2 fevral &#8211; G\u0259ncl\u0259r G\u00fcn\u00fc il\u0259 ba\u011fl\u0131\nt\u0259dbir ke\u00e7irilmi\u015fdir. <\/p>\n\n\n\n<p>T\u0259dbiri giri\u015f s\u00f6z\u00fc il\u0259 a\u00e7an univeristetin Humanitar m\u0259s\u0259l\u0259l\u0259r \u00fczr\u0259\nprorektoru dos. G\u00fcls\u00fcm F\u0259t\u0259liyeva \u00f6lk\u0259mizd\u0259 g\u0259ncl\u0259r siyas\u0259ti sah\u0259sind\u0259 h\u0259yata\nke\u00e7iril\u0259n m\u0259qs\u0259dy\u00f6nl\u00fc t\u0259dbirl\u0259rd\u0259n, d\u00f6vl\u0259tin g\u0259ncl\u0259r\u0259 g\u00f6st\u0259rdiyi diqq\u0259t v\u0259\nqay\u011f\u0131dan dan\u0131\u015fm\u0131\u015f, bu istiqam\u0259td\u0259 G\u0259nc\u0259 D\u00f6vl\u0259t Universitetind\u0259 g\u00f6r\u00fcl\u0259n i\u015fl\u0259ri\ntoplant\u0131 i\u015ftirak\u00e7\u0131lar\u0131n\u0131n diqq\u0259tin\u0259 \u00e7atd\u0131rm\u0131\u015fd\u0131r.<\/p>\n\n\n\n<p>Universitet t\u0259l\u0259b\u0259l\u0259rinin \u00e7\u0131x\u0131\u015f\u0131ndan sonra bir qrup t\u0259l\u0259b\u0259y\u0259 t\u0259dris\noca\u011f\u0131n\u0131n ictimai-siyasi h\u0259yat\u0131nda f\u0259al i\u015ftirak etdiyin\u0259 g\u00f6r\u0259 F\u0259xri f\u0259rmanlar t\u0259dqim\nedilmi\u015fdir. Bu t\u0259l\u0259b\u0259l\u0259r aras\u0131nda Tarix-Co\u011frafiya fak\u00fclt\u0259sinin Tarix m\u00fc\u0259llimliyi\n4 kurs t\u0259l\u0259b\u0259l\u0259ri Budaqova G\u00fclnara El\u00e7in q\u0131z\u0131 v\u0259 B\u0259d\u0259lov H\u00fcseyn Yadigar o\u011fluna&nbsp; verilmi\u015fdir.<\/p>\n","protected":false},"excerpt":{"rendered":"<p>Bu g\u00fcn G\u0259nc\u0259 D\u00f6vl\u0259t Universitetind\u0259 2 fevral &#8211; G\u0259ncl\u0259r G\u00fcn\u00fc il\u0259 ba\u011fl\u0131 t\u0259dbir ke\u00e7irilmi\u015fdir. T\u0259dbiri giri\u015f s\u00f6z\u00fc il\u0259 a\u00e7an univeristetin Humanitar m\u0259s\u0259l\u0259l\u0259r \u00fczr\u0259 prorektoru dos. G\u00fcls\u00fcm F\u0259t\u0259liyeva \u00f6lk\u0259mizd\u0259 g\u0259ncl\u0259r siyas\u0259ti sah\u0259sind\u0259 h\u0259yata ke\u00e7iril\u0259n m\u0259qs\u0259dy\u00f6nl\u00fc t\u0259dbirl\u0259rd\u0259n, d\u00f6vl\u0259tin g\u0259ncl\u0259r\u0259 g\u00f6st\u0259rdiyi diqq\u0259t v\u0259 qay\u011f\u0131dan dan\u0131\u015fm\u0131\u015f, bu istiqam\u0259td\u0259 G\u0259nc\u0259 D\u00f6vl\u0259t Universitetind\u0259 g\u00f6r\u00fcl\u0259n i\u015fl\u0259ri toplant\u0131 i\u015ftirak\u00e7\u0131lar\u0131n\u0131n diqq\u0259tin\u0259 \u00e7atd\u0131rm\u0131\u015fd\u0131r. Universitet t\u0259l\u0259b\u0259l\u0259rinin [&hellip;]<\/p>\n","protected":false},"author":5,"featured_media":0,"comment_status":"closed","ping_status":"open","sticky":false,"template":"","format":"standard","meta":{"footnotes":""},"categories":[3],"tags":[],"class_list":["post-2397","post","type-post","status-publish","format-standard","hentry","category-xbrlr"],"_links":{"self":[{"href":"http:\/\/tcf.gdu.edu.az\/index.php?rest_route=\/wp\/v2\/posts\/2397","targetHints":{"allow":["GET"]}}],"collection":[{"href":"http:\/\/tcf.gdu.edu.az\/index.php?rest_route=\/wp\/v2\/posts"}],"about":[{"href":"http:\/\/tcf.gdu.edu.az\/index.php?rest_route=\/wp\/v2\/types\/post"}],"author":[{"embeddable":true,"href":"http:\/\/tcf.gdu.edu.az\/index.php?rest_route=\/wp\/v2\/users\/5"}],"replies":[{"embeddable":true,"href":"http:\/\/tcf.gdu.edu.az\/index.php?rest_route=%2Fwp%2Fv2%2Fcomments&post=2397"}],"version-history":[{"count":2,"href":"http:\/\/tcf.gdu.edu.az\/index.php?rest_route=\/wp\/v2\/posts\/2397\/revisions"}],"predecessor-version":[{"id":2401,"href":"http:\/\/tcf.gdu.edu.az\/index.php?rest_route=\/wp\/v2\/posts\/2397\/revisions\/2401"}],"wp:attachment":[{"href":"http:\/\/tcf.gdu.edu.az\/index.php?rest_route=%2Fwp%2Fv2%2Fmedia&parent=2397"}],"wp:term":[{"taxonomy":"category","embeddable":true,"href":"http:\/\/tcf.gdu.edu.az\/index.php?rest_route=%2Fwp%2Fv2%2Fcategories&post=2397"},{"taxonomy":"post_tag","embeddable":true,"href":"http:\/\/tcf.gdu.edu.az\/index.php?rest_route=%2Fwp%2Fv2%2Ftags&post=2397"}],"curies":[{"name":"wp","href":"https:\/\/api.w.org\/{rel}","templated":true}]}}