{"id":2477,"date":"2022-04-07T04:49:04","date_gmt":"2022-04-07T02:49:04","guid":{"rendered":"http:\/\/tcf.gdu.edu.az\/?p=2477"},"modified":"2022-04-07T04:49:07","modified_gmt":"2022-04-07T02:49:07","slug":"az%c9%99rbaycan-ikinci-dunya-muharib%c9%99si-ill%c9%99rind%c9%99-movzusunda-aciq-d%c9%99rsi-kecirilmisdir","status":"publish","type":"post","link":"http:\/\/tcf.gdu.edu.az\/?p=2477","title":{"rendered":"\u201cAz\u0259rbaycan \u0130kinci D\u00fcnya m\u00fcharib\u0259si ill\u0259rind\u0259\u201d m\u00f6vzusunda a\u00e7\u0131q d\u0259rsi ke\u00e7irilmi\u015fdir"},"content":{"rendered":"\n<p><\/p>\n\n\n\n<p>&nbsp;06 aprel&nbsp; 2022-ci il tarixd\u0259\nTarix-co\u011frafiya fak\u00fclt\u0259sinin Tarix ixtisas\u0131n\u0131n II kursunda&nbsp; Az\u0259rbaycan tarixi kafedras\u0131n\u0131n ba\u015f m\u00fc\u0259llim\n\u018fliyeva Lal\u0259 Yusif q\u0131z\u0131n\u0131n&nbsp; Az\u0259rbaycan\ntarixi-4 f\u0259nnind\u0259n \u201cAz\u0259rbaycan \u0130kinci D\u00fcnya m\u00fcharib\u0259si ill\u0259rind\u0259\u201d m\u00f6vzusunda\na\u00e7\u0131q d\u0259rs ke\u00e7irilmi\u015fdir.<\/p>\n\n\n\n<p>\u00a0\u00a0\u00a0\u00a0\u00a0\u00a0\u00a0\u00a0 A\u00e7\u0131q d\u0259rsd\u0259 \u00a0\u0130kinci d\u00fcnya m\u00fcharib\u0259sinin ba\u015flanmas\u0131, Almaniyan\u0131n SSR\u0130-y\u0259 h\u00fccumu v\u0259 Az\u0259rbaycan m\u00fcharib\u0259 ill\u0259rind\u0259. Respublika iqtisadiyyat\u0131n\u0131n h\u0259rbi t\u0259rzd\u0259 yenid\u0259n qurulmas\u0131. C\u0259bh\u0259nin yanacaqla t\u0259min edilm\u0259sind\u0259 Az\u0259rbaycan neftcil\u0259rinin rolu. M\u00fcharib\u0259 ill\u0259rind\u0259 milli diviziyalar\u0131n yarad\u0131lmas\u0131, az\u0259rbaycanl\u0131 d\u00f6y\u00fc\u015f\u00e7\u00fcl\u0259rin c\u0259bh\u0259d\u0259, partizan v\u0259 antifa\u015fist m\u00fcqavim\u0259t h\u0259r\u0259kat\u0131nda i\u015ftirak\u0131. Az\u0259rbaycan m\u00fchacir\u0259ti m\u00fcharib\u0259 ill\u0259rind\u0259. Milli legionalar\u0131n yarad\u0131lmas\u0131. Az\u0259rbaycan m\u0259d\u0259niyy\u0259ti m\u00fcharib\u0259 ill\u0259rind\u0259 v\u0259 dig\u0259r m\u0259s\u0259l\u0259l\u0259r izah edildi.<\/p>\n\n\n\n<p>&nbsp;&nbsp;&nbsp;&nbsp;&nbsp;&nbsp;&nbsp;&nbsp; A\u00e7\u0131q d\u0259rsd\u0259\nTarix-co\u011frafiya fak\u00fclt\u0259sinin dekan\u0131 dos.Urfan H\u0259s\u0259nov, t\u0259dris i\u015fl\u0259ri \u00fczr\u0259 dekan\nm\u00fcavini, ba\u015f m\u00fc\u0259llim Niyam\u0259ddin Hac\u0131yev, Az\u0259rbaycan tarixi kafedras\u0131n\u0131n m\u00fcdiri\ndos.Emma Aslanova v\u0259 Az\u0259rbaycan tarixi kafedras\u0131n\u0131n \u0259m\u0259kda\u015flar\u0131 i\u015ftirak etmi\u015fl\u0259r.<\/p>\n","protected":false},"excerpt":{"rendered":"<p>&nbsp;06 aprel&nbsp; 2022-ci il tarixd\u0259 Tarix-co\u011frafiya fak\u00fclt\u0259sinin Tarix ixtisas\u0131n\u0131n II kursunda&nbsp; Az\u0259rbaycan tarixi kafedras\u0131n\u0131n ba\u015f m\u00fc\u0259llim \u018fliyeva Lal\u0259 Yusif q\u0131z\u0131n\u0131n&nbsp; Az\u0259rbaycan tarixi-4 f\u0259nnind\u0259n \u201cAz\u0259rbaycan \u0130kinci D\u00fcnya m\u00fcharib\u0259si ill\u0259rind\u0259\u201d m\u00f6vzusunda a\u00e7\u0131q d\u0259rs ke\u00e7irilmi\u015fdir. \u00a0\u00a0\u00a0\u00a0\u00a0\u00a0\u00a0\u00a0 A\u00e7\u0131q d\u0259rsd\u0259 \u00a0\u0130kinci d\u00fcnya m\u00fcharib\u0259sinin ba\u015flanmas\u0131, Almaniyan\u0131n SSR\u0130-y\u0259 h\u00fccumu v\u0259 Az\u0259rbaycan m\u00fcharib\u0259 ill\u0259rind\u0259. Respublika iqtisadiyyat\u0131n\u0131n h\u0259rbi t\u0259rzd\u0259 yenid\u0259n qurulmas\u0131. C\u0259bh\u0259nin yanacaqla t\u0259min [&hellip;]<\/p>\n","protected":false},"author":5,"featured_media":0,"comment_status":"closed","ping_status":"open","sticky":false,"template":"","format":"standard","meta":{"footnotes":""},"categories":[3],"tags":[],"class_list":["post-2477","post","type-post","status-publish","format-standard","hentry","category-xbrlr"],"_links":{"self":[{"href":"http:\/\/tcf.gdu.edu.az\/index.php?rest_route=\/wp\/v2\/posts\/2477","targetHints":{"allow":["GET"]}}],"collection":[{"href":"http:\/\/tcf.gdu.edu.az\/index.php?rest_route=\/wp\/v2\/posts"}],"about":[{"href":"http:\/\/tcf.gdu.edu.az\/index.php?rest_route=\/wp\/v2\/types\/post"}],"author":[{"embeddable":true,"href":"http:\/\/tcf.gdu.edu.az\/index.php?rest_route=\/wp\/v2\/users\/5"}],"replies":[{"embeddable":true,"href":"http:\/\/tcf.gdu.edu.az\/index.php?rest_route=%2Fwp%2Fv2%2Fcomments&post=2477"}],"version-history":[{"count":2,"href":"http:\/\/tcf.gdu.edu.az\/index.php?rest_route=\/wp\/v2\/posts\/2477\/revisions"}],"predecessor-version":[{"id":2479,"href":"http:\/\/tcf.gdu.edu.az\/index.php?rest_route=\/wp\/v2\/posts\/2477\/revisions\/2479"}],"wp:attachment":[{"href":"http:\/\/tcf.gdu.edu.az\/index.php?rest_route=%2Fwp%2Fv2%2Fmedia&parent=2477"}],"wp:term":[{"taxonomy":"category","embeddable":true,"href":"http:\/\/tcf.gdu.edu.az\/index.php?rest_route=%2Fwp%2Fv2%2Fcategories&post=2477"},{"taxonomy":"post_tag","embeddable":true,"href":"http:\/\/tcf.gdu.edu.az\/index.php?rest_route=%2Fwp%2Fv2%2Ftags&post=2477"}],"curies":[{"name":"wp","href":"https:\/\/api.w.org\/{rel}","templated":true}]}}