{"id":2677,"date":"2022-05-30T14:04:02","date_gmt":"2022-05-30T12:04:02","guid":{"rendered":"http:\/\/tcf.gdu.edu.az\/?p=2677"},"modified":"2022-05-30T14:04:02","modified_gmt":"2022-05-30T12:04:02","slug":"amea-g%c9%99nc%c9%99-bolm%c9%99sind%c9%99-g%c9%99nc%c9%99-usyani-azadligin-bayraqdari-respublika-elmi-konfransi","status":"publish","type":"post","link":"http:\/\/tcf.gdu.edu.az\/?p=2677","title":{"rendered":"AMEA G\u0259nc\u0259 b\u00f6lm\u0259sind\u0259 &#8220;G\u0259nc\u0259 \u00fcsyan\u0131-azadl\u0131\u011f\u0131n bayraqdar\u0131&#8221; Respublika elmi konfrans\u0131"},"content":{"rendered":"\n<ul class=\"wp-block-gallery columns-1 is-cropped wp-block-gallery-1 is-layout-flex wp-block-gallery-is-layout-flex\"><li class=\"blocks-gallery-item\"><figure><img loading=\"lazy\" decoding=\"async\" width=\"576\" height=\"1024\" src=\"http:\/\/tcf.gdu.edu.az\/wp-content\/uploads\/2022\/05\/IMG-20220529-WA0013-576x1024.jpg\" alt=\"\" data-id=\"2678\" data-link=\"http:\/\/tcf.gdu.edu.az\/?attachment_id=2678#main\" class=\"wp-image-2678\" srcset=\"http:\/\/tcf.gdu.edu.az\/wp-content\/uploads\/2022\/05\/IMG-20220529-WA0013-576x1024.jpg 576w, http:\/\/tcf.gdu.edu.az\/wp-content\/uploads\/2022\/05\/IMG-20220529-WA0013-169x300.jpg 169w, http:\/\/tcf.gdu.edu.az\/wp-content\/uploads\/2022\/05\/IMG-20220529-WA0013.jpg 720w\" sizes=\"auto, (max-width: 576px) 100vw, 576px\" \/><\/figure><\/li><\/ul>\n\n\n\n<p>AMEA G\u0259nc\u0259 b\u00f6lm\u0259sind\u0259 &#8220;G\u0259nc\u0259 \u00fcsyan\u0131-azadl\u0131\u011f\u0131n bayraqdar\u0131&#8221; m\u00f6vzusunda Respublika Elmi Konfrans\u0131 ke\u00e7irilmi\u015fdir. Konfransda Az\u0259rbaycan tarixi kafedras\u0131n\u0131n dosenti Cavid Ba\u011f\u0131rzad\u0259 &#8220;Qafqaz \u0130slam Ordusunun Az\u0259rbaycana g\u0259lm\u0259si v\u0259 1918-ci il iyun b\u00f6hran\u0131&#8221; m\u00f6vzusunda, \u00dcmumi tarix kafedas\u0131n\u0131n ba\u015f m\u00fc\u0259llimi, t.\u00fc.f.d. N\u0259rgiz R\u0259sulova is\u0259 &#8220;G\u0259nc\u0259 Az\u0259rbaycan milli azadl\u0131q h\u0259r\u0259kat\u0131n\u0131n m\u0259rk\u0259zi v\u0259 Az\u0259rbaycan Xalq C\u00fcmhuriyy\u0259tinin paytaxt\u0131 kimi&#8221; m\u00f6vzusunda m\u0259ruz\u0259 il\u0259 \u00e7\u0131x\u0131\u015f etmi\u015fdil\u0259r.<\/p>\n","protected":false},"excerpt":{"rendered":"<p>AMEA G\u0259nc\u0259 b\u00f6lm\u0259sind\u0259 &#8220;G\u0259nc\u0259 \u00fcsyan\u0131-azadl\u0131\u011f\u0131n bayraqdar\u0131&#8221; m\u00f6vzusunda Respublika Elmi Konfrans\u0131 ke\u00e7irilmi\u015fdir. Konfransda Az\u0259rbaycan tarixi kafedras\u0131n\u0131n dosenti Cavid Ba\u011f\u0131rzad\u0259 &#8220;Qafqaz \u0130slam Ordusunun Az\u0259rbaycana g\u0259lm\u0259si v\u0259 1918-ci il iyun b\u00f6hran\u0131&#8221; m\u00f6vzusunda, \u00dcmumi tarix kafedas\u0131n\u0131n ba\u015f m\u00fc\u0259llimi, t.\u00fc.f.d. N\u0259rgiz R\u0259sulova is\u0259 &#8220;G\u0259nc\u0259 Az\u0259rbaycan milli azadl\u0131q h\u0259r\u0259kat\u0131n\u0131n m\u0259rk\u0259zi v\u0259 Az\u0259rbaycan Xalq C\u00fcmhuriyy\u0259tinin paytaxt\u0131 kimi&#8221; m\u00f6vzusunda m\u0259ruz\u0259 il\u0259 \u00e7\u0131x\u0131\u015f etmi\u015fdil\u0259r.<\/p>\n","protected":false},"author":5,"featured_media":0,"comment_status":"closed","ping_status":"open","sticky":false,"template":"","format":"standard","meta":{"footnotes":""},"categories":[3],"tags":[],"class_list":["post-2677","post","type-post","status-publish","format-standard","hentry","category-xbrlr"],"_links":{"self":[{"href":"http:\/\/tcf.gdu.edu.az\/index.php?rest_route=\/wp\/v2\/posts\/2677","targetHints":{"allow":["GET"]}}],"collection":[{"href":"http:\/\/tcf.gdu.edu.az\/index.php?rest_route=\/wp\/v2\/posts"}],"about":[{"href":"http:\/\/tcf.gdu.edu.az\/index.php?rest_route=\/wp\/v2\/types\/post"}],"author":[{"embeddable":true,"href":"http:\/\/tcf.gdu.edu.az\/index.php?rest_route=\/wp\/v2\/users\/5"}],"replies":[{"embeddable":true,"href":"http:\/\/tcf.gdu.edu.az\/index.php?rest_route=%2Fwp%2Fv2%2Fcomments&post=2677"}],"version-history":[{"count":1,"href":"http:\/\/tcf.gdu.edu.az\/index.php?rest_route=\/wp\/v2\/posts\/2677\/revisions"}],"predecessor-version":[{"id":2679,"href":"http:\/\/tcf.gdu.edu.az\/index.php?rest_route=\/wp\/v2\/posts\/2677\/revisions\/2679"}],"wp:attachment":[{"href":"http:\/\/tcf.gdu.edu.az\/index.php?rest_route=%2Fwp%2Fv2%2Fmedia&parent=2677"}],"wp:term":[{"taxonomy":"category","embeddable":true,"href":"http:\/\/tcf.gdu.edu.az\/index.php?rest_route=%2Fwp%2Fv2%2Fcategories&post=2677"},{"taxonomy":"post_tag","embeddable":true,"href":"http:\/\/tcf.gdu.edu.az\/index.php?rest_route=%2Fwp%2Fv2%2Ftags&post=2677"}],"curies":[{"name":"wp","href":"https:\/\/api.w.org\/{rel}","templated":true}]}}