{"id":2686,"date":"2022-05-30T19:10:24","date_gmt":"2022-05-30T17:10:24","guid":{"rendered":"http:\/\/tcf.gdu.edu.az\/?p=2686"},"modified":"2022-05-30T19:10:25","modified_gmt":"2022-05-30T17:10:25","slug":"az%c9%99rbaycan-tarixi-kafedrasinin-dosenti-cavid-bagirzad%c9%99nin-aztv-y%c9%99-musahib%c9%99si","status":"publish","type":"post","link":"http:\/\/tcf.gdu.edu.az\/?p=2686","title":{"rendered":"Az\u0259rbaycan tarixi kafedras\u0131n\u0131n dosenti Cavid Ba\u011f\u0131rzad\u0259nin Aztv-y\u0259 m\u00fcsahib\u0259si"},"content":{"rendered":"\n<ul class=\"wp-block-gallery columns-2 is-cropped wp-block-gallery-1 is-layout-flex wp-block-gallery-is-layout-flex\"><li class=\"blocks-gallery-item\"><figure><img loading=\"lazy\" decoding=\"async\" width=\"720\" height=\"408\" src=\"http:\/\/tcf.gdu.edu.az\/wp-content\/uploads\/2022\/05\/IMG-20220530-WA0012.jpg\" alt=\"\" data-id=\"2687\" data-link=\"http:\/\/tcf.gdu.edu.az\/?attachment_id=2687#main\" class=\"wp-image-2687\" srcset=\"http:\/\/tcf.gdu.edu.az\/wp-content\/uploads\/2022\/05\/IMG-20220530-WA0012.jpg 720w, http:\/\/tcf.gdu.edu.az\/wp-content\/uploads\/2022\/05\/IMG-20220530-WA0012-300x170.jpg 300w\" sizes=\"auto, (max-width: 720px) 100vw, 720px\" \/><\/figure><\/li><li class=\"blocks-gallery-item\"><figure><img loading=\"lazy\" decoding=\"async\" width=\"720\" height=\"405\" src=\"http:\/\/tcf.gdu.edu.az\/wp-content\/uploads\/2022\/05\/IMG-20220530-WA0013.jpg\" alt=\"\" data-id=\"2688\" data-link=\"http:\/\/tcf.gdu.edu.az\/?attachment_id=2688#main\" class=\"wp-image-2688\" srcset=\"http:\/\/tcf.gdu.edu.az\/wp-content\/uploads\/2022\/05\/IMG-20220530-WA0013.jpg 720w, http:\/\/tcf.gdu.edu.az\/wp-content\/uploads\/2022\/05\/IMG-20220530-WA0013-300x169.jpg 300w\" sizes=\"auto, (max-width: 720px) 100vw, 720px\" \/><\/figure><\/li><li class=\"blocks-gallery-item\"><figure><img loading=\"lazy\" decoding=\"async\" width=\"704\" height=\"396\" src=\"http:\/\/tcf.gdu.edu.az\/wp-content\/uploads\/2022\/05\/IMG-20220530-WA0014.jpg\" alt=\"\" data-id=\"2689\" data-link=\"http:\/\/tcf.gdu.edu.az\/?attachment_id=2689#main\" class=\"wp-image-2689\" srcset=\"http:\/\/tcf.gdu.edu.az\/wp-content\/uploads\/2022\/05\/IMG-20220530-WA0014.jpg 704w, http:\/\/tcf.gdu.edu.az\/wp-content\/uploads\/2022\/05\/IMG-20220530-WA0014-300x169.jpg 300w\" sizes=\"auto, (max-width: 704px) 100vw, 704px\" \/><\/figure><\/li><li class=\"blocks-gallery-item\"><figure><img loading=\"lazy\" decoding=\"async\" width=\"691\" height=\"400\" src=\"http:\/\/tcf.gdu.edu.az\/wp-content\/uploads\/2022\/05\/IMG-20220530-WA0015.jpg\" alt=\"\" data-id=\"2690\" data-link=\"http:\/\/tcf.gdu.edu.az\/?attachment_id=2690#main\" class=\"wp-image-2690\" srcset=\"http:\/\/tcf.gdu.edu.az\/wp-content\/uploads\/2022\/05\/IMG-20220530-WA0015.jpg 691w, http:\/\/tcf.gdu.edu.az\/wp-content\/uploads\/2022\/05\/IMG-20220530-WA0015-300x174.jpg 300w\" sizes=\"auto, (max-width: 691px) 100vw, 691px\" \/><\/figure><\/li><\/ul>\n\n\n\n<p>Az\u0259rbaycan tarixi kafedras\u0131n\u0131n dosenti Cavid Ba\u011f\u0131rzad\u0259 Aztv-y\u0259 Az\u0259rbaycan Xalq C\u00fcmhuriyy\u0259ti v\u0259 \u015eeyxzamanl\u0131lar m\u00f6vzusunda m\u00fcsahib\u0259 vermi\u015fdir.<\/p>\n\n\n\n<p>M\u00fcsahib\u0259d\u0259 dosent Cavid Ba\u011f\u0131rzad\u0259 Az\u0259rbaycan Xalq C\u00fcmhuriyy\u0259tinin yarad\u0131lmas\u0131nda G\u0259nc\u0259 \u015f\u0259h\u0259rinin v\u0259 G\u0259nc\u0259 ziyal\u0131lar\u0131n\u0131n rolundan b\u0259hs etmi\u015fdir. Bildirmi\u015fdir ki, Qafqaz \u0130slam Ordusunun Az\u0259rbaycana, o c\u00fcml\u0259d\u0259n d\u0259 G\u0259nc\u0259y\u0259 g\u0259tirilm\u0259sind\u0259 N\u0259sib b\u0259y Yusifb\u0259ylinin, Na\u011f\u0131 b\u0259y \u015eeyxzamanl\u0131n\u0131n m\u00fch\u00fcm rolu olmu\u015fdur. H\u0259m\u00e7inin Az\u0259rbaycan Xalq C\u00fcmhuriyy\u0259tinin d\u00f6vl\u0259t quruculu\u011funda da Na\u011f\u0131 b\u0259y \u015eeyxzamanl\u0131n\u0131n m\u00fch\u00fcm xidm\u0259tl\u0259ri vard\u0131r.<\/p>\n","protected":false},"excerpt":{"rendered":"<p>Az\u0259rbaycan tarixi kafedras\u0131n\u0131n dosenti Cavid Ba\u011f\u0131rzad\u0259 Aztv-y\u0259 Az\u0259rbaycan Xalq C\u00fcmhuriyy\u0259ti v\u0259 \u015eeyxzamanl\u0131lar m\u00f6vzusunda m\u00fcsahib\u0259 vermi\u015fdir. M\u00fcsahib\u0259d\u0259 dosent Cavid Ba\u011f\u0131rzad\u0259 Az\u0259rbaycan Xalq C\u00fcmhuriyy\u0259tinin yarad\u0131lmas\u0131nda G\u0259nc\u0259 \u015f\u0259h\u0259rinin v\u0259 G\u0259nc\u0259 ziyal\u0131lar\u0131n\u0131n rolundan b\u0259hs etmi\u015fdir. Bildirmi\u015fdir ki, Qafqaz \u0130slam Ordusunun Az\u0259rbaycana, o c\u00fcml\u0259d\u0259n d\u0259 G\u0259nc\u0259y\u0259 g\u0259tirilm\u0259sind\u0259 N\u0259sib b\u0259y Yusifb\u0259ylinin, Na\u011f\u0131 b\u0259y \u015eeyxzamanl\u0131n\u0131n m\u00fch\u00fcm rolu olmu\u015fdur. H\u0259m\u00e7inin Az\u0259rbaycan Xalq C\u00fcmhuriyy\u0259tinin [&hellip;]<\/p>\n","protected":false},"author":5,"featured_media":0,"comment_status":"closed","ping_status":"open","sticky":false,"template":"","format":"standard","meta":{"footnotes":""},"categories":[3],"tags":[],"class_list":["post-2686","post","type-post","status-publish","format-standard","hentry","category-xbrlr"],"_links":{"self":[{"href":"http:\/\/tcf.gdu.edu.az\/index.php?rest_route=\/wp\/v2\/posts\/2686","targetHints":{"allow":["GET"]}}],"collection":[{"href":"http:\/\/tcf.gdu.edu.az\/index.php?rest_route=\/wp\/v2\/posts"}],"about":[{"href":"http:\/\/tcf.gdu.edu.az\/index.php?rest_route=\/wp\/v2\/types\/post"}],"author":[{"embeddable":true,"href":"http:\/\/tcf.gdu.edu.az\/index.php?rest_route=\/wp\/v2\/users\/5"}],"replies":[{"embeddable":true,"href":"http:\/\/tcf.gdu.edu.az\/index.php?rest_route=%2Fwp%2Fv2%2Fcomments&post=2686"}],"version-history":[{"count":1,"href":"http:\/\/tcf.gdu.edu.az\/index.php?rest_route=\/wp\/v2\/posts\/2686\/revisions"}],"predecessor-version":[{"id":2691,"href":"http:\/\/tcf.gdu.edu.az\/index.php?rest_route=\/wp\/v2\/posts\/2686\/revisions\/2691"}],"wp:attachment":[{"href":"http:\/\/tcf.gdu.edu.az\/index.php?rest_route=%2Fwp%2Fv2%2Fmedia&parent=2686"}],"wp:term":[{"taxonomy":"category","embeddable":true,"href":"http:\/\/tcf.gdu.edu.az\/index.php?rest_route=%2Fwp%2Fv2%2Fcategories&post=2686"},{"taxonomy":"post_tag","embeddable":true,"href":"http:\/\/tcf.gdu.edu.az\/index.php?rest_route=%2Fwp%2Fv2%2Ftags&post=2686"}],"curies":[{"name":"wp","href":"https:\/\/api.w.org\/{rel}","templated":true}]}}