{"id":2708,"date":"2022-09-26T19:12:46","date_gmt":"2022-09-26T17:12:46","guid":{"rendered":"http:\/\/tcf.gdu.edu.az\/?p=2708"},"modified":"2022-09-26T19:12:48","modified_gmt":"2022-09-26T17:12:48","slug":"27-sentyabr-anim-gunu","status":"publish","type":"post","link":"http:\/\/tcf.gdu.edu.az\/?p=2708","title":{"rendered":"27 sentyabr &#8211; An\u0131m G\u00fcn\u00fc"},"content":{"rendered":"\n<ul class=\"wp-block-gallery columns-1 is-cropped wp-block-gallery-1 is-layout-flex wp-block-gallery-is-layout-flex\"><li class=\"blocks-gallery-item\"><figure><img loading=\"lazy\" decoding=\"async\" width=\"130\" height=\"130\" src=\"https:\/\/tcf.gdu.edu.az\/wp-content\/uploads\/2022\/09\/images.jpg\" alt=\"\" data-id=\"2710\" data-link=\"https:\/\/tcf.gdu.edu.az\/?attachment_id=2710#main\" class=\"wp-image-2710\"\/><\/figure><\/li><\/ul>\n\n\n\n<p>27 sentyabr 2020-ci il s\u0259h\u0259r saatlar\u0131nda\u00a0 Erm\u0259nistan silahl\u0131  Q\u00fcvv\u0259l\u0259rinin \u00a0geni\u015fmiqyasl\u0131 t\u0259xribat t\u00f6r\u0259d\u0259r\u0259k c\u0259bh\u0259boyu zonada yerl\u0259\u015f\u0259n\u00a0 Az\u0259rbaycan ordusunun\u00a0 m\u00f6vqel\u0259rini v\u0259 ya\u015fay\u0131\u015f m\u0259nt\u0259q\u0259l\u0259rini iri\u00e7apl\u0131 silahlar, minaatanlar v\u0259 m\u00fcxt\u0259lif \u00e7apl\u0131 artilleriya qur\u011fular\u0131ndan intensiv at\u0259\u015f\u0259 tutmas\u0131 n\u0259tic\u0259sind\u0259,\u00a0 Erm\u0259nistan  ordusunun \u00a0d\u00f6y\u00fc\u015f aktivliyinin qar\u015f\u0131s\u0131n\u0131 almaq, m\u00fclki \u0259halinin t\u0259hl\u00fck\u0259sizliyini t\u0259min etm\u0259k m\u0259qs\u0259dil\u0259 Az\u0259rbaycan ordusunun komandanl\u0131\u011f\u0131 t\u0259r\u0259find\u0259n qo\u015funlar\u0131n b\u00fct\u00fcn c\u0259bh\u0259 boyu s\u00fcr\u0259tli \u0259ks-h\u00fccum \u0259m\u0259liyyat\u0131 ba\u015flamas\u0131 bar\u0259d\u0259 q\u0259rar verilmi\u015fdir.\u00a0Qar\u015f\u0131durmalar n\u0259tic\u0259sind\u0259 Erm\u0259nistanda h\u0259rbi v\u0259ziyy\u0259t v\u0259 \u00fcmumi s\u0259f\u0259rb\u0259rlik, Az\u0259rbaycanda is\u0259 h\u0259rbi v\u0259ziyy\u0259t v\u0259 komendant saat\u0131, 28 sentyabrda qism\u0259n s\u0259f\u0259rb\u0259rlik elan edilmi\u015fdir.\u00a0Qar\u015f\u0131durmalar q\u0131sa m\u00fcdd\u0259td\u0259 s\u00fcr\u0259tl\u0259 alovlanm\u0131\u015f v\u0259\u00a0\u0130kinci Qaraba\u011f m\u00fcharib\u0259sin\u0259 \u00e7evrilmi\u015fdir. <\/p>\n\n\n\n<p>Erm\u0259nistan respublikas\u0131 il\u0259 44 g\u00fcn davam ed\u0259n m\u00fcharib\u0259 \u0259rzind\u0259 4 oktyabrda\u00a0C\u0259baray\u0131l, 17 oktyabrda\u00a0  F\u00fczuli   , 20 oktyabrda\u00a0Z\u0259ngilan , 25 oktyabrda\u00a0 Qubadl\u0131  \u00a0v\u0259 8 noyabrda \u015eu\u015fa \u00a0\u015f\u0259h\u0259ri i\u015f\u011faldan azad edilmi\u015fdir.\u00a0 <\/p>\n\n\n\n<p> Moskvada \u00a0imzalanan m\u00fcqavil\u0259y\u0259 \u0259sas\u0259n, noyabr\u0131n 10-u Bak\u0131 vaxt\u0131 il\u0259 saat 01:00-dan etibar\u0259n\u00a0Da\u011fl\u0131q Qaraba\u011f m\u00fcnaqi\u015f\u0259si\u00a0zonas\u0131nda at\u0259\u015fin v\u0259 h\u0259rbi \u0259m\u0259liyyatlar\u0131n tam dayand\u0131r\u0131lmas\u0131, 1 dekabrad\u0259k Erm\u0259nistan q\u00fcvv\u0259l\u0259rinin\u00a0 Da\u011fl\u0131q Qaraba\u011f \u0259traf\u0131nda Erm\u0259nistan n\u0259zar\u0259tind\u0259ki Az\u0259rbaycan \u0259razil\u0259rind\u0259n \u00e7\u0131xar\u0131lmas\u0131 v\u0259\u00a0Nax\u00e7\u0131van Muxtar Respublikas\u0131\u00a0il\u0259 Az\u0259rbaycan\u0131n q\u0259rb rayonlar\u0131n\u0131 birl\u0259\u015fdir\u0259n yeni n\u0259qliyyat kommunikasiyalar\u0131n\u0131n in\u015fas\u0131n\u0131n t\u0259min edilm\u0259si elan edilmi\u015fdir. <\/p>\n\n\n\n<p>2020-ci il noyabr\u0131n 20-d\u0259 A\u011fdam, noyabr\u0131n 25-d\u0259\nK\u0259lb\u0259c\u0259r,&nbsp;dekabr\u0131n 1-d\u0259 La\u00e7\u0131n rayonlar\u0131azad edilmi\u015fdir.Az\u0259rbaycan h\u0259r zaman\nm\u00fcbariz o\u011ful v\u0259 q\u0131zlar\u0131n\u0131n \u015f\u00fcca\u0259tini y\u00fcks\u0259k qiym\u0259tl\u0259ndirir, b\u00fct\u00fcn \u015f\u0259hidl\u0259rimizin\nruhuna ehtiram g\u00f6st\u0259rir, xatir\u0259sini uca tutur. V\u0259t\u0259n m\u00fcharib\u0259sind\u0259 q\u0259hr\u0259mancas\u0131na\nd\u00f6y\u00fc\u015fm\u00fc\u015f, Az\u0259rbaycan Bayra\u011f\u0131n\u0131 i\u015f\u011faldan azad edil\u0259n torpaqlar\u0131m\u0131zda\ndal\u011faland\u0131rm\u0131\u015f, \u00f6lk\u0259mizin \u0259razi b\u00fct\u00f6vl\u00fcy\u00fc yolunda canlar\u0131n\u0131 f\u0259da etmi\u015f \u0259sg\u0259r v\u0259\nzabitl\u0259rimiz\u0259, b\u00fct\u00fcn \u015f\u0259hidl\u0259rimiz\u0259 d\u0259rin ehtiram \u0259lam\u0259ti olaraq, Az\u0259rbaycan\nRespublikas\u0131n\u0131n Prezidenti \u0130lham \u018fliyevin 2020-ci il 2 dekabr tarixli S\u0259rancam\u0131\nil\u0259 h\u0259r il sentyabr\u0131n 27-si Az\u0259rbaycan Respublikas\u0131nda&nbsp;<strong>An\u0131m G\u00fcn\u00fc<\/strong>&nbsp;kimi qeyd edilm\u0259si q\u0259rara al\u0131nm\u0131\u015fd\u0131r.<\/p>\n","protected":false},"excerpt":{"rendered":"<p>27 sentyabr 2020-ci il s\u0259h\u0259r saatlar\u0131nda\u00a0 Erm\u0259nistan silahl\u0131 Q\u00fcvv\u0259l\u0259rinin \u00a0geni\u015fmiqyasl\u0131 t\u0259xribat t\u00f6r\u0259d\u0259r\u0259k c\u0259bh\u0259boyu zonada yerl\u0259\u015f\u0259n\u00a0 Az\u0259rbaycan ordusunun\u00a0 m\u00f6vqel\u0259rini v\u0259 ya\u015fay\u0131\u015f m\u0259nt\u0259q\u0259l\u0259rini iri\u00e7apl\u0131 silahlar, minaatanlar v\u0259 m\u00fcxt\u0259lif \u00e7apl\u0131 artilleriya qur\u011fular\u0131ndan intensiv at\u0259\u015f\u0259 tutmas\u0131 n\u0259tic\u0259sind\u0259,\u00a0 Erm\u0259nistan ordusunun \u00a0d\u00f6y\u00fc\u015f aktivliyinin qar\u015f\u0131s\u0131n\u0131 almaq, m\u00fclki \u0259halinin t\u0259hl\u00fck\u0259sizliyini t\u0259min etm\u0259k m\u0259qs\u0259dil\u0259 Az\u0259rbaycan ordusunun komandanl\u0131\u011f\u0131 t\u0259r\u0259find\u0259n qo\u015funlar\u0131n b\u00fct\u00fcn c\u0259bh\u0259 boyu s\u00fcr\u0259tli \u0259ks-h\u00fccum [&hellip;]<\/p>\n","protected":false},"author":5,"featured_media":0,"comment_status":"closed","ping_status":"open","sticky":false,"template":"","format":"standard","meta":{"footnotes":""},"categories":[1],"tags":[],"class_list":["post-2708","post","type-post","status-publish","format-standard","hentry","category-sas"],"_links":{"self":[{"href":"http:\/\/tcf.gdu.edu.az\/index.php?rest_route=\/wp\/v2\/posts\/2708","targetHints":{"allow":["GET"]}}],"collection":[{"href":"http:\/\/tcf.gdu.edu.az\/index.php?rest_route=\/wp\/v2\/posts"}],"about":[{"href":"http:\/\/tcf.gdu.edu.az\/index.php?rest_route=\/wp\/v2\/types\/post"}],"author":[{"embeddable":true,"href":"http:\/\/tcf.gdu.edu.az\/index.php?rest_route=\/wp\/v2\/users\/5"}],"replies":[{"embeddable":true,"href":"http:\/\/tcf.gdu.edu.az\/index.php?rest_route=%2Fwp%2Fv2%2Fcomments&post=2708"}],"version-history":[{"count":2,"href":"http:\/\/tcf.gdu.edu.az\/index.php?rest_route=\/wp\/v2\/posts\/2708\/revisions"}],"predecessor-version":[{"id":2712,"href":"http:\/\/tcf.gdu.edu.az\/index.php?rest_route=\/wp\/v2\/posts\/2708\/revisions\/2712"}],"wp:attachment":[{"href":"http:\/\/tcf.gdu.edu.az\/index.php?rest_route=%2Fwp%2Fv2%2Fmedia&parent=2708"}],"wp:term":[{"taxonomy":"category","embeddable":true,"href":"http:\/\/tcf.gdu.edu.az\/index.php?rest_route=%2Fwp%2Fv2%2Fcategories&post=2708"},{"taxonomy":"post_tag","embeddable":true,"href":"http:\/\/tcf.gdu.edu.az\/index.php?rest_route=%2Fwp%2Fv2%2Ftags&post=2708"}],"curies":[{"name":"wp","href":"https:\/\/api.w.org\/{rel}","templated":true}]}}