{"id":2839,"date":"2023-01-19T20:05:00","date_gmt":"2023-01-19T18:05:00","guid":{"rendered":"http:\/\/tcf.gdu.edu.az\/?p=2839"},"modified":"2023-01-19T20:05:02","modified_gmt":"2023-01-19T18:05:02","slug":"20-yanvar-umumxalq-huzn-gunu","status":"publish","type":"post","link":"http:\/\/tcf.gdu.edu.az\/?p=2839","title":{"rendered":"20 Yanvar \u2013 \u00dcmumxalq h\u00fczn g\u00fcn\u00fc"},"content":{"rendered":"\n<ul class=\"wp-block-gallery columns-1 is-cropped wp-block-gallery-1 is-layout-flex wp-block-gallery-is-layout-flex\"><li class=\"blocks-gallery-item\"><figure><img loading=\"lazy\" decoding=\"async\" width=\"1024\" height=\"768\" src=\"http:\/\/tcf.gdu.edu.az\/wp-content\/uploads\/2023\/01\/1579463044_20200119_234208-1024x768.jpg\" alt=\"\" data-id=\"2840\" data-link=\"http:\/\/tcf.gdu.edu.az\/?attachment_id=2840#main\" class=\"wp-image-2840\" srcset=\"http:\/\/tcf.gdu.edu.az\/wp-content\/uploads\/2023\/01\/1579463044_20200119_234208-1024x768.jpg 1024w, http:\/\/tcf.gdu.edu.az\/wp-content\/uploads\/2023\/01\/1579463044_20200119_234208-300x225.jpg 300w, http:\/\/tcf.gdu.edu.az\/wp-content\/uploads\/2023\/01\/1579463044_20200119_234208-768x576.jpg 768w, http:\/\/tcf.gdu.edu.az\/wp-content\/uploads\/2023\/01\/1579463044_20200119_234208-960x720.jpg 960w, http:\/\/tcf.gdu.edu.az\/wp-content\/uploads\/2023\/01\/1579463044_20200119_234208-480x360.jpg 480w, http:\/\/tcf.gdu.edu.az\/wp-content\/uploads\/2023\/01\/1579463044_20200119_234208-320x240.jpg 320w, http:\/\/tcf.gdu.edu.az\/wp-content\/uploads\/2023\/01\/1579463044_20200119_234208-240x180.jpg 240w, http:\/\/tcf.gdu.edu.az\/wp-content\/uploads\/2023\/01\/1579463044_20200119_234208.jpg 1080w\" sizes=\"auto, (max-width: 1024px) 100vw, 1024px\" \/><\/figure><\/li><\/ul>\n\n\n\n<p>&nbsp;&nbsp; Az\u0259rbaycan xalq\u0131n\u0131n q\u00fcrur m\u00fcc\u0259ss\u0259m\u0259sin\u0259\n\u00e7evril\u0259n, \u0259n yeni tariximizin \u015f\u0259r\u0259fli s\u0259hif\u0259l\u0259rind\u0259n biri say\u0131lan bu faci\u0259\nxalq\u0131m\u0131z\u0131n azadl\u0131q, demokratiya v\u0259 suverenlik u\u011frunda apard\u0131\u011f\u0131 m\u00fcbariz\u0259nin d\u00f6nm\u0259zliyini\nb\u00fct\u00fcn d\u00fcnyaya n\u00fcmayi\u015f etdirdi, milli azadl\u0131q h\u0259r\u0259kat\u0131n\u0131n m\u00fcst\u0259qilliy\u0259 do\u011fru ir\u0259lil\u0259m\u0259sind\u0259\nciddi d\u00f6n\u00fc\u015f n\u00f6qt\u0259si oldu. 1990-c\u0131 ilin yanvar\u0131n\n19-dan 20-n\u0259 ke\u00e7\u0259n gec\u0259 sovet ordusunun h\u0259rbi birl\u0259\u015fm\u0259l\u0259rinin Az\u0259rbaycanda t\u00f6r\u0259tdiyi\nk\u00fctl\u0259vi q\u0131r\u011f\u0131ndan 31 il ke\u00e7m\u0259sin\u0259 baxmayaraq xalq\u0131m\u0131z h\u0259min faci\u0259nin a\u011f\u0131r n\u0259tic\u0259l\u0259rini\nbu g\u00fcn d\u0259 xat\u0131rlay\u0131r. V\u0259t\u0259nin azadl\u0131\u011f\u0131 v\u0259 suverenliyi u\u011frunda can\u0131ndan ke\u00e7mi\u015f\no\u011ful v\u0259 q\u0131zlar\u0131 d\u0259rin ehtiramla yad edir.<br>\n&nbsp; &nbsp;&nbsp;&nbsp;&nbsp;&nbsp;&nbsp;&nbsp;&nbsp;Sovet\nr\u0259hb\u0259rliyi Az\u0259rbaycan xalq\u0131n\u0131n m\u00fcst\u0259qillik u\u011frunda m\u00fcbariz\u0259sinin qar\u015f\u0131s\u0131n\u0131\nalmaq, milli-azadl\u0131q h\u0259r\u0259kat\u0131na z\u0259rb\u0259 vurmaq, habel\u0259 dig\u0259r m\u00fctt\u0259fiq\nrespublikalara d\u0259rs verm\u0259k \u00fc\u00e7\u00fcn 1990-c\u0131 il yanvar\u0131n 19-da \u201cBak\u0131 \u015f\u0259h\u0259rind\u0259 f\u00f6vq\u0259lad\u0259\nv\u0259ziyy\u0259tin t\u0259tbiq edilm\u0259si haqq\u0131nda\u201d q\u0259rar q\u0259bul etdi. Lakin bu q\u0259rar\u0131n t\u0259tbiqi\nbar\u0259d\u0259 \u0259haliy\u0259 vaxt\u0131nda x\u0259b\u0259r verilm\u0259di.<br>\n&nbsp; &nbsp;Az\u0259rbaycan\u0131 informasiya blokadas\u0131na almaq v\u0259\nxalq\u0131n haqq s\u0259sini bo\u011fmaq \u00fc\u00e7\u00fcn SSR\u0130 DTK-sinin \u201cAlfa\u201d qrupu yanvar\u0131n 19-da\nrespublika televiziyas\u0131n\u0131n enerji blokunu partlatd\u0131. Televiziya susduruldu,\nk\u00fctl\u0259vi informasiya vasit\u0259l\u0259rin\u0259, q\u0259zet v\u0259 jurnallar\u0131n n\u0259\u015frin\u0259 qada\u011falar\nqoyuldu. Az\u0259rbaycan informasiya blokadas\u0131na al\u0131nd\u0131. \u018fhali m\u0259lumat almaq m\u0259nb\u0259l\u0259rind\u0259n\nm\u0259hrum edildi.<\/p>\n\n\n\n<p>&nbsp;&nbsp;M\u0259rk\u0259z t\u0259r\u0259find\u0259n Az\u0259rbaycana qar\u015f\u0131\napar\u0131lan m\u0259n\u0259vi, ideoloji v\u0259 siyasi t\u0259cav\u00fcz q\u0131sa m\u00fcdd\u0259t \u0259rzind\u0259 faci\u0259vi\nsonluqla bitdi. Sovet ordusunun x\u00fcsusi t\u0259lim g\u00f6rm\u00fc\u015f, t\u0259rkibind\u0259 erm\u0259ni zabitl\u0259rinin\noldu\u011fu 12 min n\u0259f\u0259rlik qo\u015fun hiss\u0259l\u0259ri, zirehli texnika 3 istiqam\u0259td\u0259n Bak\u0131ya\nyeridildi. \u015e\u0259h\u0259rd\u0259 yanvar\u0131n19-dan 20-n\u0259 ke\u00e7\u0259n gec\u0259 dinc \u0259haliy\u0259 qar\u015f\u0131 misli\ng\u00f6r\u00fcnm\u0259mi\u015f v\u0259h\u015filikl\u0259r t\u00f6r\u0259dildi.<\/p>\n\n\n\n<p>&nbsp;20\nyanvar faci\u0259si zaman\u0131 r\u0259smi m\u0259lumatlara g\u00f6r\u0259 Bak\u0131da 131 n\u0259f\u0259r m\u00fclki \u015f\u0259xs k\u00fc\u00e7\u0259l\u0259rd\u0259,\nevl\u0259rd\u0259, avtomobill\u0259rind\u0259, i\u015f yerl\u0259rind\u0259 \u00f6ld\u00fcr\u00fclm\u00fc\u015f, 744 n\u0259f\u0259r yaralanm\u0131\u015f, 841\nn\u0259f\u0259r qanunsuz h\u0259bs edilmi\u015f, 200-d\u0259n \u00e7ox bina, 80 avtomobil, o c\u00fcml\u0259d\u0259n t\u0259cili\nyard\u0131m ma\u015f\u0131n\u0131 yarars\u0131z hala sal\u0131nm\u0131\u015fd\u0131r.<\/p>\n\n\n\n<p>&nbsp;Faci\u0259d\u0259n\nd\u0259rhal sonra \u2013 1990-c\u0131 il yanvar\u0131n 21-d\u0259 b\u00f6y\u00fck siyas\u0259t\u00e7i v\u0259 g\u00f6rk\u0259mli d\u00f6vl\u0259t\nxadimi Heyd\u0259r \u018fliyev Az\u0259rbaycan\u0131n Moskvadak\u0131 daimi n\u00fcmay\u0259nd\u0259liyin\u0259 g\u0259l\u0259r\u0259k\ndo\u011fma xalq\u0131 il\u0259 h\u0259mr\u0259y oldu\u011funu n\u00fcmayi\u015f etdirib, SSR\u0130 r\u0259hb\u0259rliyinin Bak\u0131ya\nqo\u015fun yeridilm\u0259si haqq\u0131ndak\u0131 q\u0259rar\u0131n\u0131 insanl\u0131\u011fa, demokratiyaya v\u0259\nkonstitusiyaya zidd add\u0131m kimi qiym\u0259tl\u0259ndir\u0259r\u0259k bu faci\u0259ni t\u00f6r\u0259d\u0259nl\u0259rin c\u0259zaland\u0131r\u0131lmas\u0131n\u0131\nt\u0259l\u0259b etmi\u015fdi.<\/p>\n\n\n\n<p>&nbsp;20\nyanvar faci\u0259si respublikam\u0131z\u0131n dig\u0259r \u015f\u0259h\u0259r v\u0259 rayonlar\u0131ndan da yan ke\u00e7m\u0259di: Yanvar\nay\u0131n\u0131n 22-d\u0259&nbsp;v\u0259&nbsp;25-d\u0259 L\u0259nkaranda, Neft\u00e7alada da d\u0259h\u015f\u0259tli hadis\u0259l\u0259r\nt\u00f6r\u0259dildi. Burada da dinc \u0259haliy\u0259 amans\u0131z divan tutuldu.<\/p>\n\n\n\n<p>&nbsp;&nbsp;Yanvar faci\u0259si \u00fcmumxalq h\u00fczn\u00fc olmaqla\nyana\u015f\u0131, h\u0259m d\u0259 Az\u0259rbaycan xalq\u0131n\u0131n irad\u0259sinin sars\u0131lmazl\u0131\u011f\u0131n\u0131, m\u0259tinliyini g\u00f6st\u0259rdi.\nSovet ordusunun amans\u0131zl\u0131\u011f\u0131na v\u0259 q\u0259ddarl\u0131\u011f\u0131na, Bak\u0131da f\u00f6vq\u0259lad\u0259 v\u0259ziyy\u0259t t\u0259tbiq\nedilm\u0259sin\u0259 baxmayaraq, Az\u0259rbaycan xalq\u0131 yanvar\u0131n 22-d\u0259 \u00f6z \u015f\u0259hidl\u0259ri il\u0259\nvidala\u015fd\u0131. \u015e\u0259hidl\u0259r xiyaban\u0131ndak\u0131 d\u0259fn m\u0259rasimind\u0259 2 milyona yax\u0131n insan\ni\u015ftirak etdi.<br>\n&nbsp; &nbsp;&nbsp;&nbsp;&nbsp; Bu\ntarixi faci\u0259 Az\u0259rbaycan milli kimliyinin formala\u015fmas\u0131na h\u0259lledici t\u0259sir g\u00f6st\u0259rib,\nd\u00f6vl\u0259t m\u00fcst\u0259qilliyinin b\u0259rpa edilm\u0259sind\u0259 d\u00f6n\u00fc\u015f n\u00f6qt\u0259si oldu. M\u0259hz bu faci\u0259d\u0259n\nsonra milli azadl\u0131q h\u0259r\u0259kat\u0131 tam siyasi reall\u0131\u011fa \u00e7evrildi, d\u00f6nm\u0259z xarakter\nald\u0131, xalq \u00f6z g\u0259l\u0259c\u0259yini yaln\u0131z m\u00fcst\u0259qil Az\u0259rbaycanda g\u00f6rd\u00fc.<\/p>\n\n\n\n<p>1990-c\u0131\nilin iyulunda Moskvadan V\u0259t\u0259n\u0259 qay\u0131dan Ulu \u00d6nd\u0259r Heyd\u0259r \u018fliyevin t\u0259\u015f\u0259bb\u00fcs\u00fc il\u0259\nh\u0259min ilin noyabr ay\u0131n\u0131n 21-d\u0259 Nax\u00e7\u0131van Muxtar Respublikas\u0131 Ali M\u0259clisinin q\u0259rar\u0131\nil\u0259 20 Yanvar faci\u0259sin\u0259 ilk siyasi-h\u00fcquqi qiym\u0259t verildi. S\u0259n\u0259dd\u0259 respublika s\u0259viyy\u0259sind\u0259\n20 Yanvar faci\u0259sin\u0259 siyasi-h\u00fcquqi qiym\u0259tin verilm\u0259si respublika r\u0259hb\u0259rliyind\u0259n\nt\u0259l\u0259b edildi.<br>\n&nbsp; &nbsp;&nbsp;&nbsp;&nbsp;Yaln\u0131z\n\u00dcmummilli Lider Heyd\u0259r \u018fliyev respublika r\u0259hb\u0259rliyin\u0259 qay\u0131td\u0131qdan sonra 1994-c\u00fc\nilin mart ay\u0131n\u0131n 29-da Milli M\u0259clis \u201c1990-c\u0131 il yanvar\u0131n 20-d\u0259 Bak\u0131da t\u00f6r\u0259dilmi\u015f\nfaci\u0259li hadis\u0259l\u0259r haqq\u0131nda\u201d q\u0259rar q\u0259bul etdi. Respublika s\u0259viyy\u0259sind\u0259 faci\u0259y\u0259\nh\u00fcquqi-siyasi qiym\u0259t verildi.<br>\n&nbsp; &nbsp;\u00dcmummilli lider Heyd\u0259r \u018fliyev 20 yanvar \u015f\u0259hidl\u0259rinin\nxatir\u0259sinin \u0259b\u0259dil\u0259\u015fdirilm\u0259sin\u0259, onlar\u0131n ail\u0259l\u0259rin\u0259 d\u00f6vl\u0259t qay\u011f\u0131s\u0131n\u0131n g\u00f6st\u0259rilm\u0259sin\u0259\nb\u00f6y\u00fck diqq\u0259tl\u0259 yana\u015f\u0131rd\u0131. Bu g\u00fcn \u015e\u0259hidl\u0259r Xiyaban\u0131nda ucalan \u201c\u018fb\u0259di m\u0259\u015f\u0259l\u201d abid\u0259\nkompleksi d\u0259 m\u0259hz Heyd\u0259r \u018fliyevin t\u0259\u015f\u0259bb\u00fcs\u00fc il\u0259 \u015f\u0259hidl\u0259rin xatir\u0259sin\u0259 ehtiram \u0259lam\u0259ti\nolaraq in\u015fa edilmi\u015fdir.<\/p>\n\n\n\n<p>&nbsp;Ulu\n\u00d6nd\u0259r Heyd\u0259r \u018fliyevin 2000-ci il yanvar ay\u0131n\u0131n 17-d\u0259 imzalad\u0131\u011f\u0131 f\u0259rmanla\n1990-c\u0131 ilin faci\u0259li yanvar g\u00fcnl\u0259rind\u0259 \u015f\u0259hid olmu\u015f o\u011ful v\u0259 q\u0131zlar\u0131m\u0131za \u201c20\nyanvar \u015f\u0259hidi\u201d f\u0259xri ad\u0131 verildi. \u00dcmummilli Lider Heyd\u0259r \u018fliyevin siyasi\nkursunu u\u011furla davam etdir\u0259n Az\u0259rbaycan Respublikas\u0131n\u0131n Prezidenti c\u0259nab \u0130lham\n\u018fliyev d\u0259 1990-c\u0131 ilin yanvar\u0131nda \u015f\u0259hid olmu\u015f o\u011ful v\u0259 q\u0131zlar\u0131m\u0131z\u0131n xatir\u0259sinin \u0259b\u0259dil\u0259\u015fdirilm\u0259si,\nadlar\u0131n\u0131n uca tutulmas\u0131, onlar\u0131n ail\u0259l\u0259rinin, \u00f6vladlar\u0131n\u0131n sosial m\u00fcdafi\u0259sinin\ng\u00fccl\u0259ndirilm\u0259si \u00fc\u00e7\u00fcn m\u00fch\u00fcm q\u0259rarlar vermi\u015fdir. D\u00f6vl\u0259t Ba\u015f\u00e7\u0131s\u0131 19 yanvar 2006-c\u0131\nil tarixd\u0259 \u201c20 yanvar \u015f\u0259hidl\u0259rinin ail\u0259si \u00fc\u00e7\u00fcn Az\u0259rbaycan Respublikas\u0131\nPrezidentinin t\u0259qa\u00fcd\u00fcn\u00fcn t\u0259sis edilm\u0259si haqq\u0131nda\u201d f\u0259rman vermi\u015fdir. Prezident c\u0259nab\n\u0130lham \u018fliyevin tap\u015f\u0131r\u0131\u011f\u0131 il\u0259 \u201c\u015e\u0259hidl\u0259r Xiyaban\u0131\u201d nda \u015f\u0259rq memarl\u0131\u011f\u0131 \u00fcslubunda \u0259sasl\u0131\nt\u0259mir v\u0259 yenid\u0259nqurma i\u015fl\u0259ri apar\u0131lm\u0131\u015f, Bak\u0131da, metronun \u201c20 yanvar\u201d stansiyasi\n\u00fcz\u0259rind\u0259ki \u0259razid\u0259 20 yanvar \u015f\u0259hidl\u0259rinin xatir\u0259sin\u0259 Memorial Abid\u0259 Kompleksi\nucald\u0131lm\u0131\u015fd\u0131r.<\/p>\n\n\n\n<p>&nbsp;\n&nbsp;Bu il 20 Yanvar faci\u0259sini bir ba\u015fqa \u0259hval-ruhiyy\u0259d\u0259, b\u00fct\u00f6v Az\u0259rbaycan\u0131n,\nQalib \u00f6lk\u0259nin v\u0259t\u0259nda\u015flar\u0131 kimi yad ed\u0259c\u0259yik. Bir t\u0259r\u0259fd\u0259n k\u0259d\u0259r hissi, dig\u0259r t\u0259r\u0259fd\u0259n\nq\u00fcrurla \u015f\u0259hidl\u0259rimizi ziyar\u0259t ed\u0259c\u0259yik. \u00c7\u00fcnki&nbsp; Az\u0259rbaycan Respublikas\u0131n\u0131n\nPrezidenti, Silahl\u0131 Q\u00fcvv\u0259l\u0259rin Ali Ba\u015f Komandan\u0131 c\u0259nab \u0130lham \u018fliyevin r\u0259hb\u0259rliyi\nil\u0259 M\u00fcz\u0259ff\u0259r Ordumuzun 2020-ci ilin sentyabr\u0131n 27-sind\u0259n torpaqlar\u0131m\u0131z\u0131n\ni\u015f\u011faldan azad edilm\u0259si u\u011frunda ba\u015flad\u0131\u011f\u0131 V\u0259t\u0259n m\u00fcharib\u0259si Z\u0259f\u0259rl\u0259 ba\u015fa \u00e7at\u0131b, \u015f\u0259hidl\u0259rimizin\nqisas\u0131 al\u0131n\u0131b, qanlar\u0131 yerd\u0259 qalmay\u0131b.<br>\n&nbsp; &nbsp; Qoy 44 g\u00fcnl\u00fck V\u0259t\u0259n m\u00fcharib\u0259si \u015f\u0259hidl\u0259ri d\u0259\ndaxil, b\u00fct\u00fcn \u015f\u0259hidl\u0259rimizin ruhu \u015fad olsun!<br>\n&nbsp; &nbsp;&nbsp;&nbsp;&nbsp;&nbsp;&nbsp; Az\u0259rbaycan\u0131n\nazadl\u0131\u011f\u0131, suverenliyi u\u011frunda canlar\u0131n\u0131 f\u0259da ed\u0259n \u015f\u0259hidl\u0259rin \u0259ziz xatir\u0259si q\u0259dirbil\u0259n\nxalq\u0131m\u0131z\u0131n q\u0259lbind\u0259 bundan sonra da \u0259b\u0259di ya\u015fayacaqd\u0131r!<\/p>\n\n\n\n<p>&nbsp;Allah b\u00fct\u00fcn \u015f\u0259hidl\u0259r\u0259\nr\u0259hm\u0259t el\u0259sin!<\/p>\n","protected":false},"excerpt":{"rendered":"<p>&nbsp;&nbsp; Az\u0259rbaycan xalq\u0131n\u0131n q\u00fcrur m\u00fcc\u0259ss\u0259m\u0259sin\u0259 \u00e7evril\u0259n, \u0259n yeni tariximizin \u015f\u0259r\u0259fli s\u0259hif\u0259l\u0259rind\u0259n biri say\u0131lan bu faci\u0259 xalq\u0131m\u0131z\u0131n azadl\u0131q, demokratiya v\u0259 suverenlik u\u011frunda apard\u0131\u011f\u0131 m\u00fcbariz\u0259nin d\u00f6nm\u0259zliyini b\u00fct\u00fcn d\u00fcnyaya n\u00fcmayi\u015f etdirdi, milli azadl\u0131q h\u0259r\u0259kat\u0131n\u0131n m\u00fcst\u0259qilliy\u0259 do\u011fru ir\u0259lil\u0259m\u0259sind\u0259 ciddi d\u00f6n\u00fc\u015f n\u00f6qt\u0259si oldu. 1990-c\u0131 ilin yanvar\u0131n 19-dan 20-n\u0259 ke\u00e7\u0259n gec\u0259 sovet ordusunun h\u0259rbi birl\u0259\u015fm\u0259l\u0259rinin Az\u0259rbaycanda t\u00f6r\u0259tdiyi k\u00fctl\u0259vi q\u0131r\u011f\u0131ndan 31 il [&hellip;]<\/p>\n","protected":false},"author":5,"featured_media":0,"comment_status":"closed","ping_status":"open","sticky":false,"template":"","format":"standard","meta":{"footnotes":""},"categories":[25,3],"tags":[],"class_list":["post-2839","post","type-post","status-publish","format-standard","hentry","category-tarix-cografiya-fakultsi","category-xbrlr"],"_links":{"self":[{"href":"http:\/\/tcf.gdu.edu.az\/index.php?rest_route=\/wp\/v2\/posts\/2839","targetHints":{"allow":["GET"]}}],"collection":[{"href":"http:\/\/tcf.gdu.edu.az\/index.php?rest_route=\/wp\/v2\/posts"}],"about":[{"href":"http:\/\/tcf.gdu.edu.az\/index.php?rest_route=\/wp\/v2\/types\/post"}],"author":[{"embeddable":true,"href":"http:\/\/tcf.gdu.edu.az\/index.php?rest_route=\/wp\/v2\/users\/5"}],"replies":[{"embeddable":true,"href":"http:\/\/tcf.gdu.edu.az\/index.php?rest_route=%2Fwp%2Fv2%2Fcomments&post=2839"}],"version-history":[{"count":2,"href":"http:\/\/tcf.gdu.edu.az\/index.php?rest_route=\/wp\/v2\/posts\/2839\/revisions"}],"predecessor-version":[{"id":2842,"href":"http:\/\/tcf.gdu.edu.az\/index.php?rest_route=\/wp\/v2\/posts\/2839\/revisions\/2842"}],"wp:attachment":[{"href":"http:\/\/tcf.gdu.edu.az\/index.php?rest_route=%2Fwp%2Fv2%2Fmedia&parent=2839"}],"wp:term":[{"taxonomy":"category","embeddable":true,"href":"http:\/\/tcf.gdu.edu.az\/index.php?rest_route=%2Fwp%2Fv2%2Fcategories&post=2839"},{"taxonomy":"post_tag","embeddable":true,"href":"http:\/\/tcf.gdu.edu.az\/index.php?rest_route=%2Fwp%2Fv2%2Ftags&post=2839"}],"curies":[{"name":"wp","href":"https:\/\/api.w.org\/{rel}","templated":true}]}}