{"id":2844,"date":"2023-03-08T08:58:36","date_gmt":"2023-03-08T06:58:36","guid":{"rendered":"http:\/\/tcf.gdu.edu.az\/?p=2844"},"modified":"2023-03-08T08:58:59","modified_gmt":"2023-03-08T06:58:59","slug":"8-mart-beyn%c9%99lxalq-qadinlar-gunu-4","status":"publish","type":"post","link":"http:\/\/tcf.gdu.edu.az\/?p=2844","title":{"rendered":"8 Mart \u2013 Beyn\u0259lxalq Qad\u0131nlar G\u00fcn\u00fc"},"content":{"rendered":"\n<ul class=\"wp-block-gallery columns-1 is-cropped wp-block-gallery-1 is-layout-flex wp-block-gallery-is-layout-flex\"><li class=\"blocks-gallery-item\"><figure><img loading=\"lazy\" decoding=\"async\" width=\"800\" height=\"576\" src=\"http:\/\/tcf.gdu.edu.az\/wp-content\/uploads\/2023\/03\/thumb.jpg\" alt=\"\" data-id=\"2845\" data-link=\"http:\/\/tcf.gdu.edu.az\/?attachment_id=2845#main\" class=\"wp-image-2845\" srcset=\"http:\/\/tcf.gdu.edu.az\/wp-content\/uploads\/2023\/03\/thumb.jpg 800w, http:\/\/tcf.gdu.edu.az\/wp-content\/uploads\/2023\/03\/thumb-300x216.jpg 300w, http:\/\/tcf.gdu.edu.az\/wp-content\/uploads\/2023\/03\/thumb-768x553.jpg 768w\" sizes=\"auto, (max-width: 800px) 100vw, 800px\" \/><\/figure><\/li><\/ul>\n\n\n\n<p>1910-cu ild\u0259\nsosialist qad\u0131nlar\u0131n Kopenhagend\u0259 ke\u00e7iril\u0259n II beyn\u0259lxalq konfrans\u0131nda t\u0259sis\nolunub.<\/p>\n\n\n\n<p>1910-cu ild\u0259 Danimarkan\u0131n Kopenhagen \u015f\u0259h\u0259rind\u0259 ke\u00e7iril\u0259n Qad\u0131n Sosialist\n\u0130nternasyonal\u0131n\u0131n qurultay\u0131nda 1857-ci ilin 8 mart\u0131nda Nyu-Yorkda ba\u015flayan\nm\u00fcbariz\u0259nin, qad\u0131n h\u00fcquqlar\u0131n\u0131n geni\u015fl\u0259ndirilm\u0259si v\u0259 qad\u0131n h\u0259mr\u0259yliyinin\nsimvolu olaraq Klara Setkin adl\u0131 bir alman sosialist qad\u0131n\u0131, Amerikada 8 martda\nyand\u0131r\u0131laraq \u00f6ld\u00fcr\u00fcl\u0259n 129 qad\u0131n i\u015f\u00e7inin xatir\u0259sin\u0259 h\u0259r il 8 mart g\u00fcn\u00fcn\u00fc D\u00fcnya\nQad\u0131nlar G\u00fcn\u00fc olmas\u0131n\u0131 t\u0259klif edib v\u0259 bu t\u0259klif konfransda q\u0259bul edilib.<\/p>\n\n\n\n<p>Mahiyy\u0259t etibaril\u0259 bu g\u00fcn qad\u0131nlar\u0131n ictimai-siyasi, iqtisadi b\u0259rab\u0259rlik,\n\u00f6z h\u00fcquqlar\u0131 u\u011frunda m\u00fcbariz\u0259d\u0259 h\u0259mr\u0259ylik g\u00fcn\u00fc kimi yarad\u0131l\u0131b. D\u00fcnyan\u0131n bir \u00e7ox\n\u00f6lk\u0259l\u0259rind\u0259 8 Mart m\u0259hz \u00e7al\u0131\u015fan, \u0259m\u0259k\u00e7i qad\u0131nlar\u0131n g\u00fcn\u00fc kimi qeyd olunur.<\/p>\n\n\n\n<p>\u0130lk d\u0259f\u0259 1911-ci ild\u0259 Almaniya, Avstriya, \u0130sve\u00e7r\u0259 v\u0259 Danimarkada, 1913-c\u00fc\nild\u0259 is\u0259 Rusiyada bu g\u00fcn qeyd edilm\u0259y\u0259 ba\u015flan\u0131l\u0131b. 1975-ci ild\u0259 BMT t\u0259r\u0259find\u0259n\n8 Mart Beyn\u0259lxalq Qad\u0131nlar G\u00fcn\u00fc kimi elan edilib.<\/p>\n\n\n\n<p>\u0130ki il sonra 1977-ci ild\u0259 is\u0259 n\u0259hay\u0259t Birl\u0259\u015fmi\u015f Mill\u0259tl\u0259r T\u0259\u015fkilat\u0131n\u0131n\n\u00dcmumi Qurultay\u0131nda 8 mart, qad\u0131n h\u00fcquqlar\u0131 v\u0259 beyn\u0259lxalq s\u00fclh g\u00fcn\u00fc olaraq q\u0259bul\nedildi.<\/p>\n\n\n\n<p>Beyn\u0259lxalq Qad\u0131nlar G\u00fcn\u00fc eyni zamanda qad\u0131n h\u00fcquqlar\u0131n\u0131n\ngeni\u015fl\u0259ndirilm\u0259sinin v\u0259 bu g\u00fcnk\u00fc qad\u0131n\u0131n daha azad olmas\u0131n\u0131n tarixi\ns\u0259b\u0259bl\u0259rinin xat\u0131rlanmas\u0131 \u00fc\u00e7\u00fcn d\u0259 x\u00fcsusi g\u00fcnd\u00fcr.<\/p>\n\n\n\n<p>Az\u0259rbaycanda bu bayram 1917-ci ild\u0259n m\u00fct\u0259madi qeyd edilm\u0259y\u0259 ba\u015flan\u0131l\u0131b.<\/p>\n\n\n\n<p>1998-ci ild\u0259 Az\u0259rbaycanda Ail\u0259, Qad\u0131n v\u0259 U\u015faq Probleml\u0259ri \u00fczr\u0259 D\u00f6vl\u0259t\nKomit\u0259si d\u0259 yarad\u0131l\u0131b. Az\u0259rbaycan h\u0259m d\u0259 Avropa \u015euras\u0131n\u0131n qad\u0131nlarla ba\u011fl\u0131\nb\u00fcrosunda t\u0259msil olunur, BMT-nin qad\u0131n m\u0259s\u0259l\u0259l\u0259ri \u00fczr\u0259 komissiyas\u0131n\u0131n tam\nh\u00fcquqlu \u00fczv\u00fcd\u00fcr.<\/p>\n\n\n\n<p>1995-ci ild\u0259n is\u0259 \u00f6lk\u0259miz qad\u0131nlara qar\u015f\u0131 m\u00fcnasib\u0259td\u0259 ayr\u0131-se\u00e7kiliyin b\u00fct\u00fcn\nformalar\u0131n\u0131n aradan qald\u0131r\u0131lmas\u0131 haqq\u0131nda beyn\u0259lxalq konvensiyaya qo\u015fulub.<\/p>\n\n\n\n<p>\u018fziz qad\u0131nlar, bayram\u0131n\u0131z m\u00fcbar\u0259k olsun!<\/p>\n","protected":false},"excerpt":{"rendered":"<p>1910-cu ild\u0259 sosialist qad\u0131nlar\u0131n Kopenhagend\u0259 ke\u00e7iril\u0259n II beyn\u0259lxalq konfrans\u0131nda t\u0259sis olunub. 1910-cu ild\u0259 Danimarkan\u0131n Kopenhagen \u015f\u0259h\u0259rind\u0259 ke\u00e7iril\u0259n Qad\u0131n Sosialist \u0130nternasyonal\u0131n\u0131n qurultay\u0131nda 1857-ci ilin 8 mart\u0131nda Nyu-Yorkda ba\u015flayan m\u00fcbariz\u0259nin, qad\u0131n h\u00fcquqlar\u0131n\u0131n geni\u015fl\u0259ndirilm\u0259si v\u0259 qad\u0131n h\u0259mr\u0259yliyinin simvolu olaraq Klara Setkin adl\u0131 bir alman sosialist qad\u0131n\u0131, Amerikada 8 martda yand\u0131r\u0131laraq \u00f6ld\u00fcr\u00fcl\u0259n 129 qad\u0131n i\u015f\u00e7inin xatir\u0259sin\u0259 h\u0259r il 8 [&hellip;]<\/p>\n","protected":false},"author":5,"featured_media":0,"comment_status":"closed","ping_status":"open","sticky":false,"template":"","format":"standard","meta":{"footnotes":""},"categories":[1],"tags":[],"class_list":["post-2844","post","type-post","status-publish","format-standard","hentry","category-sas"],"_links":{"self":[{"href":"http:\/\/tcf.gdu.edu.az\/index.php?rest_route=\/wp\/v2\/posts\/2844","targetHints":{"allow":["GET"]}}],"collection":[{"href":"http:\/\/tcf.gdu.edu.az\/index.php?rest_route=\/wp\/v2\/posts"}],"about":[{"href":"http:\/\/tcf.gdu.edu.az\/index.php?rest_route=\/wp\/v2\/types\/post"}],"author":[{"embeddable":true,"href":"http:\/\/tcf.gdu.edu.az\/index.php?rest_route=\/wp\/v2\/users\/5"}],"replies":[{"embeddable":true,"href":"http:\/\/tcf.gdu.edu.az\/index.php?rest_route=%2Fwp%2Fv2%2Fcomments&post=2844"}],"version-history":[{"count":2,"href":"http:\/\/tcf.gdu.edu.az\/index.php?rest_route=\/wp\/v2\/posts\/2844\/revisions"}],"predecessor-version":[{"id":2847,"href":"http:\/\/tcf.gdu.edu.az\/index.php?rest_route=\/wp\/v2\/posts\/2844\/revisions\/2847"}],"wp:attachment":[{"href":"http:\/\/tcf.gdu.edu.az\/index.php?rest_route=%2Fwp%2Fv2%2Fmedia&parent=2844"}],"wp:term":[{"taxonomy":"category","embeddable":true,"href":"http:\/\/tcf.gdu.edu.az\/index.php?rest_route=%2Fwp%2Fv2%2Fcategories&post=2844"},{"taxonomy":"post_tag","embeddable":true,"href":"http:\/\/tcf.gdu.edu.az\/index.php?rest_route=%2Fwp%2Fv2%2Ftags&post=2844"}],"curies":[{"name":"wp","href":"https:\/\/api.w.org\/{rel}","templated":true}]}}