{"id":3049,"date":"2023-04-16T17:21:28","date_gmt":"2023-04-16T15:21:28","guid":{"rendered":"http:\/\/tcf.gdu.edu.az\/?p=3049"},"modified":"2023-04-16T17:21:29","modified_gmt":"2023-04-16T15:21:29","slug":"qafqaz-albaniyasi-dini-v%c9%99-sosial-h%c9%99yati-x-beyn%c9%99lxalq-konfrans","status":"publish","type":"post","link":"http:\/\/tcf.gdu.edu.az\/?p=3049","title":{"rendered":"&#8220;Qafqaz Albaniyas\u0131: Dini v\u0259 sosial h\u0259yat\u0131&#8221;  X                    Beyn\u0259lxalq konfrans"},"content":{"rendered":"\n<figure class=\"wp-block-gallery has-nested-images columns-default is-cropped wp-block-gallery-1 is-layout-flex wp-block-gallery-is-layout-flex\">\n<figure class=\"wp-block-image size-large\"><a href=\"http:\/\/tcf.gdu.edu.az\/wp-content\/uploads\/2023\/04\/IMG-20230416-WA0000.jpg\"><img loading=\"lazy\" decoding=\"async\" width=\"684\" height=\"397\" data-id=\"3050\" src=\"http:\/\/tcf.gdu.edu.az\/wp-content\/uploads\/2023\/04\/IMG-20230416-WA0000.jpg\" alt=\"\" class=\"wp-image-3050\" srcset=\"http:\/\/tcf.gdu.edu.az\/wp-content\/uploads\/2023\/04\/IMG-20230416-WA0000.jpg 684w, http:\/\/tcf.gdu.edu.az\/wp-content\/uploads\/2023\/04\/IMG-20230416-WA0000-300x174.jpg 300w\" sizes=\"auto, (max-width: 684px) 100vw, 684px\" \/><\/a><\/figure>\n<\/figure>\n\n\n\n<p>14 aprel 2023-c\u00fc il tarixind\u0259 Bak\u0131 \u015f\u0259h\u0259rind\u0259 AMEA-n\u0131n Tarix \u0130nstitutu, Bak\u0131 Beyn\u0259lxalq Multikulturalizm M\u0259rk\u0259zi, M\u0259n\u0259vi D\u0259y\u0259rl\u0259rin T\u0259bli\u011fi Fondu v\u0259 Alban-Udi Xristian \u0130cmas\u0131n\u0131n birg\u0259 t\u0259\u015fkil etdiyi &#8220;Qafqaz Albaniyas\u0131: Dini v\u0259 sosial h\u0259yat\u0131&#8221;  X  Beyn\u0259lxalq konfrans\u0131 ke\u00e7irilmi\u015fdir. Konfransda G\u0259nc\u0259 D\u00f6vl\u0259t Universitetinin Sosial f\u0259nl\u0259r kafedras\u0131n\u0131n m\u00fcdiri dosent Ba\u011f\u0131rzad\u0259 Cavid V\u0259kil o\u011flu  &#8220;Qafqaz Albaniyas\u0131nda xristianl\u0131\u011f\u0131n yay\u0131lmas\u0131, ilk alban xristian icmas\u0131n\u0131n yaranmas\u0131 v\u0259 Gis ya\u015fay\u0131\u015f yerinin lokalla\u015fd\u0131r\u0131lmas\u0131 haqq\u0131nda&#8221; m\u00f6vzusunda m\u0259ruz\u0259 il\u0259 \u00e7\u0131x\u0131\u015f etmi\u015fdir.<\/p>\n","protected":false},"excerpt":{"rendered":"<p>14 aprel 2023-c\u00fc il tarixind\u0259 Bak\u0131 \u015f\u0259h\u0259rind\u0259 AMEA-n\u0131n Tarix \u0130nstitutu, Bak\u0131 Beyn\u0259lxalq Multikulturalizm M\u0259rk\u0259zi, M\u0259n\u0259vi D\u0259y\u0259rl\u0259rin T\u0259bli\u011fi Fondu v\u0259 Alban-Udi Xristian \u0130cmas\u0131n\u0131n birg\u0259 t\u0259\u015fkil etdiyi &#8220;Qafqaz Albaniyas\u0131: Dini v\u0259 sosial h\u0259yat\u0131&#8221; X Beyn\u0259lxalq konfrans\u0131 ke\u00e7irilmi\u015fdir. Konfransda G\u0259nc\u0259 D\u00f6vl\u0259t Universitetinin Sosial f\u0259nl\u0259r kafedras\u0131n\u0131n m\u00fcdiri dosent Ba\u011f\u0131rzad\u0259 Cavid V\u0259kil o\u011flu &#8220;Qafqaz Albaniyas\u0131nda xristianl\u0131\u011f\u0131n yay\u0131lmas\u0131, ilk alban xristian [&hellip;]<\/p>\n","protected":false},"author":5,"featured_media":0,"comment_status":"closed","ping_status":"open","sticky":false,"template":"","format":"standard","meta":{"footnotes":""},"categories":[3],"tags":[],"class_list":["post-3049","post","type-post","status-publish","format-standard","hentry","category-xbrlr"],"_links":{"self":[{"href":"http:\/\/tcf.gdu.edu.az\/index.php?rest_route=\/wp\/v2\/posts\/3049","targetHints":{"allow":["GET"]}}],"collection":[{"href":"http:\/\/tcf.gdu.edu.az\/index.php?rest_route=\/wp\/v2\/posts"}],"about":[{"href":"http:\/\/tcf.gdu.edu.az\/index.php?rest_route=\/wp\/v2\/types\/post"}],"author":[{"embeddable":true,"href":"http:\/\/tcf.gdu.edu.az\/index.php?rest_route=\/wp\/v2\/users\/5"}],"replies":[{"embeddable":true,"href":"http:\/\/tcf.gdu.edu.az\/index.php?rest_route=%2Fwp%2Fv2%2Fcomments&post=3049"}],"version-history":[{"count":1,"href":"http:\/\/tcf.gdu.edu.az\/index.php?rest_route=\/wp\/v2\/posts\/3049\/revisions"}],"predecessor-version":[{"id":3051,"href":"http:\/\/tcf.gdu.edu.az\/index.php?rest_route=\/wp\/v2\/posts\/3049\/revisions\/3051"}],"wp:attachment":[{"href":"http:\/\/tcf.gdu.edu.az\/index.php?rest_route=%2Fwp%2Fv2%2Fmedia&parent=3049"}],"wp:term":[{"taxonomy":"category","embeddable":true,"href":"http:\/\/tcf.gdu.edu.az\/index.php?rest_route=%2Fwp%2Fv2%2Fcategories&post=3049"},{"taxonomy":"post_tag","embeddable":true,"href":"http:\/\/tcf.gdu.edu.az\/index.php?rest_route=%2Fwp%2Fv2%2Ftags&post=3049"}],"curies":[{"name":"wp","href":"https:\/\/api.w.org\/{rel}","templated":true}]}}