{"id":3064,"date":"2023-04-23T11:38:43","date_gmt":"2023-04-23T09:38:43","guid":{"rendered":"http:\/\/tcf.gdu.edu.az\/?p=3064"},"modified":"2023-04-23T11:38:45","modified_gmt":"2023-04-23T09:38:45","slug":"baki-beyn%c9%99lxalq-multikulturalizm-m%c9%99rk%c9%99zinin-kecirdiyi-terninq","status":"publish","type":"post","link":"http:\/\/tcf.gdu.edu.az\/?p=3064","title":{"rendered":"Bak\u0131 Beyn\u0259lxalq Multikulturalizm M\u0259rk\u0259zinin ke\u00e7irdiyi terninq"},"content":{"rendered":"\n<figure class=\"wp-block-gallery has-nested-images columns-default is-cropped wp-block-gallery-1 is-layout-flex wp-block-gallery-is-layout-flex\">\n<figure class=\"wp-block-image size-large\"><a href=\"http:\/\/tcf.gdu.edu.az\/wp-content\/uploads\/2023\/04\/IMG-20230423-WA0004.jpg\"><img loading=\"lazy\" decoding=\"async\" width=\"305\" height=\"165\" data-id=\"3065\" src=\"http:\/\/tcf.gdu.edu.az\/wp-content\/uploads\/2023\/04\/IMG-20230423-WA0004.jpg\" alt=\"\" class=\"wp-image-3065\" srcset=\"http:\/\/tcf.gdu.edu.az\/wp-content\/uploads\/2023\/04\/IMG-20230423-WA0004.jpg 305w, http:\/\/tcf.gdu.edu.az\/wp-content\/uploads\/2023\/04\/IMG-20230423-WA0004-300x162.jpg 300w\" sizes=\"auto, (max-width: 305px) 100vw, 305px\" \/><\/a><\/figure>\n<\/figure>\n\n\n\n<p> <\/p>\n\n\n\n<figure class=\"wp-block-gallery has-nested-images columns-default is-cropped wp-block-gallery-2 is-layout-flex wp-block-gallery-is-layout-flex\">\n<figure class=\"wp-block-image size-large\"><a href=\"http:\/\/tcf.gdu.edu.az\/wp-content\/uploads\/2023\/04\/IMG-20230422-WA0001.jpg\"><img loading=\"lazy\" decoding=\"async\" width=\"419\" height=\"1024\" data-id=\"3066\" src=\"http:\/\/tcf.gdu.edu.az\/wp-content\/uploads\/2023\/04\/IMG-20230422-WA0001-419x1024.jpg\" alt=\"\" class=\"wp-image-3066\" srcset=\"http:\/\/tcf.gdu.edu.az\/wp-content\/uploads\/2023\/04\/IMG-20230422-WA0001-419x1024.jpg 419w, http:\/\/tcf.gdu.edu.az\/wp-content\/uploads\/2023\/04\/IMG-20230422-WA0001-123x300.jpg 123w, http:\/\/tcf.gdu.edu.az\/wp-content\/uploads\/2023\/04\/IMG-20230422-WA0001.jpg 540w\" sizes=\"auto, (max-width: 419px) 100vw, 419px\" \/><\/a><\/figure>\n<\/figure>\n\n\n\n<figure class=\"wp-block-gallery has-nested-images columns-default is-cropped wp-block-gallery-3 is-layout-flex wp-block-gallery-is-layout-flex\">\n<figure class=\"wp-block-image size-large\"><a href=\"http:\/\/tcf.gdu.edu.az\/wp-content\/uploads\/2023\/04\/IMG-20230422-WA0003.jpg\"><img loading=\"lazy\" decoding=\"async\" width=\"473\" height=\"1024\" data-id=\"3067\" src=\"http:\/\/tcf.gdu.edu.az\/wp-content\/uploads\/2023\/04\/IMG-20230422-WA0003-473x1024.jpg\" alt=\"\" class=\"wp-image-3067\" srcset=\"http:\/\/tcf.gdu.edu.az\/wp-content\/uploads\/2023\/04\/IMG-20230422-WA0003-473x1024.jpg 473w, http:\/\/tcf.gdu.edu.az\/wp-content\/uploads\/2023\/04\/IMG-20230422-WA0003-139x300.jpg 139w, http:\/\/tcf.gdu.edu.az\/wp-content\/uploads\/2023\/04\/IMG-20230422-WA0003-709x1536.jpg 709w, http:\/\/tcf.gdu.edu.az\/wp-content\/uploads\/2023\/04\/IMG-20230422-WA0003.jpg 739w\" sizes=\"auto, (max-width: 473px) 100vw, 473px\" \/><\/a><\/figure>\n<\/figure>\n\n\n\n<p style=\"font-size:14px\">     Bak\u0131 Beyn\u0259lxlalq Multikulturalizm M\u0259rk\u0259zi 15 aprel 2023-c\u00fc il tarixind\u0259n 13 may 2023-c\u00fc il tarixin\u0259d\u0259k Multikulturalizm f\u0259nni t\u0259drisi il\u0259 ba\u011fl\u0131 treninq ke\u00e7irir. Treninq ancaq h\u0259ft\u0259nin \u015f\u0259nb\u0259 g\u00fcnl\u0259ri zoom proqram\u0131 vasit\u0259sil\u0259 ke\u00e7irilir. Treninqd\u0259 Sosial f\u0259nl\u0259r kafedras\u0131n\u0131n m\u00fc\u0259lliml\u0259ri \u018fhm\u0259dova Yegan\u0259 Mehman q\u0131z\u0131, \u0130sayeva Ayt\u0259n Cabbar q\u0131z\u0131, R\u0259himova G\u00fclnar Ya\u015far q\u0131z\u0131, \u018fliyev S\u0259dr\u0259ddin Malik o\u011flu, Axundova Lamiy\u0259 Ramiz q\u0131z\u0131, F\u0259rhadova Qumru Misir q\u0131z\u0131, M\u0259mm\u0259dova P\u0259rvan\u0259 \u0130smay\u0131l q\u0131z\u0131, Yusibova G\u00fcnel Yal\u00e7\u0131n q\u0131z\u0131 v\u0259 Ta\u011f\u0131zad\u0259 M\u0259l\u0259k Fariz q\u0131z\u0131 i\u015ftirak edirl\u0259r.<\/p>\n","protected":false},"excerpt":{"rendered":"<p>Bak\u0131 Beyn\u0259lxlalq Multikulturalizm M\u0259rk\u0259zi 15 aprel 2023-c\u00fc il tarixind\u0259n 13 may 2023-c\u00fc il tarixin\u0259d\u0259k Multikulturalizm f\u0259nni t\u0259drisi il\u0259 ba\u011fl\u0131 treninq ke\u00e7irir. Treninq ancaq h\u0259ft\u0259nin \u015f\u0259nb\u0259 g\u00fcnl\u0259ri zoom proqram\u0131 vasit\u0259sil\u0259 ke\u00e7irilir. Treninqd\u0259 Sosial f\u0259nl\u0259r kafedras\u0131n\u0131n m\u00fc\u0259lliml\u0259ri \u018fhm\u0259dova Yegan\u0259 Mehman q\u0131z\u0131, \u0130sayeva Ayt\u0259n Cabbar q\u0131z\u0131, R\u0259himova G\u00fclnar Ya\u015far q\u0131z\u0131, \u018fliyev S\u0259dr\u0259ddin Malik o\u011flu, Axundova Lamiy\u0259 Ramiz q\u0131z\u0131, [&hellip;]<\/p>\n","protected":false},"author":5,"featured_media":0,"comment_status":"closed","ping_status":"open","sticky":false,"template":"","format":"standard","meta":{"footnotes":""},"categories":[18,3],"tags":[],"class_list":["post-3064","post","type-post","status-publish","format-standard","hentry","category-sosial-fnlar","category-xbrlr"],"_links":{"self":[{"href":"http:\/\/tcf.gdu.edu.az\/index.php?rest_route=\/wp\/v2\/posts\/3064","targetHints":{"allow":["GET"]}}],"collection":[{"href":"http:\/\/tcf.gdu.edu.az\/index.php?rest_route=\/wp\/v2\/posts"}],"about":[{"href":"http:\/\/tcf.gdu.edu.az\/index.php?rest_route=\/wp\/v2\/types\/post"}],"author":[{"embeddable":true,"href":"http:\/\/tcf.gdu.edu.az\/index.php?rest_route=\/wp\/v2\/users\/5"}],"replies":[{"embeddable":true,"href":"http:\/\/tcf.gdu.edu.az\/index.php?rest_route=%2Fwp%2Fv2%2Fcomments&post=3064"}],"version-history":[{"count":1,"href":"http:\/\/tcf.gdu.edu.az\/index.php?rest_route=\/wp\/v2\/posts\/3064\/revisions"}],"predecessor-version":[{"id":3068,"href":"http:\/\/tcf.gdu.edu.az\/index.php?rest_route=\/wp\/v2\/posts\/3064\/revisions\/3068"}],"wp:attachment":[{"href":"http:\/\/tcf.gdu.edu.az\/index.php?rest_route=%2Fwp%2Fv2%2Fmedia&parent=3064"}],"wp:term":[{"taxonomy":"category","embeddable":true,"href":"http:\/\/tcf.gdu.edu.az\/index.php?rest_route=%2Fwp%2Fv2%2Fcategories&post=3064"},{"taxonomy":"post_tag","embeddable":true,"href":"http:\/\/tcf.gdu.edu.az\/index.php?rest_route=%2Fwp%2Fv2%2Ftags&post=3064"}],"curies":[{"name":"wp","href":"https:\/\/api.w.org\/{rel}","templated":true}]}}