{"id":3070,"date":"2023-05-10T19:05:01","date_gmt":"2023-05-10T17:05:01","guid":{"rendered":"http:\/\/tcf.gdu.edu.az\/?p=3070"},"modified":"2023-05-10T19:05:03","modified_gmt":"2023-05-10T17:05:03","slug":"ulu-ond%c9%99r-heyd%c9%99r-%c9%99liyevin-anadan-olmasinin-100-illik-yubileyin%c9%99-h%c9%99sr-olunmus-d%c9%99rs","status":"publish","type":"post","link":"http:\/\/tcf.gdu.edu.az\/?p=3070","title":{"rendered":"\u201cUlu \u00d6nd\u0259r Heyd\u0259r \u018fliyevin anadan olmas\u0131n\u0131n 100 illik\u201d yubileyin\u0259 h\u0259sr olunmu\u015f d\u0259rs"},"content":{"rendered":"\n<p><\/p>\n\n\n\n<figure class=\"wp-block-gallery has-nested-images columns-default is-cropped wp-block-gallery-1 is-layout-flex wp-block-gallery-is-layout-flex\">\n<figure class=\"wp-block-image size-large\"><a href=\"http:\/\/tcf.gdu.edu.az\/wp-content\/uploads\/2023\/05\/IMG-20230508-WA0009.jpg\"><img loading=\"lazy\" decoding=\"async\" width=\"396\" height=\"577\" data-id=\"3071\" src=\"http:\/\/tcf.gdu.edu.az\/wp-content\/uploads\/2023\/05\/IMG-20230508-WA0009.jpg\" alt=\"\" class=\"wp-image-3071\" srcset=\"http:\/\/tcf.gdu.edu.az\/wp-content\/uploads\/2023\/05\/IMG-20230508-WA0009.jpg 396w, http:\/\/tcf.gdu.edu.az\/wp-content\/uploads\/2023\/05\/IMG-20230508-WA0009-206x300.jpg 206w\" sizes=\"auto, (max-width: 396px) 100vw, 396px\" \/><\/a><\/figure>\n<\/figure>\n\n\n\n<figure class=\"wp-block-gallery has-nested-images columns-default is-cropped wp-block-gallery-2 is-layout-flex wp-block-gallery-is-layout-flex\">\n<figure class=\"wp-block-image size-large\"><a href=\"http:\/\/tcf.gdu.edu.az\/wp-content\/uploads\/2023\/05\/IMG-20230508-WA0003.jpg\"><img loading=\"lazy\" decoding=\"async\" width=\"397\" height=\"600\" data-id=\"3072\" src=\"http:\/\/tcf.gdu.edu.az\/wp-content\/uploads\/2023\/05\/IMG-20230508-WA0003.jpg\" alt=\"\" class=\"wp-image-3072\" srcset=\"http:\/\/tcf.gdu.edu.az\/wp-content\/uploads\/2023\/05\/IMG-20230508-WA0003.jpg 397w, http:\/\/tcf.gdu.edu.az\/wp-content\/uploads\/2023\/05\/IMG-20230508-WA0003-199x300.jpg 199w\" sizes=\"auto, (max-width: 397px) 100vw, 397px\" \/><\/a><\/figure>\n<\/figure>\n\n\n\n<figure class=\"wp-block-gallery has-nested-images columns-default is-cropped wp-block-gallery-3 is-layout-flex wp-block-gallery-is-layout-flex\">\n<figure class=\"wp-block-image size-large\"><a href=\"http:\/\/tcf.gdu.edu.az\/wp-content\/uploads\/2023\/05\/IMG-20230508-WA0011.jpg\"><img loading=\"lazy\" decoding=\"async\" width=\"394\" height=\"470\" data-id=\"3073\" src=\"http:\/\/tcf.gdu.edu.az\/wp-content\/uploads\/2023\/05\/IMG-20230508-WA0011.jpg\" alt=\"\" class=\"wp-image-3073\" srcset=\"http:\/\/tcf.gdu.edu.az\/wp-content\/uploads\/2023\/05\/IMG-20230508-WA0011.jpg 394w, http:\/\/tcf.gdu.edu.az\/wp-content\/uploads\/2023\/05\/IMG-20230508-WA0011-251x300.jpg 251w\" sizes=\"auto, (max-width: 394px) 100vw, 394px\" \/><\/a><\/figure>\n<\/figure>\n\n\n\n<figure class=\"wp-block-gallery has-nested-images columns-default is-cropped wp-block-gallery-4 is-layout-flex wp-block-gallery-is-layout-flex\">\n<figure class=\"wp-block-image size-large\"><a href=\"http:\/\/tcf.gdu.edu.az\/wp-content\/uploads\/2023\/05\/IMG-20230508-WA0010.jpg\"><img loading=\"lazy\" decoding=\"async\" width=\"396\" height=\"489\" data-id=\"3074\" src=\"http:\/\/tcf.gdu.edu.az\/wp-content\/uploads\/2023\/05\/IMG-20230508-WA0010.jpg\" alt=\"\" class=\"wp-image-3074\" srcset=\"http:\/\/tcf.gdu.edu.az\/wp-content\/uploads\/2023\/05\/IMG-20230508-WA0010.jpg 396w, http:\/\/tcf.gdu.edu.az\/wp-content\/uploads\/2023\/05\/IMG-20230508-WA0010-243x300.jpg 243w\" sizes=\"auto, (max-width: 396px) 100vw, 396px\" \/><\/a><\/figure>\n<\/figure>\n\n\n\n<figure class=\"wp-block-gallery has-nested-images columns-default is-cropped wp-block-gallery-5 is-layout-flex wp-block-gallery-is-layout-flex\">\n<figure class=\"wp-block-image size-large\"><a href=\"http:\/\/tcf.gdu.edu.az\/wp-content\/uploads\/2023\/05\/IMG-20230508-WA0006.jpg\"><img loading=\"lazy\" decoding=\"async\" width=\"576\" height=\"1024\" data-id=\"3075\" src=\"http:\/\/tcf.gdu.edu.az\/wp-content\/uploads\/2023\/05\/IMG-20230508-WA0006-576x1024.jpg\" alt=\"\" class=\"wp-image-3075\" srcset=\"http:\/\/tcf.gdu.edu.az\/wp-content\/uploads\/2023\/05\/IMG-20230508-WA0006-576x1024.jpg 576w, http:\/\/tcf.gdu.edu.az\/wp-content\/uploads\/2023\/05\/IMG-20230508-WA0006-169x300.jpg 169w, http:\/\/tcf.gdu.edu.az\/wp-content\/uploads\/2023\/05\/IMG-20230508-WA0006.jpg 750w\" sizes=\"auto, (max-width: 576px) 100vw, 576px\" \/><\/a><\/figure>\n<\/figure>\n\n\n\n<p>       10 may 2023-c\u00fc il tarixind\u0259 Sosial f\u0259nl\u0259r kafedras\u0131n\u0131n m\u00fc\u0259llimi M\u0259mm\u0259dova P\u0259rvan\u0259 \u0130smay\u0131l q\u0131z\u0131n\u0131n Tarix-Co\u011frafiya fak\u00fclt\u0259sinin Sosial i\u015f ixtisas\u0131n\u0131n 3 kursunda t\u0259dris etdiyi \u201cHeyd\u0259r \u018fliyev v\u0259 Az\u0259rbaycan d\u00f6vl\u0259t\u00e7iliyi\u201d f\u0259nnin seminar d\u0259rsind\u0259 t\u0259l\u0259b\u0259l\u0259r \u201c<strong>Ulu \u00d6nd\u0259r Heyd\u0259r \u018fliyevin anadan olmas\u0131n\u0131n 100 illik<\/strong>\u201d yubileyin\u0259 h\u0259sr olunmu\u015f \u00a0video\u00e7arx n\u00fcmayi\u015f etdiribl\u0259r. Video\u00e7arxda Az\u0259rbaycan xalq\u0131n\u0131n \u00dcmummilli Lideri, m\u00fcst\u0259qil Az\u0259rbaycan d\u00f6vl\u0259tinin qurucusu, g\u00f6rk\u0259mli siyasi v\u0259 d\u00f6vl\u0259t xadimi Heyd\u0259r \u018fliyevin \u00a0parlaq v\u0259 \u015f\u0259r\u0259fli h\u0259yat yolu, d\u00f6vl\u0259t\u00e7ilik f\u0259aliyy\u0259ti, az\u0259rbaycan\u00e7\u0131l\u0131q ideologiyas\u0131 v\u0259 \u00f6lk\u0259mizin h\u0259r sah\u0259 \u00fczr\u0259 inki\u015faf\u0131 istiqam\u0259tind\u0259 g\u00f6st\u0259rdiyi \u0259v\u0259zsiz xidm\u0259tl\u0259ri n\u00fcmayi\u015f etdirilib.<\/p>\n","protected":false},"excerpt":{"rendered":"<p>10 may 2023-c\u00fc il tarixind\u0259 Sosial f\u0259nl\u0259r kafedras\u0131n\u0131n m\u00fc\u0259llimi M\u0259mm\u0259dova P\u0259rvan\u0259 \u0130smay\u0131l q\u0131z\u0131n\u0131n Tarix-Co\u011frafiya fak\u00fclt\u0259sinin Sosial i\u015f ixtisas\u0131n\u0131n 3 kursunda t\u0259dris etdiyi \u201cHeyd\u0259r \u018fliyev v\u0259 Az\u0259rbaycan d\u00f6vl\u0259t\u00e7iliyi\u201d f\u0259nnin seminar d\u0259rsind\u0259 t\u0259l\u0259b\u0259l\u0259r \u201cUlu \u00d6nd\u0259r Heyd\u0259r \u018fliyevin anadan olmas\u0131n\u0131n 100 illik\u201d yubileyin\u0259 h\u0259sr olunmu\u015f \u00a0video\u00e7arx n\u00fcmayi\u015f etdiribl\u0259r. Video\u00e7arxda Az\u0259rbaycan xalq\u0131n\u0131n \u00dcmummilli Lideri, m\u00fcst\u0259qil Az\u0259rbaycan d\u00f6vl\u0259tinin qurucusu, g\u00f6rk\u0259mli [&hellip;]<\/p>\n","protected":false},"author":5,"featured_media":0,"comment_status":"closed","ping_status":"open","sticky":false,"template":"","format":"standard","meta":{"footnotes":""},"categories":[3],"tags":[],"class_list":["post-3070","post","type-post","status-publish","format-standard","hentry","category-xbrlr"],"_links":{"self":[{"href":"http:\/\/tcf.gdu.edu.az\/index.php?rest_route=\/wp\/v2\/posts\/3070","targetHints":{"allow":["GET"]}}],"collection":[{"href":"http:\/\/tcf.gdu.edu.az\/index.php?rest_route=\/wp\/v2\/posts"}],"about":[{"href":"http:\/\/tcf.gdu.edu.az\/index.php?rest_route=\/wp\/v2\/types\/post"}],"author":[{"embeddable":true,"href":"http:\/\/tcf.gdu.edu.az\/index.php?rest_route=\/wp\/v2\/users\/5"}],"replies":[{"embeddable":true,"href":"http:\/\/tcf.gdu.edu.az\/index.php?rest_route=%2Fwp%2Fv2%2Fcomments&post=3070"}],"version-history":[{"count":1,"href":"http:\/\/tcf.gdu.edu.az\/index.php?rest_route=\/wp\/v2\/posts\/3070\/revisions"}],"predecessor-version":[{"id":3076,"href":"http:\/\/tcf.gdu.edu.az\/index.php?rest_route=\/wp\/v2\/posts\/3070\/revisions\/3076"}],"wp:attachment":[{"href":"http:\/\/tcf.gdu.edu.az\/index.php?rest_route=%2Fwp%2Fv2%2Fmedia&parent=3070"}],"wp:term":[{"taxonomy":"category","embeddable":true,"href":"http:\/\/tcf.gdu.edu.az\/index.php?rest_route=%2Fwp%2Fv2%2Fcategories&post=3070"},{"taxonomy":"post_tag","embeddable":true,"href":"http:\/\/tcf.gdu.edu.az\/index.php?rest_route=%2Fwp%2Fv2%2Ftags&post=3070"}],"curies":[{"name":"wp","href":"https:\/\/api.w.org\/{rel}","templated":true}]}}