{"id":3094,"date":"2023-05-28T10:08:57","date_gmt":"2023-05-28T08:08:57","guid":{"rendered":"http:\/\/tcf.gdu.edu.az\/?p=3094"},"modified":"2023-05-28T10:09:01","modified_gmt":"2023-05-28T08:09:01","slug":"tariximizin-%c9%99n-sanli-%c9%99n-parlaq-s%c9%99hif%c9%99si","status":"publish","type":"post","link":"http:\/\/tcf.gdu.edu.az\/?p=3094","title":{"rendered":"Tariximizin \u0259n \u015fanl\u0131, \u0259n parlaq s\u0259hif\u0259si"},"content":{"rendered":"\n<figure class=\"wp-block-gallery has-nested-images columns-default is-cropped wp-block-gallery-1 is-layout-flex wp-block-gallery-is-layout-flex\">\n<figure class=\"wp-block-image size-large\"><a href=\"http:\/\/tcf.gdu.edu.az\/wp-content\/uploads\/2023\/05\/28-may-2023-05-28-001219.png\"><img loading=\"lazy\" decoding=\"async\" width=\"1024\" height=\"638\" data-id=\"3095\" src=\"http:\/\/tcf.gdu.edu.az\/wp-content\/uploads\/2023\/05\/28-may-2023-05-28-001219-1024x638.png\" alt=\"\" class=\"wp-image-3095\" srcset=\"http:\/\/tcf.gdu.edu.az\/wp-content\/uploads\/2023\/05\/28-may-2023-05-28-001219-1024x638.png 1024w, http:\/\/tcf.gdu.edu.az\/wp-content\/uploads\/2023\/05\/28-may-2023-05-28-001219-300x187.png 300w, http:\/\/tcf.gdu.edu.az\/wp-content\/uploads\/2023\/05\/28-may-2023-05-28-001219-768x479.png 768w, http:\/\/tcf.gdu.edu.az\/wp-content\/uploads\/2023\/05\/28-may-2023-05-28-001219-1536x957.png 1536w, http:\/\/tcf.gdu.edu.az\/wp-content\/uploads\/2023\/05\/28-may-2023-05-28-001219.png 1600w\" sizes=\"auto, (max-width: 1024px) 100vw, 1024px\" \/><\/a><\/figure>\n<\/figure>\n\n\n\n<p>Q\u0259dim v\u0259 z\u0259ngin d\u00f6vl\u0259t\u00e7ilik \u0259n\u0259n\u0259l\u0259rin\u0259 malik olan Az\u0259rbaycanda xalq\u0131m\u0131z azadl\u0131\u011f\u0131 v\u0259 m\u00fcst\u0259qilliyi u\u011frunda daim m\u00fcbariz\u0259 apar\u0131b. Bu m\u00fcbariz\u0259 \u00e7\u0259tin s\u0131naqlarla, tarixin dir\u0259ni\u015fl\u0259ri il\u0259 d\u0259 \u00fczl\u0259\u015fib. G\u00fcl\u00fcstan m\u00fcqavil\u0259si il\u0259 ikiy\u0259 b\u00f6l\u00fcn\u0259n Az\u0259rbaycanda milli-azadl\u0131q h\u0259r\u0259kat\u0131 he\u00e7 zaman s\u0259ngim\u0259yib. Bu m\u00fcbariz\u0259nin m\u0259ntiqi n\u0259tic\u0259si olaraq 1918-ci ilin 28 may\u0131nda \u0130stiqlal B\u0259yannam\u0259si imzaland\u0131, Az\u0259rbaycan d\u00f6vl\u0259t\u00e7iliyi yenid\u0259n tarixin s\u0259hif\u0259l\u0259rin\u0259 qay\u0131td\u0131 &#8211; Az\u0259rbaycan Xalq C\u00fcmhuriyy\u0259ti quruldu.<br>1918-ci il may\u0131n 28-d\u0259 Az\u0259rbaycan Xalq C\u00fcmhuriyy\u0259tinin yarad\u0131lmas\u0131 Az\u0259rbaycan\u0131n h\u0259yat\u0131na b\u00f6y\u00fck tarixi hadis\u0259 kimi daxil oldu. Xalq C\u00fcmhuriyy\u0259ti \u00f6z\u00fcn\u00fcn d\u00f6vl\u0259t\u00e7ilik \u0259saslar\u0131 v\u0259 demokratik islahatlar\u0131 il\u0259 m\u00fcs\u0259lman \u015e\u0259rqinin ilk demokratik d\u00f6vl\u0259t t\u0259sisat\u0131 oldu.&nbsp; M\u00fcst\u0259qil, demokratik respublika olan Az\u0259rbaycan Xalq C\u00fcmhuriyy\u0259ti 23 ayl\u0131q f\u0259aliyy\u0259ti d\u00f6vr\u00fcnd\u0259 xalq\u0131n milli m\u0259nlik \u015f\u00fcurunu \u00f6z\u00fcn\u0259 qaytard\u0131, onun \u00f6z m\u00fcq\u0259dd\u0259rat\u0131n\u0131 t\u0259yin etm\u0259y\u0259 qadir oldu\u011funu t\u0259sdiql\u0259di.<\/p>\n\n\n\n<p>1918-ci il may\u0131n 28-d\u0259 Tiflisd\u0259, Qafqaz cani\u015fininin iqam\u0259tgah\u0131nda tarixi iclas ke\u00e7irildi. Milli \u015eura 24 n\u0259f\u0259r lehin\u0259, 2 n\u0259f\u0259r bit\u0259r\u0259f qalmaqla Az\u0259rbaycan\u0131n m\u00fcst\u0259qilliyi haqq\u0131nda \u0130stiqlal B\u0259yannam\u0259sini q\u0259bul ed\u0259r\u0259k, Az\u0259rbaycan\u0131n m\u00fcst\u0259qilliyini r\u0259smi olaraq elan etdi. \u0130stiqlal B\u0259yannam\u0259sinin q\u0259bul olunmas\u0131 il\u0259 Az\u0259rbaycanda m\u00fcst\u0259qil d\u00f6vl\u0259t, C\u00fcmhuriyy\u0259t yaranmas\u0131 d\u00fcnyaya b\u0259yan edildi. M\u00fcst\u0259qillikl\u0259rini elan ed\u0259n Az\u0259rbaycan, G\u00fcrc\u00fcstan v\u0259 Erm\u0259nistan n\u00fcmay\u0259nd\u0259l\u0259ri Batumda Osmanl\u0131 d\u00f6vl\u0259ti il\u0259 dan\u0131\u015f\u0131qlar apararaq, 1918-ci il iyunun 4-d\u0259 ayr\u0131-ayr\u0131 m\u00fcqavil\u0259l\u0259r imzalad\u0131lar. Az\u0259rbaycanla ba\u011flanan Dostluq v\u0259 \u018fm\u0259kda\u015fl\u0131q M\u00fcqavil\u0259sini Az\u0259rbaycan t\u0259r\u0259fd\u0259n Milli \u015euran\u0131n s\u0259dri M\u0259mm\u0259d \u018fmin R\u0259sulzad\u0259 v\u0259 Xarici \u0130\u015fl\u0259r naziri M\u0259mm\u0259d H\u0259s\u0259n Hac\u0131nski imzalad\u0131. Az\u0259rbaycan\u0131n m\u00fcst\u0259qilliyini ilk tan\u0131yan T\u00fcrkiy\u0259 il\u0259 imzalanan m\u00fcqavil\u0259nin \u00fc\u00e7\u00fcnc\u00fc madd\u0259si Az\u0259rbaycan\u0131n torpaq v\u0259 \u0259razi b\u00fct\u00f6vl\u00fcy\u00fcn\u00fc, d\u00f6rd\u00fcnc\u00fc madd\u0259si is\u0259 T\u00fcrkiy\u0259nin Az\u0259rbaycana siyasi v\u0259 h\u0259rbi k\u00f6m\u0259yini \u0259hat\u0259l\u0259yirdi.<\/p>\n\n\n\n<p>AXC d\u00f6vr\u00fcnd\u0259 milli d\u00f6vl\u0259t\u00e7iliyin \u0259saslar\u0131n\u0131n g\u00fccl\u0259ndirilm\u0259si istiqam\u0259tind\u0259 d\u0259 strateji \u0259h\u0259miyy\u0259tli add\u0131mlar at\u0131ld\u0131. C\u00fcmhuriyy\u0259t parlamenti milli d\u00f6vl\u0259t\u00e7iliyin g\u00fccl\u0259ndirilm\u0259si n\u00f6qteyi-n\u0259z\u0259rind\u0259n b\u00f6y\u00fck \u0259h\u0259miyy\u0259t da\u015f\u0131yan &#8211; xalq maarifinin inki\u015faf\u0131na \u00e7ox m\u00fch\u00fcm t\u0259kan ver\u0259n v\u0259zif\u0259l\u0259rd\u0259n birini realla\u015fd\u0131rd\u0131. Ali qanunverici orqan t\u0259r\u0259find\u0259n q\u0259bul edil\u0259n 1918-ci il 27 iyun tarixli q\u0259rara \u0259sas\u0259n Az\u0259rbaycan dili d\u00f6vl\u0259t dili elan olundu.<\/p>\n\n\n\n<p>1918-ci il iyunun 26-da &#8220;Az\u0259rbaycan Milli Ordusunun yarad\u0131lmas\u0131 haqq\u0131nda&#8221; qanun, sentyabr\u0131n 1-d\u0259 H\u0259rb Nazirliyinin yarad\u0131lmas\u0131 il\u0259 \u0259laq\u0259dar q\u0259rar q\u0259bul olundu. Dekabr\u0131n 25-d\u0259 general S\u0259m\u0259d b\u0259y Mehmandarov h\u0259rb naziri, general \u018fla\u011fa \u015e\u0131xlinski h\u0259rb nazirinin m\u00fcavini, general S\u00fcleyman Sulkevi\u00e7 ba\u015f q\u0259rargah r\u0259isi t\u0259yin edildi. 1920-ci ilin yanvar\u0131nda ordu quruculu\u011fu i\u015fi tamamland\u0131 v\u0259 30 mini piyada, 10 mini s\u00fcvari olmaqla, 40 min n\u0259f\u0259rlik nizami ordu yarad\u0131ld\u0131.<br>Az\u0259rbaycan dinc, m\u0259d\u0259ni, \u00e7oxmill\u0259tli v\u0259 \u00e7oxm\u0259d\u0259niyy\u0259tli bir c\u0259miyy\u0259t kimi C\u00fcmhuriyy\u0259t d\u00f6vr\u00fcnd\u0259 d\u0259 multikultural d\u0259y\u0259rl\u0259ri qoruyub v\u0259 qanunla d\u0259st\u0259kl\u0259yib. 1919-cu il iyulun 21-d\u0259 Az\u0259rbaycan Parlamenti &#8220;Az\u0259rbaycan Respublikas\u0131n\u0131n M\u00fc\u0259ssisl\u0259r M\u0259clisin\u0259 Se\u00e7kil\u0259r Haqq\u0131nda \u018fsasnam\u0259&#8221;ni t\u0259sdiq etdi. \u018fsasnam\u0259 4 f\u0259sild\u0259n, 116 b\u0259ndd\u0259n ibar\u0259t idi. \u018fsasnam\u0259y\u0259 \u0259sas\u0259n, M\u00fc\u0259ssisl\u0259r M\u0259clisin\u0259 se\u00e7kil\u0259rd\u0259 dinind\u0259n, cinsind\u0259n, milliyy\u0259tind\u0259n as\u0131l\u0131 olmayaraq 20 ya\u015f\u0131na \u00e7atm\u0131\u015f b\u00fct\u00fcn Az\u0259rbaycan v\u0259t\u0259nda\u015flar\u0131 i\u015ftirak ed\u0259 bil\u0259rdil\u0259r.&nbsp; H\u00f6kum\u0259tin q\u0259bul etdiyi q\u0259rar il\u0259 Az\u0259rbaycan qad\u0131n\u0131 d\u00f6vl\u0259t idar\u0259\u00e7iliyin\u0259 c\u0259lb olundu. T\u00fcrk d\u00fcnyas\u0131nda v\u0259 m\u00fcs\u0259lman al\u0259mind\u0259 ilk d\u0259f\u0259 qad\u0131nlara se\u00e7m\u0259k v\u0259 se\u00e7ilm\u0259k h\u00fcququ ver\u0259n \u00f6lk\u0259 d\u0259 m\u0259hz Az\u0259rbaycan oldu. Bu, d\u00fcnya tarixi \u00fc\u00e7\u00fcn m\u00fch\u00fcm hadis\u0259 idi.<\/p>\n\n\n\n<p>\u00c7ox m\u00fcr\u0259kk\u0259b \u015f\u0259raitd\u0259 f\u0259aliyy\u0259t g\u00f6st\u0259rm\u0259sin\u0259 baxmayaraq, h\u00f6kum\u0259t elmin, t\u0259hsilin, xalq maarifinin, s\u0259hiyy\u0259nin inki\u015faf\u0131na x\u00fcsusi diqq\u0259t g\u00f6st\u0259rirdi. Orta t\u0259dris m\u0259kt\u0259bl\u0259rinin yar\u0131s\u0131 millil\u0259\u015fdirildi, m\u0259kt\u0259bl\u0259rd\u0259 milli tarix t\u0259dris olunma\u011fa ba\u015fland\u0131. \u00d6lk\u0259d\u0259 m\u00fcxt\u0259lif d\u0259r\u0259c\u0259li m\u0259kt\u0259bl\u0259r, gimnaziyalar, q\u0131z m\u0259kt\u0259bl\u0259ri, u\u015faq ba\u011f\u00e7alar\u0131, q\u0131sam\u00fcdd\u0259tli m\u00fc\u0259llim kurslar\u0131, kitabxanalar a\u00e7\u0131ld\u0131. X\u0259st\u0259xanalar tikilirdi, k\u0259nd yerl\u0259rind\u0259 feld\u015fer m\u0259nt\u0259q\u0259l\u0259ri \u015f\u0259b\u0259k\u0259si yarad\u0131l\u0131rd\u0131, a\u011f\u0131r x\u0259st\u0259likl\u0259r\u0259 qar\u015f\u0131 m\u00fcbariz\u0259 apar\u0131l\u0131rd\u0131.<\/p>\n\n\n\n<p>H\u00f6kum\u0259t t\u0259r\u0259find\u0259n 1918-ci il iyunun 24-d\u0259 \u0259vv\u0259lc\u0259 \u00fcz\u0259rind\u0259 a\u011f r\u0259ngli aypara v\u0259 s\u0259kkizgu\u015f\u0259li ulduz t\u0259sviri olan q\u0131rm\u0131z\u0131 bayraq d\u00f6vl\u0259t bayra\u011f\u0131 kimi q\u0259bul edildi. Daha sonra 1918-ci il noyabr\u0131n 9-da h\u0259min bayraq \u00fc\u00e7r\u0259ngli &#8211; mavi, q\u0131rm\u0131z\u0131 v\u0259 ya\u015f\u0131l r\u0259ngl\u0259rd\u0259n ibar\u0259t olan bayraqla \u0259v\u0259zl\u0259ndi.<\/p>\n\n\n\n<p>1918-ci il dekabr\u0131n 7-d\u0259 Parlamentin t\u0259nt\u0259n\u0259li a\u00e7\u0131l\u0131\u015f\u0131 oldu. Bu, b\u00fct\u00fcn m\u00fcs\u0259lman \u015e\u0259rqind\u0259 o d\u00f6vr\u00fcn demokratik prinsipl\u0259ri \u0259sas\u0131nda formala\u015fd\u0131r\u0131lan ilk parlament idi. \u018flim\u0259rdan b\u0259y Top\u00e7uba\u015fov parlamentin s\u0259dri, H\u0259s\u0259n b\u0259y A\u011fayev onun birinci m\u00fcavini se\u00e7ildi.<\/p>\n\n\n\n<p>C\u00fcmhuriyy\u0259t Parlamentinin 1919-cu il sentyabr\u0131n 1-d\u0259 Bak\u0131 D\u00f6vl\u0259t Universitetinin t\u0259sis olunmas\u0131 haqq\u0131nda q\u0259bul etdiyi qanun x\u00fcsusi \u0259h\u0259miyy\u0259t\u0259 malikdir. Milli universitetin a\u00e7\u0131lmas\u0131 C\u00fcmhuriyy\u0259t xadiml\u0259rinin xalq\u0131m\u0131z qar\u015f\u0131s\u0131nda \u00e7ox m\u00fch\u00fcm tarixi xidm\u0259ti idi. Sonralar imperiya Az\u0259rbaycan Xalq C\u00fcmhuriyy\u0259tini ilhaq ets\u0259 d\u0259, onun ideyalar\u0131n\u0131n ya\u015famas\u0131nda v\u0259 xalq\u0131m\u0131z\u0131n yenid\u0259n m\u00fcst\u0259qilliy\u0259 qovu\u015fmas\u0131nda Bak\u0131 D\u00f6vl\u0259t Universiteti misilsiz rol oynad\u0131.<\/p>\n\n\n\n<p>Az\u0259rbaycan Xalq C\u00fcmhuriyy\u0259ti 23 ayl\u0131q f\u0259aliyy\u0259ti d\u00f6vr\u00fcnd\u0259 h\u0259yata ke\u00e7irdiyi m\u00fcst\u0259qil d\u00f6vl\u0259t quruculu\u011fu t\u0259cr\u00fcb\u0259si, q\u0259bul etdiyi y\u00fcks\u0259k s\u0259viyy\u0259li qanunvericilik aktlar\u0131 v\u0259 q\u0259rarlar\u0131 il\u0259 Az\u0259rbaycan d\u00f6vl\u0259t\u00e7iliyi, x\u00fcsus\u0259n d\u0259 parlament tarixind\u0259 d\u0259rin v\u0259 z\u0259ngin iz qoydu.<\/p>\n\n\n\n<p>XX \u0259srin sonlar\u0131nda d\u00f6vl\u0259t m\u00fcst\u0259qilliyini yenid\u0259n b\u0259rpa ed\u0259n Az\u0259rbaycan suverenliyini qoruyub saxlaya bildi. Daxili v\u0259 xarici t\u0259sirl\u0259r\u0259 g\u00f6r\u0259 d\u00f6vl\u0259t m\u00fcst\u0259qilliyini itirm\u0259 t\u0259hl\u00fck\u0259si il\u0259 \u00fczl\u0259\u015f\u0259nd\u0259 b\u00f6y\u00fck tarixi \u015f\u0259xsiyy\u0259t Heyd\u0259r \u018fliyev xalq\u0131n ciddi t\u0259l\u0259bi il\u0259 hakimiyy\u0259t\u0259 d\u0259v\u0259t edildi. \u00dcmummilli Lider Az\u0259rbaycan\u0131n d\u00f6vl\u0259t m\u00fcst\u0259qilliyinin qorunmas\u0131n\u0131 t\u0259min etdi, g\u0259r\u0259kli,&nbsp; q\u0259tiyy\u0259tli t\u0259dbirl\u0259r g\u00f6rd\u00fc, \u00f6lk\u0259d\u0259 davaml\u0131 ictimai-siyasi sabitliyi b\u0259rq\u0259rar etdi. M\u00fcasir m\u00fcst\u0259qil Az\u0259rbaycan \u00dcmummilli Liderin r\u0259hb\u0259rliyi il\u0259 s\u00fcr\u0259tli inki\u015faf yoluna q\u0259d\u0259m qoydu.<\/p>\n\n\n\n<p>Ulu \u00d6nd\u0259r d\u0259f\u0259l\u0259rl\u0259 bildirmi\u015fdi ki, biz bu g\u00fcn demokratik Az\u0259rbaycan d\u00f6vl\u0259tini qururuqsa, aya\u011fa qald\u0131r\u0131r\u0131qsa, Xalq C\u00fcmhuriyy\u0259tin\u0259 borcluyuq.<\/p>\n\n\n\n<p>\u00dcmummilli Liderin bu siyas\u0259tini Prezident \u0130lham \u018fliyev u\u011furla davam etdirir. Bu g\u00fcn Az\u0259rbaycan Xalq C\u00fcmhuriyy\u0259tinin varisi olan m\u00fcst\u0259qil Az\u0259rbaycan Respublikas\u0131 inki\u015faf yolunda \u0259min add\u0131mlarla ir\u0259lil\u0259yir. Haz\u0131rda Az\u0259rbaycan d\u00fcnya miqyas\u0131nda dayan\u0131ql\u0131 inki\u015fafa v\u0259 m\u00f6hk\u0259m ictimai-siyasi sabitliy\u0259 malik olan \u00f6lk\u0259 kimi tan\u0131n\u0131r. T\u0259bii ki, bu inki\u015faf\u0131n v\u0259 sabitliyin \u0259sas\u0131nda u\u011furla realla\u015fd\u0131r\u0131lan praqmatik daxili v\u0259 xarici siyas\u0259t kursu dayan\u0131r. Milli inki\u015faf modelinin u\u011furla t\u0259tbiq edilm\u0259si v\u0259 h\u0259d\u0259fl\u0259n\u0259n n\u0259tic\u0259l\u0259rin \u0259ld\u0259 olunmas\u0131, sosial-siyasi islahatlar\u0131n davaml\u0131 olaraq h\u0259yata ke\u00e7irilm\u0259si, qanunvericilik bazas\u0131n\u0131n z\u0259nginl\u0259\u015fdirilm\u0259si, \u00f6lk\u0259mizin beyn\u0259lxalq m\u00fcnasib\u0259tl\u0259r sisteminin n\u00fcfuz v\u0259 g\u00fcc iyerarxiyas\u0131nda s\u00fcr\u0259tl\u0259 ir\u0259lil\u0259m\u0259si v\u0259 dig\u0259r nailiyy\u0259tl\u0259r m\u00fcasir m\u00fcst\u0259qil Az\u0259rbaycan\u0131n ger\u00e7\u0259klikl\u0259rini t\u0259\u015fkil edir.<\/p>\n\n\n\n<p>Prezident \u0130lham \u018fliyevin qeyd etdiyi kimi: &#8220;Az\u0259rbaycan Xalq C\u00fcmhuriyy\u0259tinin yarad\u0131lmas\u0131 v\u0259 iki il \u0259rzind\u0259 f\u0259aliyy\u0259ti tarixi hadis\u0259 idi. Az\u0259rbaycan o \u00f6lk\u0259l\u0259rd\u0259ndir ki, h\u0259l\u0259 y\u00fcz il bundan \u0259vv\u0259l \u0259n \u00fclvi demokratik d\u0259y\u0259rl\u0259ri n\u0259inki b\u0259yan edib, \u00f6z praktiki f\u0259aliyy\u0259tind\u0259 onlar\u0131 t\u0259min edib. Bug\u00fcnk\u00fc Az\u0259rbaycan, m\u00fcst\u0259qil Az\u0259rbaycan Az\u0259rbaycan Xalq C\u00fcmhuriyy\u0259tinin varisidir. Biz Az\u0259rbaycan Xalq C\u00fcmhuriyy\u0259tinin b\u00fct\u00fcn demokratik \u0259n\u0259n\u0259l\u0259rin\u0259 sadiqik v\u0259 bu \u0259n\u0259n\u0259l\u0259ri ya\u015fad\u0131r\u0131q&#8221;.<\/p>\n\n\n\n<p>Azadl\u0131q, m\u00fcst\u0259qillik, \u0259razi b\u00fct\u00f6vl\u00fcy\u00fc h\u0259m bir v\u0259t\u0259nda\u015f \u00fc\u00e7\u00fcn, h\u0259m d\u0259 xalqlar, mill\u0259tl\u0259r \u00fc\u00e7\u00fcn m\u00fcq\u0259dd\u0259s, \u015firin nem\u0259tdir. Xalq\u0131m\u0131z azadl\u0131\u011f\u0131m\u0131z\u0131n, m\u00fcst\u0259qilliyimizin yolunu ill\u0259rl\u0259 g\u00f6zl\u0259yib, bu yolda minl\u0259rl\u0259 \u015f\u0259hid verib. Azadl\u0131\u011f\u0131, m\u00fcst\u0259qilliyi \u0259ld\u0259 etm\u0259k n\u0259 q\u0259d\u0259r \u00e7\u0259tindirs\u0259, onu qoruyub saxlamaq bir o q\u0259d\u0259r m\u00fcr\u0259kk\u0259b v\u0259 a\u011f\u0131r m\u0259s\u0259l\u0259dir.<br>2020-ci ilin 27 sentyabr\u0131nda d\u00fc\u015fm\u0259n t\u0259xribatlar\u0131na cavab olaraq \u0259ks-h\u00fccum \u0259m\u0259liyyat\u0131 il\u0259 ba\u015flay\u0131b b\u00f6y\u00fck Z\u0259f\u0259rl\u0259 tamamlanan V\u0259t\u0259n m\u00fcharib\u0259sind\u0259 xalq\u0131m\u0131z\u0131n n\u00fcmayi\u015f etdirdiyi v\u0259t\u0259np\u0259rv\u0259rlik n\u00fcmun\u0259si \u0259n y\u00fcks\u0259k \u0259xlaqi-etik keyfiyy\u0259t kimi \u00f6z\u00fcn\u00fc t\u0259sdiq etdi. Xalq\u0131m\u0131z\u0131n tarixin bu s\u0131na\u011f\u0131ndan aln\u0131a\u00e7\u0131q, \u00fcz\u00fca\u011f, z\u0259f\u0259rl\u0259 \u00e7\u0131xmas\u0131n\u0131 \u015f\u0259rtl\u0259ndir\u0259n ba\u015fl\u0131ca amill\u0259rd\u0259n biri d\u0259 az\u0259rbaycan\u00e7\u0131l\u0131q, V\u0259t\u0259n\u0259 sonsuz sevgi hissinin sars\u0131lmazl\u0131\u011f\u0131 idi. V\u0259t\u0259n\u0259, torpa\u011fa bu ba\u011fl\u0131l\u0131\u011f\u0131n t\u0259c\u0259ss\u00fcm\u00fc idi ki, \u0130kinci Qaraba\u011f m\u00fcharib\u0259sind\u0259 r\u0259\u015fad\u0259tli Az\u0259rbaycan Ordusu M\u00fcz\u0259ff\u0259r Ali Ba\u015f Komandan \u0130lham \u018fliyevin r\u0259hb\u0259rliyi alt\u0131nda \u00f6z \u0259zmi v\u0259 \u015f\u00fcca\u0259ti il\u0259 i\u015f\u011fal olunmu\u015f torpaqlar\u0131m\u0131z\u0131 d\u00fc\u015fm\u0259nd\u0259n t\u0259mizl\u0259y\u0259r\u0259k Az\u0259rbaycan\u0131n \u0259razi b\u00fct\u00f6vl\u00fcy\u00fcn\u00fc t\u0259min etm\u0259yi bacard\u0131.<\/p>\n\n\n\n<p>Art\u0131q i\u015f\u011faldan azad olunmu\u015f \u0259razil\u0259rimizd\u0259 g\u00fcn\u0259\u015f yenid\u0259n do\u011fur, \u0259z\u0259li v\u0259 \u0259b\u0259di yurd yerl\u0259rimiz yenid\u0259n canlan\u0131r, \u00fc\u00e7r\u0259ngli bayra\u011f\u0131m\u0131z\u0131n k\u00f6lg\u0259sind\u0259ki i\u015f\u011faldan azad edilmi\u015f b\u00fct\u00fcn \u015f\u0259h\u0259rl\u0259rimiz, q\u0259s\u0259b\u0259l\u0259rimiz, k\u0259ndl\u0259rimiz yenid\u0259n qurulur.<br>Bu g\u00fcnl\u0259rd\u0259 \u00f6lk\u0259mizin m\u0259d\u0259niyy\u0259t paytaxt\u0131 \u015eu\u015fan\u0131n C\u0131d\u0131r d\u00fcz\u00fcnd\u0259 dosta f\u0259xar\u0259t, d\u00fc\u015fm\u0259n\u0259 g\u00f6z da\u011f\u0131 olan &#8220;Xar\u0131b\u00fclb\u00fcl&#8221; musiqi festival\u0131 da q\u00fcdr\u0259tli v\u0259 m\u00f6hk\u0259m d\u00f6vl\u0259timizin \u00f6z azadl\u0131\u011f\u0131na, m\u00fcst\u0259qilliyin\u0259, \u0259razi b\u00fct\u00f6vl\u00fcy\u00fcn\u0259 verdiyi d\u0259y\u0259rl\u0259 d\u00fcnyan\u0131n diqq\u0259t m\u0259rk\u0259zind\u0259 oldu. Bir daha t\u0259sdiql\u0259ndi ki, Az\u0259rbaycan d\u00f6vl\u0259t\u00e7iliyi \u0259b\u0259didir!<\/p>\n","protected":false},"excerpt":{"rendered":"<p>Q\u0259dim v\u0259 z\u0259ngin d\u00f6vl\u0259t\u00e7ilik \u0259n\u0259n\u0259l\u0259rin\u0259 malik olan Az\u0259rbaycanda xalq\u0131m\u0131z azadl\u0131\u011f\u0131 v\u0259 m\u00fcst\u0259qilliyi u\u011frunda daim m\u00fcbariz\u0259 apar\u0131b. Bu m\u00fcbariz\u0259 \u00e7\u0259tin s\u0131naqlarla, tarixin dir\u0259ni\u015fl\u0259ri il\u0259 d\u0259 \u00fczl\u0259\u015fib. G\u00fcl\u00fcstan m\u00fcqavil\u0259si il\u0259 ikiy\u0259 b\u00f6l\u00fcn\u0259n Az\u0259rbaycanda milli-azadl\u0131q h\u0259r\u0259kat\u0131 he\u00e7 zaman s\u0259ngim\u0259yib. Bu m\u00fcbariz\u0259nin m\u0259ntiqi n\u0259tic\u0259si olaraq 1918-ci ilin 28 may\u0131nda \u0130stiqlal B\u0259yannam\u0259si imzaland\u0131, Az\u0259rbaycan d\u00f6vl\u0259t\u00e7iliyi yenid\u0259n tarixin s\u0259hif\u0259l\u0259rin\u0259 qay\u0131td\u0131 &#8211; [&hellip;]<\/p>\n","protected":false},"author":5,"featured_media":0,"comment_status":"closed","ping_status":"open","sticky":false,"template":"","format":"standard","meta":{"footnotes":""},"categories":[3],"tags":[],"class_list":["post-3094","post","type-post","status-publish","format-standard","hentry","category-xbrlr"],"_links":{"self":[{"href":"http:\/\/tcf.gdu.edu.az\/index.php?rest_route=\/wp\/v2\/posts\/3094","targetHints":{"allow":["GET"]}}],"collection":[{"href":"http:\/\/tcf.gdu.edu.az\/index.php?rest_route=\/wp\/v2\/posts"}],"about":[{"href":"http:\/\/tcf.gdu.edu.az\/index.php?rest_route=\/wp\/v2\/types\/post"}],"author":[{"embeddable":true,"href":"http:\/\/tcf.gdu.edu.az\/index.php?rest_route=\/wp\/v2\/users\/5"}],"replies":[{"embeddable":true,"href":"http:\/\/tcf.gdu.edu.az\/index.php?rest_route=%2Fwp%2Fv2%2Fcomments&post=3094"}],"version-history":[{"count":1,"href":"http:\/\/tcf.gdu.edu.az\/index.php?rest_route=\/wp\/v2\/posts\/3094\/revisions"}],"predecessor-version":[{"id":3096,"href":"http:\/\/tcf.gdu.edu.az\/index.php?rest_route=\/wp\/v2\/posts\/3094\/revisions\/3096"}],"wp:attachment":[{"href":"http:\/\/tcf.gdu.edu.az\/index.php?rest_route=%2Fwp%2Fv2%2Fmedia&parent=3094"}],"wp:term":[{"taxonomy":"category","embeddable":true,"href":"http:\/\/tcf.gdu.edu.az\/index.php?rest_route=%2Fwp%2Fv2%2Fcategories&post=3094"},{"taxonomy":"post_tag","embeddable":true,"href":"http:\/\/tcf.gdu.edu.az\/index.php?rest_route=%2Fwp%2Fv2%2Ftags&post=3094"}],"curies":[{"name":"wp","href":"https:\/\/api.w.org\/{rel}","templated":true}]}}