{"id":3371,"date":"2024-03-18T21:50:44","date_gmt":"2024-03-18T19:50:44","guid":{"rendered":"http:\/\/tcf.gdu.edu.az\/?p=3371"},"modified":"2024-03-18T21:50:44","modified_gmt":"2024-03-18T19:50:44","slug":"sosial-f%c9%99nl%c9%99r-kafedrasinin-mu%c9%99lliml%c9%99ri-beyn%c9%99lxalq-konfransda-istirak-etmisdil%c9%99r","status":"publish","type":"post","link":"http:\/\/tcf.gdu.edu.az\/?p=3371","title":{"rendered":"Sosial f\u0259nl\u0259r kafedras\u0131n\u0131n m\u00fc\u0259lliml\u0259ri           Beyn\u0259lxalq konfransda i\u015ftirak etmi\u015fdil\u0259r"},"content":{"rendered":"\n<figure class=\"wp-block-gallery has-nested-images columns-default is-cropped wp-block-gallery-1 is-layout-flex wp-block-gallery-is-layout-flex\">\n<figure class=\"wp-block-image size-large\"><a href=\"http:\/\/tcf.gdu.edu.az\/wp-content\/uploads\/2024\/03\/IMG-20240317-WA0003.jpg\"><img loading=\"lazy\" decoding=\"async\" width=\"498\" height=\"1024\" data-id=\"3372\" src=\"http:\/\/tcf.gdu.edu.az\/wp-content\/uploads\/2024\/03\/IMG-20240317-WA0003-498x1024.jpg\" alt=\"\" class=\"wp-image-3372\" srcset=\"http:\/\/tcf.gdu.edu.az\/wp-content\/uploads\/2024\/03\/IMG-20240317-WA0003-498x1024.jpg 498w, http:\/\/tcf.gdu.edu.az\/wp-content\/uploads\/2024\/03\/IMG-20240317-WA0003-146x300.jpg 146w, http:\/\/tcf.gdu.edu.az\/wp-content\/uploads\/2024\/03\/IMG-20240317-WA0003.jpg 540w\" sizes=\"auto, (max-width: 498px) 100vw, 498px\" \/><\/a><\/figure>\n<\/figure>\n\n\n\n<figure class=\"wp-block-gallery has-nested-images columns-default is-cropped wp-block-gallery-2 is-layout-flex wp-block-gallery-is-layout-flex\">\n<figure class=\"wp-block-image size-large\"><a href=\"http:\/\/tcf.gdu.edu.az\/wp-content\/uploads\/2024\/03\/IMG-20240317-WA0000.jpg\"><img loading=\"lazy\" decoding=\"async\" width=\"514\" height=\"738\" data-id=\"3373\" src=\"http:\/\/tcf.gdu.edu.az\/wp-content\/uploads\/2024\/03\/IMG-20240317-WA0000.jpg\" alt=\"\" class=\"wp-image-3373\" srcset=\"http:\/\/tcf.gdu.edu.az\/wp-content\/uploads\/2024\/03\/IMG-20240317-WA0000.jpg 514w, http:\/\/tcf.gdu.edu.az\/wp-content\/uploads\/2024\/03\/IMG-20240317-WA0000-209x300.jpg 209w\" sizes=\"auto, (max-width: 514px) 100vw, 514px\" \/><\/a><\/figure>\n<\/figure>\n\n\n\n<p>         Tarix-Co\u011frafiya fak\u00fclt\u0259sinin Sosial f\u0259nl\u0259r kafedras\u0131n\u0131n m\u00fc\u0259llimi Yusibova G\u00fcnel Yal\u00e7\u0131n q\u0131z\u0131  Beyn\u0259lxalq konfransda &#8220;\u015eu\u015fa B\u0259yannam\u0259sinin T\u00fcrkiy\u0259-Az\u0259rbaycan strateji ili\u015fkil\u0259ri a\u00e7\u0131s\u0131ndan \u00f6n\u0259mi&#8221; m\u00f6vzusunda \u00e7\u0131x\u0131\u015f etmi\u015fdir. <\/p>\n\n\n\n<figure class=\"wp-block-gallery has-nested-images columns-default is-cropped wp-block-gallery-3 is-layout-flex wp-block-gallery-is-layout-flex\">\n<figure class=\"wp-block-image size-large\"><a href=\"http:\/\/tcf.gdu.edu.az\/wp-content\/uploads\/2024\/03\/IMG-20240318-WA0003.jpg\"><img loading=\"lazy\" decoding=\"async\" width=\"498\" height=\"1024\" data-id=\"3374\" src=\"http:\/\/tcf.gdu.edu.az\/wp-content\/uploads\/2024\/03\/IMG-20240318-WA0003-498x1024.jpg\" alt=\"\" class=\"wp-image-3374\" srcset=\"http:\/\/tcf.gdu.edu.az\/wp-content\/uploads\/2024\/03\/IMG-20240318-WA0003-498x1024.jpg 498w, http:\/\/tcf.gdu.edu.az\/wp-content\/uploads\/2024\/03\/IMG-20240318-WA0003-146x300.jpg 146w, http:\/\/tcf.gdu.edu.az\/wp-content\/uploads\/2024\/03\/IMG-20240318-WA0003-768x1579.jpg 768w, http:\/\/tcf.gdu.edu.az\/wp-content\/uploads\/2024\/03\/IMG-20240318-WA0003-747x1536.jpg 747w, http:\/\/tcf.gdu.edu.az\/wp-content\/uploads\/2024\/03\/IMG-20240318-WA0003.jpg 778w\" sizes=\"auto, (max-width: 498px) 100vw, 498px\" \/><\/a><\/figure>\n<\/figure>\n\n\n\n<figure class=\"wp-block-gallery has-nested-images columns-default is-cropped wp-block-gallery-4 is-layout-flex wp-block-gallery-is-layout-flex\">\n<figure class=\"wp-block-image size-large\"><a href=\"http:\/\/tcf.gdu.edu.az\/wp-content\/uploads\/2024\/03\/IMG-20240318-WA0004.jpg\"><img loading=\"lazy\" decoding=\"async\" width=\"564\" height=\"1024\" data-id=\"3375\" src=\"http:\/\/tcf.gdu.edu.az\/wp-content\/uploads\/2024\/03\/IMG-20240318-WA0004-564x1024.jpg\" alt=\"\" class=\"wp-image-3375\" srcset=\"http:\/\/tcf.gdu.edu.az\/wp-content\/uploads\/2024\/03\/IMG-20240318-WA0004-564x1024.jpg 564w, http:\/\/tcf.gdu.edu.az\/wp-content\/uploads\/2024\/03\/IMG-20240318-WA0004-165x300.jpg 165w, http:\/\/tcf.gdu.edu.az\/wp-content\/uploads\/2024\/03\/IMG-20240318-WA0004-768x1394.jpg 768w, http:\/\/tcf.gdu.edu.az\/wp-content\/uploads\/2024\/03\/IMG-20240318-WA0004-846x1536.jpg 846w, http:\/\/tcf.gdu.edu.az\/wp-content\/uploads\/2024\/03\/IMG-20240318-WA0004.jpg 1080w\" sizes=\"auto, (max-width: 564px) 100vw, 564px\" \/><\/a><\/figure>\n<\/figure>\n\n\n\n<p>        Tarix-Co\u011frafiya fak\u00fclt\u0259sinin Sosial f\u0259nl\u0259r kafedras\u0131n\u0131n m\u00fc\u0259llimi R\u0259himova G\u00fclnar Ya\u015far q\u0131z\u0131  Qazax\u0131stan\u0131n Almata \u015f\u0259h\u0259rind\u0259 03-04 mart 2024-c\u00fc il tarixind\u0259 \u018fl F\u0259rabi ad\u0131na ke\u00e7irilmi\u015f Beyn\u0259lxalq  elmi t\u0259dqiqat v\u0259 innovasiyalar konfrans\u0131nda (onl &#8220;Az\u0259rbaycanda ke\u00e7iril\u0259n prezident se\u00e7kil\u0259ri fonunda f\u0259al siyasi i\u015ftirak\u0131n t\u0259hlili&#8221; m\u00f6vzusunda m\u0259ruz\u0259 il\u0259 \u00e7\u0131x\u0131\u015f etmi\u015fdir.<\/p>\n","protected":false},"excerpt":{"rendered":"<p>Tarix-Co\u011frafiya fak\u00fclt\u0259sinin Sosial f\u0259nl\u0259r kafedras\u0131n\u0131n m\u00fc\u0259llimi Yusibova G\u00fcnel Yal\u00e7\u0131n q\u0131z\u0131 Beyn\u0259lxalq konfransda &#8220;\u015eu\u015fa B\u0259yannam\u0259sinin T\u00fcrkiy\u0259-Az\u0259rbaycan strateji ili\u015fkil\u0259ri a\u00e7\u0131s\u0131ndan \u00f6n\u0259mi&#8221; m\u00f6vzusunda \u00e7\u0131x\u0131\u015f etmi\u015fdir. Tarix-Co\u011frafiya fak\u00fclt\u0259sinin Sosial f\u0259nl\u0259r kafedras\u0131n\u0131n m\u00fc\u0259llimi R\u0259himova G\u00fclnar Ya\u015far q\u0131z\u0131 Qazax\u0131stan\u0131n Almata \u015f\u0259h\u0259rind\u0259 03-04 mart 2024-c\u00fc il tarixind\u0259 \u018fl F\u0259rabi ad\u0131na ke\u00e7irilmi\u015f Beyn\u0259lxalq elmi t\u0259dqiqat v\u0259 innovasiyalar konfrans\u0131nda (onl &#8220;Az\u0259rbaycanda ke\u00e7iril\u0259n prezident se\u00e7kil\u0259ri [&hellip;]<\/p>\n","protected":false},"author":5,"featured_media":0,"comment_status":"closed","ping_status":"open","sticky":false,"template":"","format":"standard","meta":{"footnotes":""},"categories":[18,3],"tags":[],"class_list":["post-3371","post","type-post","status-publish","format-standard","hentry","category-sosial-fnlar","category-xbrlr"],"_links":{"self":[{"href":"http:\/\/tcf.gdu.edu.az\/index.php?rest_route=\/wp\/v2\/posts\/3371","targetHints":{"allow":["GET"]}}],"collection":[{"href":"http:\/\/tcf.gdu.edu.az\/index.php?rest_route=\/wp\/v2\/posts"}],"about":[{"href":"http:\/\/tcf.gdu.edu.az\/index.php?rest_route=\/wp\/v2\/types\/post"}],"author":[{"embeddable":true,"href":"http:\/\/tcf.gdu.edu.az\/index.php?rest_route=\/wp\/v2\/users\/5"}],"replies":[{"embeddable":true,"href":"http:\/\/tcf.gdu.edu.az\/index.php?rest_route=%2Fwp%2Fv2%2Fcomments&post=3371"}],"version-history":[{"count":1,"href":"http:\/\/tcf.gdu.edu.az\/index.php?rest_route=\/wp\/v2\/posts\/3371\/revisions"}],"predecessor-version":[{"id":3376,"href":"http:\/\/tcf.gdu.edu.az\/index.php?rest_route=\/wp\/v2\/posts\/3371\/revisions\/3376"}],"wp:attachment":[{"href":"http:\/\/tcf.gdu.edu.az\/index.php?rest_route=%2Fwp%2Fv2%2Fmedia&parent=3371"}],"wp:term":[{"taxonomy":"category","embeddable":true,"href":"http:\/\/tcf.gdu.edu.az\/index.php?rest_route=%2Fwp%2Fv2%2Fcategories&post=3371"},{"taxonomy":"post_tag","embeddable":true,"href":"http:\/\/tcf.gdu.edu.az\/index.php?rest_route=%2Fwp%2Fv2%2Ftags&post=3371"}],"curies":[{"name":"wp","href":"https:\/\/api.w.org\/{rel}","templated":true}]}}