{"id":3857,"date":"2025-02-13T19:32:47","date_gmt":"2025-02-13T17:32:47","guid":{"rendered":"http:\/\/tcf.gdu.edu.az\/?p=3857"},"modified":"2025-02-13T19:32:48","modified_gmt":"2025-02-13T17:32:48","slug":"qerbi-azerbaycana-qayidis-tarix-faktlar-hadiseler-movzusunda-tedbir-kecirilib","status":"publish","type":"post","link":"http:\/\/tcf.gdu.edu.az\/?p=3857","title":{"rendered":"\u201cQ\u018fRB\u0130 AZ\u018fRBAYCANA QAYIDI\u015e: TAR\u0130X, FAKTLAR, HAD\u0130S\u018fL\u018fR\u201d M\u00d6VZUSUNDA T\u018fDB\u0130R KE\u00c7\u0130R\u0130L\u0130B"},"content":{"rendered":"\n<figure class=\"wp-block-gallery has-nested-images columns-default is-cropped wp-block-gallery-1 is-layout-flex wp-block-gallery-is-layout-flex\">\n<figure class=\"wp-block-image size-large\"><a href=\"http:\/\/tcf.gdu.edu.az\/wp-content\/uploads\/2025\/02\/IMG_7869.jpg\"><img loading=\"lazy\" decoding=\"async\" width=\"1024\" height=\"683\" data-id=\"3858\" src=\"http:\/\/tcf.gdu.edu.az\/wp-content\/uploads\/2025\/02\/IMG_7869-1024x683.jpg\" alt=\"\" class=\"wp-image-3858\" srcset=\"http:\/\/tcf.gdu.edu.az\/wp-content\/uploads\/2025\/02\/IMG_7869-1024x683.jpg 1024w, http:\/\/tcf.gdu.edu.az\/wp-content\/uploads\/2025\/02\/IMG_7869-300x200.jpg 300w, http:\/\/tcf.gdu.edu.az\/wp-content\/uploads\/2025\/02\/IMG_7869-768x512.jpg 768w, http:\/\/tcf.gdu.edu.az\/wp-content\/uploads\/2025\/02\/IMG_7869-960x640.jpg 960w, http:\/\/tcf.gdu.edu.az\/wp-content\/uploads\/2025\/02\/IMG_7869-480x320.jpg 480w, http:\/\/tcf.gdu.edu.az\/wp-content\/uploads\/2025\/02\/IMG_7869-320x213.jpg 320w, http:\/\/tcf.gdu.edu.az\/wp-content\/uploads\/2025\/02\/IMG_7869-240x160.jpg 240w, http:\/\/tcf.gdu.edu.az\/wp-content\/uploads\/2025\/02\/IMG_7869.jpg 1524w\" sizes=\"auto, (max-width: 1024px) 100vw, 1024px\" \/><\/a><\/figure>\n<\/figure>\n\n\n\n<figure class=\"wp-block-gallery has-nested-images columns-default is-cropped wp-block-gallery-2 is-layout-flex wp-block-gallery-is-layout-flex\">\n<figure class=\"wp-block-image size-large\"><a href=\"http:\/\/tcf.gdu.edu.az\/wp-content\/uploads\/2025\/02\/IMG_7911.jpg\"><img loading=\"lazy\" decoding=\"async\" width=\"1024\" height=\"683\" data-id=\"3859\" src=\"http:\/\/tcf.gdu.edu.az\/wp-content\/uploads\/2025\/02\/IMG_7911-1024x683.jpg\" alt=\"\" class=\"wp-image-3859\" srcset=\"http:\/\/tcf.gdu.edu.az\/wp-content\/uploads\/2025\/02\/IMG_7911-1024x683.jpg 1024w, http:\/\/tcf.gdu.edu.az\/wp-content\/uploads\/2025\/02\/IMG_7911-300x200.jpg 300w, http:\/\/tcf.gdu.edu.az\/wp-content\/uploads\/2025\/02\/IMG_7911-768x512.jpg 768w, http:\/\/tcf.gdu.edu.az\/wp-content\/uploads\/2025\/02\/IMG_7911-960x640.jpg 960w, http:\/\/tcf.gdu.edu.az\/wp-content\/uploads\/2025\/02\/IMG_7911-480x320.jpg 480w, http:\/\/tcf.gdu.edu.az\/wp-content\/uploads\/2025\/02\/IMG_7911-320x213.jpg 320w, http:\/\/tcf.gdu.edu.az\/wp-content\/uploads\/2025\/02\/IMG_7911-240x160.jpg 240w, http:\/\/tcf.gdu.edu.az\/wp-content\/uploads\/2025\/02\/IMG_7911.jpg 1524w\" sizes=\"auto, (max-width: 1024px) 100vw, 1024px\" \/><\/a><\/figure>\n<\/figure>\n\n\n\n<figure class=\"wp-block-gallery has-nested-images columns-default is-cropped wp-block-gallery-3 is-layout-flex wp-block-gallery-is-layout-flex\">\n<figure class=\"wp-block-image size-large\"><a href=\"http:\/\/tcf.gdu.edu.az\/wp-content\/uploads\/2025\/02\/IMG_7945.jpg\"><img loading=\"lazy\" decoding=\"async\" width=\"1024\" height=\"683\" data-id=\"3860\" src=\"http:\/\/tcf.gdu.edu.az\/wp-content\/uploads\/2025\/02\/IMG_7945-1024x683.jpg\" alt=\"\" class=\"wp-image-3860\" srcset=\"http:\/\/tcf.gdu.edu.az\/wp-content\/uploads\/2025\/02\/IMG_7945-1024x683.jpg 1024w, http:\/\/tcf.gdu.edu.az\/wp-content\/uploads\/2025\/02\/IMG_7945-300x200.jpg 300w, http:\/\/tcf.gdu.edu.az\/wp-content\/uploads\/2025\/02\/IMG_7945-768x512.jpg 768w, http:\/\/tcf.gdu.edu.az\/wp-content\/uploads\/2025\/02\/IMG_7945-960x640.jpg 960w, http:\/\/tcf.gdu.edu.az\/wp-content\/uploads\/2025\/02\/IMG_7945-480x320.jpg 480w, http:\/\/tcf.gdu.edu.az\/wp-content\/uploads\/2025\/02\/IMG_7945-320x213.jpg 320w, http:\/\/tcf.gdu.edu.az\/wp-content\/uploads\/2025\/02\/IMG_7945-240x160.jpg 240w, http:\/\/tcf.gdu.edu.az\/wp-content\/uploads\/2025\/02\/IMG_7945.jpg 1524w\" sizes=\"auto, (max-width: 1024px) 100vw, 1024px\" \/><\/a><\/figure>\n<\/figure>\n\n\n\n<figure class=\"wp-block-gallery has-nested-images columns-default is-cropped wp-block-gallery-4 is-layout-flex wp-block-gallery-is-layout-flex\">\n<figure class=\"wp-block-image size-large\"><a href=\"http:\/\/tcf.gdu.edu.az\/wp-content\/uploads\/2025\/02\/IMG_7930.jpg\"><img loading=\"lazy\" decoding=\"async\" width=\"1024\" height=\"683\" data-id=\"3861\" src=\"http:\/\/tcf.gdu.edu.az\/wp-content\/uploads\/2025\/02\/IMG_7930-1024x683.jpg\" alt=\"\" class=\"wp-image-3861\" srcset=\"http:\/\/tcf.gdu.edu.az\/wp-content\/uploads\/2025\/02\/IMG_7930-1024x683.jpg 1024w, http:\/\/tcf.gdu.edu.az\/wp-content\/uploads\/2025\/02\/IMG_7930-300x200.jpg 300w, http:\/\/tcf.gdu.edu.az\/wp-content\/uploads\/2025\/02\/IMG_7930-768x512.jpg 768w, http:\/\/tcf.gdu.edu.az\/wp-content\/uploads\/2025\/02\/IMG_7930-960x640.jpg 960w, http:\/\/tcf.gdu.edu.az\/wp-content\/uploads\/2025\/02\/IMG_7930-480x320.jpg 480w, http:\/\/tcf.gdu.edu.az\/wp-content\/uploads\/2025\/02\/IMG_7930-320x213.jpg 320w, http:\/\/tcf.gdu.edu.az\/wp-content\/uploads\/2025\/02\/IMG_7930-240x160.jpg 240w, http:\/\/tcf.gdu.edu.az\/wp-content\/uploads\/2025\/02\/IMG_7930.jpg 1524w\" sizes=\"auto, (max-width: 1024px) 100vw, 1024px\" \/><\/a><\/figure>\n<\/figure>\n\n\n\n<figure class=\"wp-block-gallery has-nested-images columns-default is-cropped wp-block-gallery-5 is-layout-flex wp-block-gallery-is-layout-flex\">\n<figure class=\"wp-block-image size-large\"><a href=\"http:\/\/tcf.gdu.edu.az\/wp-content\/uploads\/2025\/02\/IMG_8157-1.jpg\"><img loading=\"lazy\" decoding=\"async\" width=\"1024\" height=\"785\" data-id=\"3862\" src=\"http:\/\/tcf.gdu.edu.az\/wp-content\/uploads\/2025\/02\/IMG_8157-1-1024x785.jpg\" alt=\"\" class=\"wp-image-3862\" srcset=\"http:\/\/tcf.gdu.edu.az\/wp-content\/uploads\/2025\/02\/IMG_8157-1-1024x785.jpg 1024w, http:\/\/tcf.gdu.edu.az\/wp-content\/uploads\/2025\/02\/IMG_8157-1-300x230.jpg 300w, http:\/\/tcf.gdu.edu.az\/wp-content\/uploads\/2025\/02\/IMG_8157-1-768x588.jpg 768w, http:\/\/tcf.gdu.edu.az\/wp-content\/uploads\/2025\/02\/IMG_8157-1.jpg 1326w\" sizes=\"auto, (max-width: 1024px) 100vw, 1024px\" \/><\/a><\/figure>\n<\/figure>\n\n\n\n<figure class=\"wp-block-gallery has-nested-images columns-default is-cropped wp-block-gallery-6 is-layout-flex wp-block-gallery-is-layout-flex\">\n<figure class=\"wp-block-image size-large\"><a href=\"http:\/\/tcf.gdu.edu.az\/wp-content\/uploads\/2025\/02\/IMG_7990-1.jpg\"><img loading=\"lazy\" decoding=\"async\" width=\"1024\" height=\"858\" data-id=\"3863\" src=\"http:\/\/tcf.gdu.edu.az\/wp-content\/uploads\/2025\/02\/IMG_7990-1-1024x858.jpg\" alt=\"\" class=\"wp-image-3863\" srcset=\"http:\/\/tcf.gdu.edu.az\/wp-content\/uploads\/2025\/02\/IMG_7990-1-1024x858.jpg 1024w, http:\/\/tcf.gdu.edu.az\/wp-content\/uploads\/2025\/02\/IMG_7990-1-300x251.jpg 300w, http:\/\/tcf.gdu.edu.az\/wp-content\/uploads\/2025\/02\/IMG_7990-1-768x644.jpg 768w, http:\/\/tcf.gdu.edu.az\/wp-content\/uploads\/2025\/02\/IMG_7990-1.jpg 1212w\" sizes=\"auto, (max-width: 1024px) 100vw, 1024px\" \/><\/a><\/figure>\n<\/figure>\n\n\n\n<figure class=\"wp-block-gallery has-nested-images columns-default is-cropped wp-block-gallery-7 is-layout-flex wp-block-gallery-is-layout-flex\">\n<figure class=\"wp-block-image size-large\"><a href=\"http:\/\/tcf.gdu.edu.az\/wp-content\/uploads\/2025\/02\/IMG_8100-1.jpg\"><img loading=\"lazy\" decoding=\"async\" width=\"1024\" height=\"816\" data-id=\"3864\" src=\"http:\/\/tcf.gdu.edu.az\/wp-content\/uploads\/2025\/02\/IMG_8100-1-1024x816.jpg\" alt=\"\" class=\"wp-image-3864\" srcset=\"http:\/\/tcf.gdu.edu.az\/wp-content\/uploads\/2025\/02\/IMG_8100-1-1024x816.jpg 1024w, http:\/\/tcf.gdu.edu.az\/wp-content\/uploads\/2025\/02\/IMG_8100-1-300x239.jpg 300w, http:\/\/tcf.gdu.edu.az\/wp-content\/uploads\/2025\/02\/IMG_8100-1-768x612.jpg 768w, http:\/\/tcf.gdu.edu.az\/wp-content\/uploads\/2025\/02\/IMG_8100-1-480x384.jpg 480w, http:\/\/tcf.gdu.edu.az\/wp-content\/uploads\/2025\/02\/IMG_8100-1-320x256.jpg 320w, http:\/\/tcf.gdu.edu.az\/wp-content\/uploads\/2025\/02\/IMG_8100-1-240x192.jpg 240w, http:\/\/tcf.gdu.edu.az\/wp-content\/uploads\/2025\/02\/IMG_8100-1.jpg 1275w\" sizes=\"auto, (max-width: 1024px) 100vw, 1024px\" \/><\/a><\/figure>\n<\/figure>\n\n\n\n<figure class=\"wp-block-gallery has-nested-images columns-default is-cropped wp-block-gallery-8 is-layout-flex wp-block-gallery-is-layout-flex\">\n<figure class=\"wp-block-image size-large\"><a href=\"http:\/\/tcf.gdu.edu.az\/wp-content\/uploads\/2025\/02\/IMG_8175-1.jpg\"><img loading=\"lazy\" decoding=\"async\" width=\"1024\" height=\"871\" data-id=\"3865\" src=\"http:\/\/tcf.gdu.edu.az\/wp-content\/uploads\/2025\/02\/IMG_8175-1-1024x871.jpg\" alt=\"\" class=\"wp-image-3865\" srcset=\"http:\/\/tcf.gdu.edu.az\/wp-content\/uploads\/2025\/02\/IMG_8175-1-1024x871.jpg 1024w, http:\/\/tcf.gdu.edu.az\/wp-content\/uploads\/2025\/02\/IMG_8175-1-300x255.jpg 300w, http:\/\/tcf.gdu.edu.az\/wp-content\/uploads\/2025\/02\/IMG_8175-1-768x654.jpg 768w, http:\/\/tcf.gdu.edu.az\/wp-content\/uploads\/2025\/02\/IMG_8175-1.jpg 1194w\" sizes=\"auto, (max-width: 1024px) 100vw, 1024px\" \/><\/a><\/figure>\n<\/figure>\n\n\n\n<p>Tarix-co\u011frafiya fak\u00fclt\u0259sind\u0259 Az\u0259rbaycan tarixi kafedras\u0131n\u0131n t\u0259\u015f\u0259bb\u00fcs\u00fc il\u0259 \u201cQ\u0259rbi Az\u0259rbaycana qay\u0131d\u0131\u015f: tarix, faktlar, hadis\u0259l\u0259r\u201d m\u00f6vzusunda t\u0259dbir ke\u00e7irilib.<\/p>\n\n\n\n<p>&nbsp;\u018fvv\u0259lc\u0259 Az\u0259rbaycan Respublikas\u0131n\u0131n D\u00f6vl\u0259t Himni s\u0259sl\u0259ndirilib v\u0259 torpaqlar\u0131m\u0131z\u0131n azadl\u0131\u011f\u0131 u\u011frunda canlar\u0131n\u0131 qurban vermi\u015f \u015f\u0259hidl\u0259rimizin \u0259ziz xatir\u0259si bir d\u0259qiq\u0259lik s\u00fckutla yad edilib.<\/p>\n\n\n\n<p>&nbsp;T\u0259dbird\u0259 Q\u0259rbi Az\u0259rbaycanla ba\u011fl\u0131 video\u00e7arx n\u00fcmayi\u015f olunub.<\/p>\n\n\n\n<p>&nbsp;Universitetin Humanitar m\u0259s\u0259l\u0259l\u0259r \u00fczr\u0259 prorektoru dosent G\u00fcls\u00fcm F\u0259t\u0259liyeva \u00e7\u0131x\u0131\u015f ed\u0259r\u0259k Az\u0259rbaycan torpaqlar\u0131nda Erm\u0259nistan\u0131n uzun ill\u0259r \u0259rzind\u0259 h\u0259yata ke\u00e7irdiyi etnik t\u0259mizl\u0259m\u0259, soyq\u0131r\u0131m v\u0259 deportasiya siyas\u0259ti bar\u0259d\u0259 dan\u0131\u015f\u0131b. Qeyd edib ki, XX \u0259srd\u0259 m\u0259rh\u0259l\u0259l\u0259rl\u0259 davam etmi\u015f erm\u0259nil\u0259rin deportasiya siyas\u0259ti tarixi-m\u0259d\u0259ni irsimizin m\u0259hvi il\u0259 d\u0259 n\u0259tic\u0259l\u0259nib, abid\u0259l\u0259rimiz da\u011f\u0131d\u0131l\u0131b, q\u0259dim Az\u0259rbaycan toponiml\u0259ri saxta v\u0259 uydurma adlarla \u0259v\u0259zl\u0259nib. O da diqq\u0259t\u0259 \u00e7atd\u0131r\u0131l\u0131b ki, 1993-c\u00fc ild\u0259 Ulu \u00d6nd\u0259r Heyd\u0259r \u018fliyevin hakimiyy\u0259t\u0259 g\u0259li\u015fi Q\u0259rbi Az\u0259rbaycana qay\u0131d\u0131\u015f\u0131n da siyasi v\u0259 h\u00fcquqi \u0259sas\u0131n\u0131 qoymu\u015fdur.&nbsp; M\u00fcz\u0259ff\u0259r Ali Ba\u015f Komandan \u0130lham \u018fliyevin q\u0259tiyy\u0259ti, mahir s\u0259rk\u0259rd\u0259lik bacar\u0131\u011f\u0131 say\u0259sind\u0259 44 G\u00fcnl\u00fck V\u0259t\u0259n m\u00fcharib\u0259sind\u0259 r\u0259\u015fad\u0259tli Az\u0259rbaycan ordusunun&nbsp;d\u00fc\u015fm\u0259n \u00fcz\u0259rind\u0259ki m\u00f6ht\u0259\u015f\u0259m Q\u0259l\u0259b\u0259l\u0259ri, Az\u0259rbaycan\u0131n suverenliyinin tam b\u0259rpa edilm\u0259si v\u0259 \u00f6lk\u0259 ba\u015f\u00e7\u0131s\u0131n\u0131n Xank\u0259ndi v\u0259 dig\u0259r \u0259razil\u0259rimizd\u0259 bayra\u011f\u0131m\u0131z\u0131 ucaltmas\u0131 d\u00f6vl\u0259timizin g\u00fcc\u00fcn\u00fc v\u0259 xalq\u0131m\u0131z\u0131n m\u0259\u011frurlu\u011funu b\u00fct\u00fcn d\u00fcnyaya bir daha n\u00fcmayi\u015f etdirdi. D\u00fc\u015fm\u0259n \u00fcz\u0259rind\u0259ki davaml\u0131 q\u0259l\u0259b\u0259l\u0259rimiz vaxt\u0131 il\u0259 \u00f6z \u0259z\u0259li yurdlar\u0131ndan did\u0259rgin d\u00fc\u015f\u0259n b\u00fct\u00fcn Q\u0259rbi az\u0259rbaycanl\u0131lar\u0131n do\u011fma ell\u0259rin\u0259 qay\u0131d\u0131\u015f\u0131na inam\u0131n\u0131 daha da art\u0131rd\u0131.<\/p>\n\n\n\n<p>&nbsp;Tarix-co\u011frafiya fak\u00fclt\u0259sinin dekan\u0131, dosent Urfan H\u0259s\u0259nov v\u0259 Az\u0259rbaycan tarixi kafedras\u0131n\u0131n m\u00fcdiri, dosent G\u00fclara \u018fliyeva tarix\u0259 n\u0259z\u0259r salaraq Erm\u0259nistan\u0131n Q\u0259rbi Az\u0259rbaycanda h\u0259yata ke\u00e7irdiyi deportasiya siyas\u0259tind\u0259n v\u0259 Q\u0259rbi Az\u0259rbaycana Qay\u0131d\u0131\u015f Konsepsiyas\u0131 \u00e7\u0259r\u00e7iv\u0259sind\u0259 g\u00f6r\u00fcl\u0259n i\u015fl\u0259rd\u0259n \u0259trafl\u0131 dan\u0131\u015f\u0131blar. H\u0259m\u00e7inin Q\u0259rbi Az\u0259rbaycan\u0131n tarixin\u0259 dair Az\u0259rbaycan tarixi kafedras\u0131 \u0259m\u0259kda\u015flar\u0131n\u0131n apard\u0131qlar\u0131 elmi-t\u0259dqiqat i\u015fl\u0259ri \u0259sas\u0131nda i\u015f\u0131q \u00fcz\u00fc g\u00f6rm\u00fc\u015f toplulardan da b\u0259hs edibl\u0259r.<\/p>\n\n\n\n<p>Daha sonra Az\u0259rbaycan tarixi kafedras\u0131n\u0131n dosent F\u0259xr\u0259ddin Usenovun \u201cQ\u0259rbi Az\u0259rbaycanda soyq\u0131r\u0131m m\u0259s\u0259l\u0259l\u0259ri\u201d, ba\u015f m\u00fc\u0259llimi Eldar Mehdiyevin \u201cQ\u0259rbi Az\u0259rbaycan\u0131n tarixi co\u011frafiyas\u0131\u201d, ba\u015f m\u00fc\u0259llim \u0130lham M\u0259mm\u0259dovun \u201cXX \u0259srin \u0259vv\u0259ll\u0259rind\u0259 Az\u0259rbaycan\u0131n \u0259razi b\u00fct\u00f6vl\u00fcy\u00fc problemi\u201d, ba\u015f m\u00fc\u0259llim T\u00fcnzal\u0259 Cahangirovan\u0131n \u201cQ\u0259rbi Az\u0259rbaycan\u0131n t\u00fcrk m\u0259n\u015f\u0259li etnotoponim m\u0259nz\u0259r\u0259si\u201d, ba\u015f m\u00fc\u0259llim V\u00fcqar Abbasovun \u201c\u018frm\u0259niyy\u0259 t\u00fcrk torpa\u011f\u0131d\u0131r\u201d v\u0259 m\u00fc\u0259llim F\u0259rid V\u0259liyevin \u201cZ\u0259ng\u0259zur koridorunun tarixi v\u0259 perspektiv \u0259h\u0259miyy\u0259ti\u201d m\u00f6vzular\u0131nda m\u0259ruzl\u0259l\u0259ri dinl\u0259nilib.<\/p>\n","protected":false},"excerpt":{"rendered":"<p>Tarix-co\u011frafiya fak\u00fclt\u0259sind\u0259 Az\u0259rbaycan tarixi kafedras\u0131n\u0131n t\u0259\u015f\u0259bb\u00fcs\u00fc il\u0259 \u201cQ\u0259rbi Az\u0259rbaycana qay\u0131d\u0131\u015f: tarix, faktlar, hadis\u0259l\u0259r\u201d m\u00f6vzusunda t\u0259dbir ke\u00e7irilib. &nbsp;\u018fvv\u0259lc\u0259 Az\u0259rbaycan Respublikas\u0131n\u0131n D\u00f6vl\u0259t Himni s\u0259sl\u0259ndirilib v\u0259 torpaqlar\u0131m\u0131z\u0131n azadl\u0131\u011f\u0131 u\u011frunda canlar\u0131n\u0131 qurban vermi\u015f \u015f\u0259hidl\u0259rimizin \u0259ziz xatir\u0259si bir d\u0259qiq\u0259lik s\u00fckutla yad edilib. &nbsp;T\u0259dbird\u0259 Q\u0259rbi Az\u0259rbaycanla ba\u011fl\u0131 video\u00e7arx n\u00fcmayi\u015f olunub. &nbsp;Universitetin Humanitar m\u0259s\u0259l\u0259l\u0259r \u00fczr\u0259 prorektoru dosent G\u00fcls\u00fcm F\u0259t\u0259liyeva \u00e7\u0131x\u0131\u015f ed\u0259r\u0259k Az\u0259rbaycan [&hellip;]<\/p>\n","protected":false},"author":5,"featured_media":0,"comment_status":"closed","ping_status":"open","sticky":false,"template":"","format":"standard","meta":{"footnotes":""},"categories":[22,25],"tags":[],"class_list":["post-3857","post","type-post","status-publish","format-standard","hentry","category-azrbaycan-tarixi","category-tarix-cografiya-fakultsi"],"_links":{"self":[{"href":"http:\/\/tcf.gdu.edu.az\/index.php?rest_route=\/wp\/v2\/posts\/3857","targetHints":{"allow":["GET"]}}],"collection":[{"href":"http:\/\/tcf.gdu.edu.az\/index.php?rest_route=\/wp\/v2\/posts"}],"about":[{"href":"http:\/\/tcf.gdu.edu.az\/index.php?rest_route=\/wp\/v2\/types\/post"}],"author":[{"embeddable":true,"href":"http:\/\/tcf.gdu.edu.az\/index.php?rest_route=\/wp\/v2\/users\/5"}],"replies":[{"embeddable":true,"href":"http:\/\/tcf.gdu.edu.az\/index.php?rest_route=%2Fwp%2Fv2%2Fcomments&post=3857"}],"version-history":[{"count":1,"href":"http:\/\/tcf.gdu.edu.az\/index.php?rest_route=\/wp\/v2\/posts\/3857\/revisions"}],"predecessor-version":[{"id":3866,"href":"http:\/\/tcf.gdu.edu.az\/index.php?rest_route=\/wp\/v2\/posts\/3857\/revisions\/3866"}],"wp:attachment":[{"href":"http:\/\/tcf.gdu.edu.az\/index.php?rest_route=%2Fwp%2Fv2%2Fmedia&parent=3857"}],"wp:term":[{"taxonomy":"category","embeddable":true,"href":"http:\/\/tcf.gdu.edu.az\/index.php?rest_route=%2Fwp%2Fv2%2Fcategories&post=3857"},{"taxonomy":"post_tag","embeddable":true,"href":"http:\/\/tcf.gdu.edu.az\/index.php?rest_route=%2Fwp%2Fv2%2Ftags&post=3857"}],"curies":[{"name":"wp","href":"https:\/\/api.w.org\/{rel}","templated":true}]}}