{"id":4034,"date":"2025-04-07T19:49:04","date_gmt":"2025-04-07T17:49:04","guid":{"rendered":"http:\/\/tcf.gdu.edu.az\/?p=4034"},"modified":"2025-04-07T19:49:05","modified_gmt":"2025-04-07T17:49:05","slug":"sosial-f%c9%99nl%c9%99r-kafedrasinda-novb%c9%99ti-iclas-kecirildi","status":"publish","type":"post","link":"http:\/\/tcf.gdu.edu.az\/?p=4034","title":{"rendered":"Sosial f\u0259nl\u0259r kafedras\u0131nda n\u00f6vb\u0259ti iclas ke\u00e7irildi"},"content":{"rendered":"\n<figure class=\"wp-block-gallery has-nested-images columns-default is-cropped wp-block-gallery-1 is-layout-flex wp-block-gallery-is-layout-flex\">\n<figure class=\"wp-block-image size-large\"><a href=\"http:\/\/tcf.gdu.edu.az\/wp-content\/uploads\/2025\/04\/IMG-20250407-WA0006.jpg\"><img loading=\"lazy\" decoding=\"async\" width=\"771\" height=\"1024\" data-id=\"4035\" src=\"http:\/\/tcf.gdu.edu.az\/wp-content\/uploads\/2025\/04\/IMG-20250407-WA0006-771x1024.jpg\" alt=\"\" class=\"wp-image-4035\" srcset=\"http:\/\/tcf.gdu.edu.az\/wp-content\/uploads\/2025\/04\/IMG-20250407-WA0006-771x1024.jpg 771w, http:\/\/tcf.gdu.edu.az\/wp-content\/uploads\/2025\/04\/IMG-20250407-WA0006-226x300.jpg 226w, http:\/\/tcf.gdu.edu.az\/wp-content\/uploads\/2025\/04\/IMG-20250407-WA0006-768x1021.jpg 768w, http:\/\/tcf.gdu.edu.az\/wp-content\/uploads\/2025\/04\/IMG-20250407-WA0006-1156x1536.jpg 1156w, http:\/\/tcf.gdu.edu.az\/wp-content\/uploads\/2025\/04\/IMG-20250407-WA0006.jpg 1204w\" sizes=\"auto, (max-width: 771px) 100vw, 771px\" \/><\/a><\/figure>\n<\/figure>\n\n\n\n<figure class=\"wp-block-gallery has-nested-images columns-default is-cropped wp-block-gallery-2 is-layout-flex wp-block-gallery-is-layout-flex\">\n<figure class=\"wp-block-image size-large\"><a href=\"http:\/\/tcf.gdu.edu.az\/wp-content\/uploads\/2025\/04\/IMG-20250407-WA0004.jpg\"><img loading=\"lazy\" decoding=\"async\" width=\"1024\" height=\"771\" data-id=\"4036\" src=\"http:\/\/tcf.gdu.edu.az\/wp-content\/uploads\/2025\/04\/IMG-20250407-WA0004-1024x771.jpg\" alt=\"\" class=\"wp-image-4036\" srcset=\"http:\/\/tcf.gdu.edu.az\/wp-content\/uploads\/2025\/04\/IMG-20250407-WA0004-1024x771.jpg 1024w, http:\/\/tcf.gdu.edu.az\/wp-content\/uploads\/2025\/04\/IMG-20250407-WA0004-300x226.jpg 300w, http:\/\/tcf.gdu.edu.az\/wp-content\/uploads\/2025\/04\/IMG-20250407-WA0004-768x578.jpg 768w, http:\/\/tcf.gdu.edu.az\/wp-content\/uploads\/2025\/04\/IMG-20250407-WA0004-1536x1156.jpg 1536w, http:\/\/tcf.gdu.edu.az\/wp-content\/uploads\/2025\/04\/IMG-20250407-WA0004-480x360.jpg 480w, http:\/\/tcf.gdu.edu.az\/wp-content\/uploads\/2025\/04\/IMG-20250407-WA0004-320x240.jpg 320w, http:\/\/tcf.gdu.edu.az\/wp-content\/uploads\/2025\/04\/IMG-20250407-WA0004-240x180.jpg 240w, http:\/\/tcf.gdu.edu.az\/wp-content\/uploads\/2025\/04\/IMG-20250407-WA0004.jpg 1600w\" sizes=\"auto, (max-width: 1024px) 100vw, 1024px\" \/><\/a><\/figure>\n<\/figure>\n\n\n\n<figure class=\"wp-block-gallery has-nested-images columns-default is-cropped wp-block-gallery-3 is-layout-flex wp-block-gallery-is-layout-flex\">\n<figure class=\"wp-block-image size-large\"><a href=\"http:\/\/tcf.gdu.edu.az\/wp-content\/uploads\/2025\/04\/IMG-20250407-WA0005.jpg\"><img loading=\"lazy\" decoding=\"async\" width=\"1024\" height=\"771\" data-id=\"4037\" src=\"http:\/\/tcf.gdu.edu.az\/wp-content\/uploads\/2025\/04\/IMG-20250407-WA0005-1024x771.jpg\" alt=\"\" class=\"wp-image-4037\" srcset=\"http:\/\/tcf.gdu.edu.az\/wp-content\/uploads\/2025\/04\/IMG-20250407-WA0005-1024x771.jpg 1024w, http:\/\/tcf.gdu.edu.az\/wp-content\/uploads\/2025\/04\/IMG-20250407-WA0005-300x226.jpg 300w, http:\/\/tcf.gdu.edu.az\/wp-content\/uploads\/2025\/04\/IMG-20250407-WA0005-768x578.jpg 768w, http:\/\/tcf.gdu.edu.az\/wp-content\/uploads\/2025\/04\/IMG-20250407-WA0005-1536x1156.jpg 1536w, http:\/\/tcf.gdu.edu.az\/wp-content\/uploads\/2025\/04\/IMG-20250407-WA0005-480x360.jpg 480w, http:\/\/tcf.gdu.edu.az\/wp-content\/uploads\/2025\/04\/IMG-20250407-WA0005-320x240.jpg 320w, http:\/\/tcf.gdu.edu.az\/wp-content\/uploads\/2025\/04\/IMG-20250407-WA0005-240x180.jpg 240w, http:\/\/tcf.gdu.edu.az\/wp-content\/uploads\/2025\/04\/IMG-20250407-WA0005.jpg 1600w\" sizes=\"auto, (max-width: 1024px) 100vw, 1024px\" \/><\/a><\/figure>\n<\/figure>\n\n\n\n<p>      07.04.2025-ci il tarixind\u0259 Sosial f\u0259nl\u0259r kafedras\u0131n\u0131n iclas\u0131 ke\u00e7irilib. <\/p>\n\n\n\n<p>        Sosial f\u0259nl\u0259r kafedras\u0131n\u0131n m\u00fcdiri dos. Cavid Ba\u011f\u0131rzad\u0259 iclas\u0131 giri\u015f s\u00f6z\u00fc il\u0259 a\u00e7araq iclas \u00fczvl\u0259rini g\u00fcnd\u0259likd\u0259 duran m\u0259s\u0259l\u0259l\u0259rl\u0259 tan\u0131\u015f edib.<\/p>\n\n\n\n<p>\u00a0 \u00a0\u00a0\u00a0\u00a0\u0130clasda  g\u00fcnd\u0259likd\u0259 duran m\u0259s\u0259l\u0259l\u0259r \u2013\u00a0Kafedrada imtahan komissiyas\u0131n\u0131n yarad\u0131lmas\u0131, Sosial f\u0259nl\u0259r kafedras\u0131nda m\u00fc\u0259llim v\u0259 ba\u015f m\u00fc\u0259llim \u0259riz\u0259l\u0259rinin m\u00fczakir\u0259si, Sosial f\u0259nl\u0259r kafedras\u0131nda t\u0259dris olunan f\u0259nl\u0259rin imtahnalar\u0131n yaz\u0131l\u0131 v\u0259 ya test formas\u0131nda olmas\u0131n\u0131n m\u00fczakir\u0259si apar\u0131l\u0131b.<\/p>\n\n\n\n<p>\u00a0\u0130clasda g\u00fcnd\u0259likd\u0259 duran b\u00fct\u00fcn m\u0259s\u0259l\u0259l\u0259r m\u00fczakir\u0259 olunaraq kafedra iclas\u0131nda  q\u0259na\u0259tb\u0259x\u015f hesab edilib.<\/p>\n","protected":false},"excerpt":{"rendered":"<p>07.04.2025-ci il tarixind\u0259 Sosial f\u0259nl\u0259r kafedras\u0131n\u0131n iclas\u0131 ke\u00e7irilib. Sosial f\u0259nl\u0259r kafedras\u0131n\u0131n m\u00fcdiri dos. Cavid Ba\u011f\u0131rzad\u0259 iclas\u0131 giri\u015f s\u00f6z\u00fc il\u0259 a\u00e7araq iclas \u00fczvl\u0259rini g\u00fcnd\u0259likd\u0259 duran m\u0259s\u0259l\u0259l\u0259rl\u0259 tan\u0131\u015f edib. \u00a0 \u00a0\u00a0\u00a0\u00a0\u0130clasda g\u00fcnd\u0259likd\u0259 duran m\u0259s\u0259l\u0259l\u0259r \u2013\u00a0Kafedrada imtahan komissiyas\u0131n\u0131n yarad\u0131lmas\u0131, Sosial f\u0259nl\u0259r kafedras\u0131nda m\u00fc\u0259llim v\u0259 ba\u015f m\u00fc\u0259llim \u0259riz\u0259l\u0259rinin m\u00fczakir\u0259si, Sosial f\u0259nl\u0259r kafedras\u0131nda t\u0259dris olunan f\u0259nl\u0259rin imtahnalar\u0131n yaz\u0131l\u0131 v\u0259 ya [&hellip;]<\/p>\n","protected":false},"author":5,"featured_media":0,"comment_status":"closed","ping_status":"open","sticky":false,"template":"","format":"standard","meta":{"footnotes":""},"categories":[18],"tags":[],"class_list":["post-4034","post","type-post","status-publish","format-standard","hentry","category-sosial-fnlar"],"_links":{"self":[{"href":"http:\/\/tcf.gdu.edu.az\/index.php?rest_route=\/wp\/v2\/posts\/4034","targetHints":{"allow":["GET"]}}],"collection":[{"href":"http:\/\/tcf.gdu.edu.az\/index.php?rest_route=\/wp\/v2\/posts"}],"about":[{"href":"http:\/\/tcf.gdu.edu.az\/index.php?rest_route=\/wp\/v2\/types\/post"}],"author":[{"embeddable":true,"href":"http:\/\/tcf.gdu.edu.az\/index.php?rest_route=\/wp\/v2\/users\/5"}],"replies":[{"embeddable":true,"href":"http:\/\/tcf.gdu.edu.az\/index.php?rest_route=%2Fwp%2Fv2%2Fcomments&post=4034"}],"version-history":[{"count":1,"href":"http:\/\/tcf.gdu.edu.az\/index.php?rest_route=\/wp\/v2\/posts\/4034\/revisions"}],"predecessor-version":[{"id":4038,"href":"http:\/\/tcf.gdu.edu.az\/index.php?rest_route=\/wp\/v2\/posts\/4034\/revisions\/4038"}],"wp:attachment":[{"href":"http:\/\/tcf.gdu.edu.az\/index.php?rest_route=%2Fwp%2Fv2%2Fmedia&parent=4034"}],"wp:term":[{"taxonomy":"category","embeddable":true,"href":"http:\/\/tcf.gdu.edu.az\/index.php?rest_route=%2Fwp%2Fv2%2Fcategories&post=4034"},{"taxonomy":"post_tag","embeddable":true,"href":"http:\/\/tcf.gdu.edu.az\/index.php?rest_route=%2Fwp%2Fv2%2Ftags&post=4034"}],"curies":[{"name":"wp","href":"https:\/\/api.w.org\/{rel}","templated":true}]}}