{"id":4039,"date":"2025-04-08T19:26:48","date_gmt":"2025-04-08T17:26:48","guid":{"rendered":"http:\/\/tcf.gdu.edu.az\/?p=4039"},"modified":"2025-04-08T19:26:49","modified_gmt":"2025-04-08T17:26:49","slug":"tarix-cografiya-fakult%c9%99sind%c9%99-novb%c9%99ti-elmi-sura-kecirildi","status":"publish","type":"post","link":"http:\/\/tcf.gdu.edu.az\/?p=4039","title":{"rendered":"Tarix-Co\u011frafiya fak\u00fclt\u0259sind\u0259 n\u00f6vb\u0259ti Elmi \u015eura ke\u00e7irildi"},"content":{"rendered":"\n<figure class=\"wp-block-gallery has-nested-images columns-default is-cropped wp-block-gallery-1 is-layout-flex wp-block-gallery-is-layout-flex\">\n<figure class=\"wp-block-image size-large\"><a href=\"http:\/\/tcf.gdu.edu.az\/wp-content\/uploads\/2025\/04\/IMG-20250408-WA0043-scaled.jpg\"><img loading=\"lazy\" decoding=\"async\" width=\"1024\" height=\"768\" data-id=\"4040\" src=\"http:\/\/tcf.gdu.edu.az\/wp-content\/uploads\/2025\/04\/IMG-20250408-WA0043-1024x768.jpg\" alt=\"\" class=\"wp-image-4040\" srcset=\"http:\/\/tcf.gdu.edu.az\/wp-content\/uploads\/2025\/04\/IMG-20250408-WA0043-1024x768.jpg 1024w, http:\/\/tcf.gdu.edu.az\/wp-content\/uploads\/2025\/04\/IMG-20250408-WA0043-300x225.jpg 300w, http:\/\/tcf.gdu.edu.az\/wp-content\/uploads\/2025\/04\/IMG-20250408-WA0043-768x576.jpg 768w, http:\/\/tcf.gdu.edu.az\/wp-content\/uploads\/2025\/04\/IMG-20250408-WA0043-1536x1152.jpg 1536w, http:\/\/tcf.gdu.edu.az\/wp-content\/uploads\/2025\/04\/IMG-20250408-WA0043-2048x1536.jpg 2048w, http:\/\/tcf.gdu.edu.az\/wp-content\/uploads\/2025\/04\/IMG-20250408-WA0043-960x720.jpg 960w, http:\/\/tcf.gdu.edu.az\/wp-content\/uploads\/2025\/04\/IMG-20250408-WA0043-480x360.jpg 480w, http:\/\/tcf.gdu.edu.az\/wp-content\/uploads\/2025\/04\/IMG-20250408-WA0043-320x240.jpg 320w, http:\/\/tcf.gdu.edu.az\/wp-content\/uploads\/2025\/04\/IMG-20250408-WA0043-240x180.jpg 240w\" sizes=\"auto, (max-width: 1024px) 100vw, 1024px\" \/><\/a><\/figure>\n<\/figure>\n\n\n\n<figure class=\"wp-block-gallery has-nested-images columns-default is-cropped wp-block-gallery-2 is-layout-flex wp-block-gallery-is-layout-flex\">\n<figure class=\"wp-block-image size-large\"><a href=\"http:\/\/tcf.gdu.edu.az\/wp-content\/uploads\/2025\/04\/IMG-20250408-WA0031-scaled.jpg\"><img loading=\"lazy\" decoding=\"async\" width=\"1024\" height=\"768\" data-id=\"4041\" src=\"http:\/\/tcf.gdu.edu.az\/wp-content\/uploads\/2025\/04\/IMG-20250408-WA0031-1024x768.jpg\" alt=\"\" class=\"wp-image-4041\" srcset=\"http:\/\/tcf.gdu.edu.az\/wp-content\/uploads\/2025\/04\/IMG-20250408-WA0031-1024x768.jpg 1024w, http:\/\/tcf.gdu.edu.az\/wp-content\/uploads\/2025\/04\/IMG-20250408-WA0031-300x225.jpg 300w, http:\/\/tcf.gdu.edu.az\/wp-content\/uploads\/2025\/04\/IMG-20250408-WA0031-768x576.jpg 768w, http:\/\/tcf.gdu.edu.az\/wp-content\/uploads\/2025\/04\/IMG-20250408-WA0031-1536x1152.jpg 1536w, http:\/\/tcf.gdu.edu.az\/wp-content\/uploads\/2025\/04\/IMG-20250408-WA0031-2048x1536.jpg 2048w, http:\/\/tcf.gdu.edu.az\/wp-content\/uploads\/2025\/04\/IMG-20250408-WA0031-960x720.jpg 960w, http:\/\/tcf.gdu.edu.az\/wp-content\/uploads\/2025\/04\/IMG-20250408-WA0031-480x360.jpg 480w, http:\/\/tcf.gdu.edu.az\/wp-content\/uploads\/2025\/04\/IMG-20250408-WA0031-320x240.jpg 320w, http:\/\/tcf.gdu.edu.az\/wp-content\/uploads\/2025\/04\/IMG-20250408-WA0031-240x180.jpg 240w\" sizes=\"auto, (max-width: 1024px) 100vw, 1024px\" \/><\/a><\/figure>\n<\/figure>\n\n\n\n<figure class=\"wp-block-gallery has-nested-images columns-default is-cropped wp-block-gallery-3 is-layout-flex wp-block-gallery-is-layout-flex\">\n<figure class=\"wp-block-image size-large\"><a href=\"http:\/\/tcf.gdu.edu.az\/wp-content\/uploads\/2025\/04\/IMG-20250408-WA0015-scaled.jpg\"><img loading=\"lazy\" decoding=\"async\" width=\"768\" height=\"1024\" data-id=\"4042\" src=\"http:\/\/tcf.gdu.edu.az\/wp-content\/uploads\/2025\/04\/IMG-20250408-WA0015-768x1024.jpg\" alt=\"\" class=\"wp-image-4042\" srcset=\"http:\/\/tcf.gdu.edu.az\/wp-content\/uploads\/2025\/04\/IMG-20250408-WA0015-768x1024.jpg 768w, http:\/\/tcf.gdu.edu.az\/wp-content\/uploads\/2025\/04\/IMG-20250408-WA0015-225x300.jpg 225w, http:\/\/tcf.gdu.edu.az\/wp-content\/uploads\/2025\/04\/IMG-20250408-WA0015-1152x1536.jpg 1152w, http:\/\/tcf.gdu.edu.az\/wp-content\/uploads\/2025\/04\/IMG-20250408-WA0015-1536x2048.jpg 1536w, http:\/\/tcf.gdu.edu.az\/wp-content\/uploads\/2025\/04\/IMG-20250408-WA0015-scaled.jpg 1920w\" sizes=\"auto, (max-width: 768px) 100vw, 768px\" \/><\/a><\/figure>\n<\/figure>\n\n\n\n<figure class=\"wp-block-gallery has-nested-images columns-default is-cropped wp-block-gallery-4 is-layout-flex wp-block-gallery-is-layout-flex\">\n<figure class=\"wp-block-image size-large\"><a href=\"http:\/\/tcf.gdu.edu.az\/wp-content\/uploads\/2025\/04\/IMG-20250408-WA0023-scaled.jpg\"><img loading=\"lazy\" decoding=\"async\" width=\"1024\" height=\"768\" data-id=\"4043\" src=\"http:\/\/tcf.gdu.edu.az\/wp-content\/uploads\/2025\/04\/IMG-20250408-WA0023-1024x768.jpg\" alt=\"\" class=\"wp-image-4043\" srcset=\"http:\/\/tcf.gdu.edu.az\/wp-content\/uploads\/2025\/04\/IMG-20250408-WA0023-1024x768.jpg 1024w, http:\/\/tcf.gdu.edu.az\/wp-content\/uploads\/2025\/04\/IMG-20250408-WA0023-300x225.jpg 300w, http:\/\/tcf.gdu.edu.az\/wp-content\/uploads\/2025\/04\/IMG-20250408-WA0023-768x576.jpg 768w, http:\/\/tcf.gdu.edu.az\/wp-content\/uploads\/2025\/04\/IMG-20250408-WA0023-1536x1152.jpg 1536w, http:\/\/tcf.gdu.edu.az\/wp-content\/uploads\/2025\/04\/IMG-20250408-WA0023-2048x1536.jpg 2048w, http:\/\/tcf.gdu.edu.az\/wp-content\/uploads\/2025\/04\/IMG-20250408-WA0023-960x720.jpg 960w, http:\/\/tcf.gdu.edu.az\/wp-content\/uploads\/2025\/04\/IMG-20250408-WA0023-480x360.jpg 480w, http:\/\/tcf.gdu.edu.az\/wp-content\/uploads\/2025\/04\/IMG-20250408-WA0023-320x240.jpg 320w, http:\/\/tcf.gdu.edu.az\/wp-content\/uploads\/2025\/04\/IMG-20250408-WA0023-240x180.jpg 240w\" sizes=\"auto, (max-width: 1024px) 100vw, 1024px\" \/><\/a><\/figure>\n<\/figure>\n\n\n\n<figure class=\"wp-block-gallery has-nested-images columns-default is-cropped wp-block-gallery-5 is-layout-flex wp-block-gallery-is-layout-flex\">\n<figure class=\"wp-block-image size-large\"><a href=\"http:\/\/tcf.gdu.edu.az\/wp-content\/uploads\/2025\/04\/IMG-20250408-WA0018-scaled.jpg\"><img loading=\"lazy\" decoding=\"async\" width=\"1024\" height=\"768\" data-id=\"4044\" src=\"http:\/\/tcf.gdu.edu.az\/wp-content\/uploads\/2025\/04\/IMG-20250408-WA0018-1024x768.jpg\" alt=\"\" class=\"wp-image-4044\" srcset=\"http:\/\/tcf.gdu.edu.az\/wp-content\/uploads\/2025\/04\/IMG-20250408-WA0018-1024x768.jpg 1024w, http:\/\/tcf.gdu.edu.az\/wp-content\/uploads\/2025\/04\/IMG-20250408-WA0018-300x225.jpg 300w, http:\/\/tcf.gdu.edu.az\/wp-content\/uploads\/2025\/04\/IMG-20250408-WA0018-768x576.jpg 768w, http:\/\/tcf.gdu.edu.az\/wp-content\/uploads\/2025\/04\/IMG-20250408-WA0018-1536x1152.jpg 1536w, http:\/\/tcf.gdu.edu.az\/wp-content\/uploads\/2025\/04\/IMG-20250408-WA0018-2048x1536.jpg 2048w, http:\/\/tcf.gdu.edu.az\/wp-content\/uploads\/2025\/04\/IMG-20250408-WA0018-960x720.jpg 960w, http:\/\/tcf.gdu.edu.az\/wp-content\/uploads\/2025\/04\/IMG-20250408-WA0018-480x360.jpg 480w, http:\/\/tcf.gdu.edu.az\/wp-content\/uploads\/2025\/04\/IMG-20250408-WA0018-320x240.jpg 320w, http:\/\/tcf.gdu.edu.az\/wp-content\/uploads\/2025\/04\/IMG-20250408-WA0018-240x180.jpg 240w\" sizes=\"auto, (max-width: 1024px) 100vw, 1024px\" \/><\/a><\/figure>\n<\/figure>\n\n\n\n<p>     Tarix-Co\u011frafiya fak\u00fclt\u0259sind\u0259 Elmi \u015euran\u0131n\u00a0 n\u00f6vb\u0259ti iclas\u0131 ke\u00e7irilib. Tarix-Co\u011frafiya fak\u00fclt\u0259sinin dekan\u0131 dos.Urfan H\u0259s\u0259nov iclas\u0131 giri\u015f s\u00f6z\u00fc il\u0259 a\u00e7araq \u015eura \u00fczvl\u0259rini g\u00fcnd\u0259likd\u0259 duran m\u0259s\u0259l\u0259l\u0259rl\u0259 tan\u0131\u015f edib.<\/p>\n\n\n\n<p>\u00a0 \u00a0\u00a0\u00a0\u00a0Elmi \u015eurada g\u00fcnd\u0259likd\u0259 duran m\u0259s\u0259l\u0259l\u0259r \u2013\u00a0\u00a0Fak\u00fclt\u0259ld\u0259 Tarix, Tarix m\u00fc\u0259llimliyi, Tarix v\u0259 Co\u011frafiya m\u00fc\u0259llimliyi, Co\u011frafiya m\u00fc\u0259llimliyi v\u0259 Sosial i\u015f IV-V kurs t\u0259l\u0259b\u0259l\u0259rinin pedaqoji internaturas\u0131 v\u0259 t\u0259cr\u00fcb\u0259nin gedi\u015fi haqq\u0131nda, T\u0259l\u0259b\u0259l\u0259rin asud\u0259 vaxt\u0131n\u0131n t\u0259\u015fkili sah\u0259sind\u0259 g\u00f6r\u00fcl\u0259n i\u015fl\u0259r haqq\u0131nda, A\u00e7\u0131q d\u0259rsl\u0259rin apar\u0131lmas\u0131 v\u0259 m\u00fczakir\u0259si v\u0259ziyy\u0259ti haqq\u0131nda, Sosial f\u0259nl\u0259r kafedras\u0131n\u0131n m\u00fc\u0259llimi Yusibova G\u00fcnel Yal\u00e7\u0131n q\u0131z\u0131n\u0131n f\u0259rdi hesabat\u0131  dinl\u0259nilib. \u00a0<\/p>\n\n\n\n<p>&nbsp;&nbsp;&nbsp; &nbsp;\u0130clasda g\u00fcnd\u0259likd\u0259 duran b\u00fct\u00fcn m\u0259s\u0259l\u0259l\u0259r m\u00fczakir\u0259 olunaraq Elmi \u015eura \u00fczvl\u0259ri t\u0259r\u0259find\u0259n q\u0259na\u0259tb\u0259x\u015f hesab edilib.<\/p>\n\n\n\n<p><\/p>\n","protected":false},"excerpt":{"rendered":"<p>Tarix-Co\u011frafiya fak\u00fclt\u0259sind\u0259 Elmi \u015euran\u0131n\u00a0 n\u00f6vb\u0259ti iclas\u0131 ke\u00e7irilib. Tarix-Co\u011frafiya fak\u00fclt\u0259sinin dekan\u0131 dos.Urfan H\u0259s\u0259nov iclas\u0131 giri\u015f s\u00f6z\u00fc il\u0259 a\u00e7araq \u015eura \u00fczvl\u0259rini g\u00fcnd\u0259likd\u0259 duran m\u0259s\u0259l\u0259l\u0259rl\u0259 tan\u0131\u015f edib. \u00a0 \u00a0\u00a0\u00a0\u00a0Elmi \u015eurada g\u00fcnd\u0259likd\u0259 duran m\u0259s\u0259l\u0259l\u0259r \u2013\u00a0\u00a0Fak\u00fclt\u0259ld\u0259 Tarix, Tarix m\u00fc\u0259llimliyi, Tarix v\u0259 Co\u011frafiya m\u00fc\u0259llimliyi, Co\u011frafiya m\u00fc\u0259llimliyi v\u0259 Sosial i\u015f IV-V kurs t\u0259l\u0259b\u0259l\u0259rinin pedaqoji internaturas\u0131 v\u0259 t\u0259cr\u00fcb\u0259nin gedi\u015fi haqq\u0131nda, T\u0259l\u0259b\u0259l\u0259rin asud\u0259 vaxt\u0131n\u0131n [&hellip;]<\/p>\n","protected":false},"author":5,"featured_media":0,"comment_status":"closed","ping_status":"open","sticky":false,"template":"","format":"standard","meta":{"footnotes":""},"categories":[25],"tags":[],"class_list":["post-4039","post","type-post","status-publish","format-standard","hentry","category-tarix-cografiya-fakultsi"],"_links":{"self":[{"href":"http:\/\/tcf.gdu.edu.az\/index.php?rest_route=\/wp\/v2\/posts\/4039","targetHints":{"allow":["GET"]}}],"collection":[{"href":"http:\/\/tcf.gdu.edu.az\/index.php?rest_route=\/wp\/v2\/posts"}],"about":[{"href":"http:\/\/tcf.gdu.edu.az\/index.php?rest_route=\/wp\/v2\/types\/post"}],"author":[{"embeddable":true,"href":"http:\/\/tcf.gdu.edu.az\/index.php?rest_route=\/wp\/v2\/users\/5"}],"replies":[{"embeddable":true,"href":"http:\/\/tcf.gdu.edu.az\/index.php?rest_route=%2Fwp%2Fv2%2Fcomments&post=4039"}],"version-history":[{"count":1,"href":"http:\/\/tcf.gdu.edu.az\/index.php?rest_route=\/wp\/v2\/posts\/4039\/revisions"}],"predecessor-version":[{"id":4045,"href":"http:\/\/tcf.gdu.edu.az\/index.php?rest_route=\/wp\/v2\/posts\/4039\/revisions\/4045"}],"wp:attachment":[{"href":"http:\/\/tcf.gdu.edu.az\/index.php?rest_route=%2Fwp%2Fv2%2Fmedia&parent=4039"}],"wp:term":[{"taxonomy":"category","embeddable":true,"href":"http:\/\/tcf.gdu.edu.az\/index.php?rest_route=%2Fwp%2Fv2%2Fcategories&post=4039"},{"taxonomy":"post_tag","embeddable":true,"href":"http:\/\/tcf.gdu.edu.az\/index.php?rest_route=%2Fwp%2Fv2%2Ftags&post=4039"}],"curies":[{"name":"wp","href":"https:\/\/api.w.org\/{rel}","templated":true}]}}