{"id":4563,"date":"2025-10-18T11:24:46","date_gmt":"2025-10-18T09:24:46","guid":{"rendered":"http:\/\/tcf.gdu.edu.az\/?p=4563"},"modified":"2025-10-18T11:24:48","modified_gmt":"2025-10-18T09:24:48","slug":"18-oktyabr-must%c9%99qilliyin-b%c9%99rpasi-gunun%c9%99-h%c9%99sr-olunmus-t%c9%99dbir-kecirilib","status":"publish","type":"post","link":"http:\/\/tcf.gdu.edu.az\/?p=4563","title":{"rendered":"18 oktyabr M\u00fcst\u0259qilliyin B\u0259rpas\u0131 G\u00fcn\u00fcn\u0259 h\u0259sr olunmu\u015f t\u0259dbir ke\u00e7irilib"},"content":{"rendered":"\n<p>        17 oktyabr 2025-ci il tarixind\u0259 Tarix v\u0259 co\u011frafiya fak\u00fclt\u0259sind\u0259 18 oktyabr M\u00fcst\u0259qilliyin B\u0259rpas\u0131 G\u00fcn\u00fcn\u0259 h\u0259sr olunmu\u015f t\u0259dbir ke\u00e7irilib. <\/p>\n\n\n\n<figure class=\"wp-block-gallery has-nested-images columns-default is-cropped wp-block-gallery-1 is-layout-flex wp-block-gallery-is-layout-flex\">\n<figure class=\"wp-block-image size-large\"><a href=\"http:\/\/tcf.gdu.edu.az\/wp-content\/uploads\/2025\/10\/IMG-20251017-WA0039.jpg\"><img loading=\"lazy\" decoding=\"async\" width=\"576\" height=\"1024\" data-id=\"4568\" src=\"http:\/\/tcf.gdu.edu.az\/wp-content\/uploads\/2025\/10\/IMG-20251017-WA0039-576x1024.jpg\" alt=\"\" class=\"wp-image-4568\" srcset=\"http:\/\/tcf.gdu.edu.az\/wp-content\/uploads\/2025\/10\/IMG-20251017-WA0039-576x1024.jpg 576w, http:\/\/tcf.gdu.edu.az\/wp-content\/uploads\/2025\/10\/IMG-20251017-WA0039-169x300.jpg 169w, http:\/\/tcf.gdu.edu.az\/wp-content\/uploads\/2025\/10\/IMG-20251017-WA0039-768x1365.jpg 768w, http:\/\/tcf.gdu.edu.az\/wp-content\/uploads\/2025\/10\/IMG-20251017-WA0039-864x1536.jpg 864w, http:\/\/tcf.gdu.edu.az\/wp-content\/uploads\/2025\/10\/IMG-20251017-WA0039.jpg 900w\" sizes=\"auto, (max-width: 576px) 100vw, 576px\" \/><\/a><\/figure>\n<\/figure>\n\n\n\n<p>       Az\u0259rbaycan Respublikas\u0131n\u0131n D\u00f6vl\u0259t Himninin s\u0259sl\u0259ndirilm\u0259si il\u0259 ba\u015flayan t\u0259dbird\u0259 \u00a0Ulu \u00d6nd\u0259r Heyd\u0259r \u018fliyevin v\u0259 \u015f\u0259hidl\u0259rin \u0259ziz xatir\u0259si bir d\u0259qiq\u0259lik s\u00fck\u00fctla yad edilib.<\/p>\n\n\n\n<figure class=\"wp-block-gallery has-nested-images columns-default is-cropped wp-block-gallery-2 is-layout-flex wp-block-gallery-is-layout-flex\">\n<figure class=\"wp-block-image size-large\"><a href=\"http:\/\/tcf.gdu.edu.az\/wp-content\/uploads\/2025\/10\/IMG-20251017-WA0043.jpg\"><img loading=\"lazy\" decoding=\"async\" width=\"1024\" height=\"768\" data-id=\"4569\" src=\"http:\/\/tcf.gdu.edu.az\/wp-content\/uploads\/2025\/10\/IMG-20251017-WA0043-1024x768.jpg\" alt=\"\" class=\"wp-image-4569\" srcset=\"http:\/\/tcf.gdu.edu.az\/wp-content\/uploads\/2025\/10\/IMG-20251017-WA0043-1024x768.jpg 1024w, http:\/\/tcf.gdu.edu.az\/wp-content\/uploads\/2025\/10\/IMG-20251017-WA0043-300x225.jpg 300w, http:\/\/tcf.gdu.edu.az\/wp-content\/uploads\/2025\/10\/IMG-20251017-WA0043-768x576.jpg 768w, http:\/\/tcf.gdu.edu.az\/wp-content\/uploads\/2025\/10\/IMG-20251017-WA0043-960x720.jpg 960w, http:\/\/tcf.gdu.edu.az\/wp-content\/uploads\/2025\/10\/IMG-20251017-WA0043-480x360.jpg 480w, http:\/\/tcf.gdu.edu.az\/wp-content\/uploads\/2025\/10\/IMG-20251017-WA0043-320x240.jpg 320w, http:\/\/tcf.gdu.edu.az\/wp-content\/uploads\/2025\/10\/IMG-20251017-WA0043-240x180.jpg 240w, http:\/\/tcf.gdu.edu.az\/wp-content\/uploads\/2025\/10\/IMG-20251017-WA0043.jpg 1280w\" sizes=\"auto, (max-width: 1024px) 100vw, 1024px\" \/><\/a><\/figure>\n<\/figure>\n\n\n\n<p>       Tarix v\u0259 co\u011frafiya fak\u00fclt\u0259sinin dekan\u0131 dos. Urfan H\u0259s\u0259nov  t\u0259dbiri giri\u015f s\u00f6z\u00fc il\u0259 a\u00e7araq bildirib ki, Az\u0259rbaycan Respublikas\u0131n\u0131n d\u00f6vl\u0259t m\u00fcst\u0259qilliyini \u0259ld\u0259 etm\u0259si tarixi hadis\u0259dir v\u0259 \u00f6lk\u0259 v\u0259t\u0259nda\u015flar\u0131 \u00fc\u00e7\u00fcn \u0259lam\u0259tdar g\u00fcnd\u00fcr. 18 oktyabr 1991-ci il tarixind\u0259 \u201cAz\u0259rbaycan\u0131n d\u00f6vl\u0259t m\u00fcst\u0259qilliyi haqq\u0131nda\u201d Konstitusiya Akt\u0131 q\u0259bul edilib. \u015e\u0259rqd\u0259 ilk respublikan\u0131n varisi kimi Az\u0259rbaycan tarixinin yeni d\u00f6n\u0259mi \u2013 m\u00fcst\u0259qil inki\u015faf d\u00f6vr\u00fc ba\u015flay\u0131b. Prorektor onu da diqq\u0259t\u0259 \u00e7atd\u0131r\u0131b ki, \u00a0 Ulu \u00d6nd\u0259r Heyd\u0259r \u018fliyev xalq\u0131n t\u0259kid v\u0259 t\u0259l\u0259bi il\u0259 Az\u0259rbaycana qay\u0131d\u0131\u015f\u0131 il\u0259 \u00a0m\u00fcst\u0259qilliyimizin t\u0259hl\u00fck\u0259 alt\u0131na d\u00fc\u015fm\u0259sinin qar\u015f\u0131s\u0131n\u0131 ald\u0131. \u00dcmummilli Lider t\u0259r\u0259find\u0259n qorunub saxlan\u0131lan m\u00fcst\u0259qilliyimiz bu g\u00fcn Prezident \u0130lham \u018fliyevin r\u0259hb\u0259rliyi il\u0259 daha da m\u00f6hk\u0259ml\u0259ndirilir v\u0259 onun \u0259b\u0259diliyi t\u0259min edilir.<\/p>\n\n\n\n<figure class=\"wp-block-gallery has-nested-images columns-default is-cropped wp-block-gallery-3 is-layout-flex wp-block-gallery-is-layout-flex\">\n<figure class=\"wp-block-image size-large\"><a href=\"http:\/\/tcf.gdu.edu.az\/wp-content\/uploads\/2025\/10\/IMG-20251017-WA0042.jpg\"><img loading=\"lazy\" decoding=\"async\" width=\"1024\" height=\"576\" data-id=\"4564\" src=\"http:\/\/tcf.gdu.edu.az\/wp-content\/uploads\/2025\/10\/IMG-20251017-WA0042-1024x576.jpg\" alt=\"\" class=\"wp-image-4564\" srcset=\"http:\/\/tcf.gdu.edu.az\/wp-content\/uploads\/2025\/10\/IMG-20251017-WA0042-1024x576.jpg 1024w, http:\/\/tcf.gdu.edu.az\/wp-content\/uploads\/2025\/10\/IMG-20251017-WA0042-300x169.jpg 300w, http:\/\/tcf.gdu.edu.az\/wp-content\/uploads\/2025\/10\/IMG-20251017-WA0042-768x432.jpg 768w, http:\/\/tcf.gdu.edu.az\/wp-content\/uploads\/2025\/10\/IMG-20251017-WA0042-1536x864.jpg 1536w, http:\/\/tcf.gdu.edu.az\/wp-content\/uploads\/2025\/10\/IMG-20251017-WA0042.jpg 1600w\" sizes=\"auto, (max-width: 1024px) 100vw, 1024px\" \/><\/a><\/figure>\n<\/figure>\n\n\n\n<p>        Sosial f\u0259nl\u0259r kafedras\u0131n\u0131n ba\u015f m\u00fc\u0259llimi \u015e\u0259hriyar Quliyev\u00a0\u00a0\u00e7\u0131x\u0131\u015f ed\u0259r\u0259k 1991-ci ild\u0259 \u00f6lk\u0259nin daxilind\u0259 v\u0259 xaricind\u0259 v\u0259ziyy\u0259tin ac\u0131nacaql\u0131 durumundan dan\u0131\u015fd\u0131. Qeyd etdi ki, o zamank\u0131 m\u00fcr\u0259kk\u0259b durumu t\u0259hlil ed\u0259n ziyal\u0131lar\u0131m\u0131z \u00dcmummilli Lider Heyd\u0259r \u018fliyev\u0259 \u00fcz tutmu\u015f, xalq\u0131m\u0131z is\u0259 \u00e7ox m\u00fcdrik v\u0259 tarixi bir se\u00e7im ed\u0259r\u0259k Ulu \u00d6nd\u0259ri \u00f6lk\u0259nin Prezidenti se\u00e7mi\u015fdir. Heyd\u0259r \u018fliyev hakimiyy\u0259t\u0259 g\u0259ldikd\u0259n sonra v\u0259t\u0259nda\u015f m\u00fcharib\u0259sinin qar\u015f\u0131s\u0131n\u0131 ald\u0131, Erm\u0259nistanla at\u0259\u015fk\u0259s\u0259 nail oldu. Bununla da Az\u0259rbaycanda inki\u015faf\u0131n t\u0259m\u0259li qoyuldu. Az\u0259rbaycan ordusu yenid\u0259n t\u0259\u015fkil edildi, nizam-intizam g\u00fccl\u0259ndirildi. M\u00fch\u00fcm siyasi v\u0259 iqtisadi islahatlara ba\u015flan\u0131ld\u0131. Az\u0259rbaycanda demokratik d\u00f6vl\u0259t yarad\u0131ld\u0131. H\u00f6rm\u0259tli Prezidentimiz c\u0259nab \u0130lham \u018fliyevin say\u0259sind\u0259 Heyd\u0259r \u018fliyevin qurub yaratd\u0131\u011f\u0131 m\u00fcasir Az\u0259rbaycan etibarl\u0131 \u015f\u0259kild\u0259 qorunur v\u0259 inki\u015faf etdirilir. Ali Ba\u015f Komandan\u0131n r\u0259hb\u0259rliyi il\u0259 44 g\u00fcnd\u0259 ordumuz torpaqlar\u0131m\u0131z\u0131 i\u015f\u011faldan azad etdi, Z\u0259f\u0259r \u0259ld\u0259 olundu. 19 sentyabr 2023-c\u00fc ild\u0259 is\u0259 bir g\u00fcnl\u00fck antiterror \u0259m\u0259liyyat\u0131 n\u0259tic\u0259sind\u0259 Az\u0259rbaycan \u00f6z suverenliyini v\u0259 \u0259razi b\u00fct\u00f6vl\u00fcy\u00fcn\u00fc tam b\u0259rpa etdi.<\/p>\n\n\n\n<p>\u00a0 \u00a0Az\u0259rbaycan Respublikas\u0131n\u0131n Prezidenti c\u0259nab \u0130lham \u018fliyev 2023-c\u00fc il oktyabr\u0131n 15-d\u0259 Xank\u0259ndi \u015f\u0259h\u0259rind\u0259 Az\u0259rbaycan Respublikas\u0131n\u0131n D\u00f6vl\u0259t Bayra\u011f\u0131n\u0131 ucaltd\u0131.<\/p>\n\n\n\n<figure class=\"wp-block-gallery has-nested-images columns-default is-cropped wp-block-gallery-4 is-layout-flex wp-block-gallery-is-layout-flex\">\n<figure class=\"wp-block-image size-large\"><a href=\"http:\/\/tcf.gdu.edu.az\/wp-content\/uploads\/2025\/10\/IMG-20251017-WA0027.jpg\"><img loading=\"lazy\" decoding=\"async\" width=\"1024\" height=\"576\" data-id=\"4565\" src=\"http:\/\/tcf.gdu.edu.az\/wp-content\/uploads\/2025\/10\/IMG-20251017-WA0027-1024x576.jpg\" alt=\"\" class=\"wp-image-4565\" srcset=\"http:\/\/tcf.gdu.edu.az\/wp-content\/uploads\/2025\/10\/IMG-20251017-WA0027-1024x576.jpg 1024w, http:\/\/tcf.gdu.edu.az\/wp-content\/uploads\/2025\/10\/IMG-20251017-WA0027-300x169.jpg 300w, http:\/\/tcf.gdu.edu.az\/wp-content\/uploads\/2025\/10\/IMG-20251017-WA0027-768x432.jpg 768w, http:\/\/tcf.gdu.edu.az\/wp-content\/uploads\/2025\/10\/IMG-20251017-WA0027-1536x864.jpg 1536w, http:\/\/tcf.gdu.edu.az\/wp-content\/uploads\/2025\/10\/IMG-20251017-WA0027.jpg 1600w\" sizes=\"auto, (max-width: 1024px) 100vw, 1024px\" \/><\/a><\/figure>\n<\/figure>\n\n\n\n<p>    Daha sonra \u00e7\u0131x\u0131\u015f ed\u0259n t\u0259l\u0259b\u0259l\u0259r &#8211; m\u00fcst\u0259qilliyimizin b\u0259rpas\u0131ndan sonra xalq\u0131m\u0131z\u0131n q\u0259tiyy\u0259t, m\u00f6hk\u0259m irad\u0259 n\u00fcmayi\u015f etdir\u0259r\u0259k \u00f6z taleyin\u0259 sahib \u00e7\u0131xd\u0131\u011f\u0131ndan b\u0259hs etdil\u0259r. Bildirdil\u0259r ki, Ulu \u00d6nd\u0259r \u00f6lk\u0259d\u0259 xaos v\u0259 anarxiyan\u0131, c\u0259miyy\u0259td\u0259 h\u00f6km s\u00fcr\u0259n iqtisadi, siyasi v\u0259 m\u0259n\u0259vi psixoloji g\u0259rginliyi aradan qald\u0131raraq m\u00fcst\u0259qil Az\u0259rbaycan\u0131 m\u00f6hk\u0259m t\u0259m\u0259ll\u0259r \u00fcz\u0259rind\u0259 yeni inki\u015faf yoluna qoydu. \u00dcmummilli Lider Heyd\u0259r \u018fliyevin m\u00fcst\u0259qilliyimizin qorunub saxlan\u0131lmas\u0131 v\u0259 m\u00f6hk\u0259ml\u0259ndirilm\u0259si istiqam\u0259tind\u0259 yorulmaz s\u0259yl\u0259ri bu g\u00fcn onun layiqli davam\u00e7\u0131s\u0131 Prezident \u0130lham \u018fliyev t\u0259r\u0259find\u0259n u\u011furla davam etdirilir. Ulu \u00d6nd\u0259rin \u00e7ox\u015fax\u0259li f\u0259aliyy\u0259tinin n\u0259tic\u0259l\u0259rin\u0259 \u0259saslanaraq Prezident \u0130lham \u018fliyev \u00f6lk\u0259miz\u0259 r\u0259hb\u0259rliyi d\u00f6vr\u00fcnd\u0259 siyasi, iqtisadi, sosial v\u0259 h\u0259rbi sah\u0259l\u0259rd\u0259 b\u00f6y\u00fck t\u0259r\u0259qqi v\u0259 inki\u015fafa nail olub. Bu g\u00fcn Az\u0259rbaycan\u0131n \u00fc\u00e7r\u0259ngli D\u00f6vl\u0259t Bayra\u011f\u0131 \u00f6lk\u0259mizin b\u00fct\u00fcn \u015f\u0259h\u0259r v\u0259 rayonlar\u0131nda dal\u011falan\u0131r. \u00d6z\u00fcn\u00fcn m\u00fcdrik, uzaqg\u00f6r\u0259n v\u0259 q\u0259tiyy\u0259tli Liderinin r\u0259hb\u0259rliyi il\u0259 b\u00f6y\u00fck u\u011furlara imza ataraq tarixi Z\u0259f\u0259r qazanan xalq\u0131m\u0131z b\u00fct\u00fcn d\u00fcnyaya g\u00f6st\u0259rdi ki, Az\u0259rbaycan\u0131n m\u00fcst\u0259qilliyi \u0259b\u0259didir, daimidir, d\u00f6nm\u0259zdir!<\/p>\n\n\n\n<p><\/p>\n\n\n\n<figure class=\"wp-block-gallery has-nested-images columns-default is-cropped wp-block-gallery-5 is-layout-flex wp-block-gallery-is-layout-flex\">\n<figure class=\"wp-block-image size-large\"><a href=\"http:\/\/tcf.gdu.edu.az\/wp-content\/uploads\/2025\/10\/IMG-20251017-WA0036.jpg\"><img loading=\"lazy\" decoding=\"async\" width=\"576\" height=\"1024\" data-id=\"4566\" src=\"http:\/\/tcf.gdu.edu.az\/wp-content\/uploads\/2025\/10\/IMG-20251017-WA0036-576x1024.jpg\" alt=\"\" class=\"wp-image-4566\" srcset=\"http:\/\/tcf.gdu.edu.az\/wp-content\/uploads\/2025\/10\/IMG-20251017-WA0036-576x1024.jpg 576w, http:\/\/tcf.gdu.edu.az\/wp-content\/uploads\/2025\/10\/IMG-20251017-WA0036-169x300.jpg 169w, http:\/\/tcf.gdu.edu.az\/wp-content\/uploads\/2025\/10\/IMG-20251017-WA0036-768x1365.jpg 768w, http:\/\/tcf.gdu.edu.az\/wp-content\/uploads\/2025\/10\/IMG-20251017-WA0036-864x1536.jpg 864w, http:\/\/tcf.gdu.edu.az\/wp-content\/uploads\/2025\/10\/IMG-20251017-WA0036.jpg 900w\" sizes=\"auto, (max-width: 576px) 100vw, 576px\" \/><\/a><\/figure>\n<\/figure>\n\n\n\n<figure class=\"wp-block-gallery has-nested-images columns-default is-cropped wp-block-gallery-6 is-layout-flex wp-block-gallery-is-layout-flex\">\n<figure class=\"wp-block-image size-large\"><a href=\"http:\/\/tcf.gdu.edu.az\/wp-content\/uploads\/2025\/10\/IMG-20251017-WA0029.jpg\"><img loading=\"lazy\" decoding=\"async\" width=\"1024\" height=\"576\" data-id=\"4567\" src=\"http:\/\/tcf.gdu.edu.az\/wp-content\/uploads\/2025\/10\/IMG-20251017-WA0029-1024x576.jpg\" alt=\"\" class=\"wp-image-4567\" srcset=\"http:\/\/tcf.gdu.edu.az\/wp-content\/uploads\/2025\/10\/IMG-20251017-WA0029-1024x576.jpg 1024w, http:\/\/tcf.gdu.edu.az\/wp-content\/uploads\/2025\/10\/IMG-20251017-WA0029-300x169.jpg 300w, http:\/\/tcf.gdu.edu.az\/wp-content\/uploads\/2025\/10\/IMG-20251017-WA0029-768x432.jpg 768w, http:\/\/tcf.gdu.edu.az\/wp-content\/uploads\/2025\/10\/IMG-20251017-WA0029-1536x864.jpg 1536w, http:\/\/tcf.gdu.edu.az\/wp-content\/uploads\/2025\/10\/IMG-20251017-WA0029.jpg 1600w\" sizes=\"auto, (max-width: 1024px) 100vw, 1024px\" \/><\/a><\/figure>\n<\/figure>\n\n\n\n<p><\/p>\n","protected":false},"excerpt":{"rendered":"<p>17 oktyabr 2025-ci il tarixind\u0259 Tarix v\u0259 co\u011frafiya fak\u00fclt\u0259sind\u0259 18 oktyabr M\u00fcst\u0259qilliyin B\u0259rpas\u0131 G\u00fcn\u00fcn\u0259 h\u0259sr olunmu\u015f t\u0259dbir ke\u00e7irilib. Az\u0259rbaycan Respublikas\u0131n\u0131n D\u00f6vl\u0259t Himninin s\u0259sl\u0259ndirilm\u0259si il\u0259 ba\u015flayan t\u0259dbird\u0259 \u00a0Ulu \u00d6nd\u0259r Heyd\u0259r \u018fliyevin v\u0259 \u015f\u0259hidl\u0259rin \u0259ziz xatir\u0259si bir d\u0259qiq\u0259lik s\u00fck\u00fctla yad edilib. Tarix v\u0259 co\u011frafiya fak\u00fclt\u0259sinin dekan\u0131 dos. Urfan H\u0259s\u0259nov t\u0259dbiri giri\u015f s\u00f6z\u00fc il\u0259 a\u00e7araq bildirib ki, Az\u0259rbaycan [&hellip;]<\/p>\n","protected":false},"author":5,"featured_media":0,"comment_status":"closed","ping_status":"open","sticky":false,"template":"","format":"standard","meta":{"footnotes":""},"categories":[25],"tags":[],"class_list":["post-4563","post","type-post","status-publish","format-standard","hentry","category-tarix-cografiya-fakultsi"],"_links":{"self":[{"href":"http:\/\/tcf.gdu.edu.az\/index.php?rest_route=\/wp\/v2\/posts\/4563","targetHints":{"allow":["GET"]}}],"collection":[{"href":"http:\/\/tcf.gdu.edu.az\/index.php?rest_route=\/wp\/v2\/posts"}],"about":[{"href":"http:\/\/tcf.gdu.edu.az\/index.php?rest_route=\/wp\/v2\/types\/post"}],"author":[{"embeddable":true,"href":"http:\/\/tcf.gdu.edu.az\/index.php?rest_route=\/wp\/v2\/users\/5"}],"replies":[{"embeddable":true,"href":"http:\/\/tcf.gdu.edu.az\/index.php?rest_route=%2Fwp%2Fv2%2Fcomments&post=4563"}],"version-history":[{"count":1,"href":"http:\/\/tcf.gdu.edu.az\/index.php?rest_route=\/wp\/v2\/posts\/4563\/revisions"}],"predecessor-version":[{"id":4570,"href":"http:\/\/tcf.gdu.edu.az\/index.php?rest_route=\/wp\/v2\/posts\/4563\/revisions\/4570"}],"wp:attachment":[{"href":"http:\/\/tcf.gdu.edu.az\/index.php?rest_route=%2Fwp%2Fv2%2Fmedia&parent=4563"}],"wp:term":[{"taxonomy":"category","embeddable":true,"href":"http:\/\/tcf.gdu.edu.az\/index.php?rest_route=%2Fwp%2Fv2%2Fcategories&post=4563"},{"taxonomy":"post_tag","embeddable":true,"href":"http:\/\/tcf.gdu.edu.az\/index.php?rest_route=%2Fwp%2Fv2%2Ftags&post=4563"}],"curies":[{"name":"wp","href":"https:\/\/api.w.org\/{rel}","templated":true}]}}