{"id":4571,"date":"2025-10-18T12:07:09","date_gmt":"2025-10-18T10:07:09","guid":{"rendered":"http:\/\/tcf.gdu.edu.az\/?p=4571"},"modified":"2025-10-18T12:07:10","modified_gmt":"2025-10-18T10:07:10","slug":"18-oktyabr-must%c9%99qilliyin-b%c9%99rpasi-gunu","status":"publish","type":"post","link":"http:\/\/tcf.gdu.edu.az\/?p=4571","title":{"rendered":"18 Oktyabr -M\u00fcst\u0259qilliyin B\u0259rpas\u0131 G\u00fcn\u00fc"},"content":{"rendered":"\n<figure class=\"wp-block-gallery has-nested-images columns-default is-cropped wp-block-gallery-1 is-layout-flex wp-block-gallery-is-layout-flex\">\n<figure class=\"wp-block-image size-large\"><a href=\"http:\/\/tcf.gdu.edu.az\/wp-content\/uploads\/2025\/10\/images-1.jpg\"><img loading=\"lazy\" decoding=\"async\" width=\"266\" height=\"190\" data-id=\"4572\" src=\"http:\/\/tcf.gdu.edu.az\/wp-content\/uploads\/2025\/10\/images-1.jpg\" alt=\"\" class=\"wp-image-4572\"\/><\/a><\/figure>\n<\/figure>\n\n\n\n<p>         1991-ci il oktyabr\u0131n 18-d\u0259 Ali Sovet \u201cAz\u0259rbaycan Respublikas\u0131n\u0131n d\u00f6vl\u0259t m\u00fcst\u0259qilliyi haqq\u0131nda\u201d Konstitusiya Akt\u0131n\u0131 q\u0259bul edib.<\/p>\n\n\n\n<p>&nbsp; &nbsp;&nbsp;&nbsp;&nbsp;&nbsp;&nbsp;&nbsp;&nbsp;&nbsp;Konstitusiya Akt\u0131nda 1918-ci il 28 may tarixli \u0130stiqlal B\u0259yannam\u0259sin\u0259 v\u0259 \u201cAz\u0259rbaycan Respublikas\u0131n\u0131n d\u00f6vl\u0259t m\u00fcst\u0259qilliyini b\u0259rpa etm\u0259k haqq\u0131nda\u201d Az\u0259rbaycan Respublikas\u0131 Ali Sovetinin 1991-ci il 30 avqust tarixli b\u0259yannam\u0259sin\u0259 istinad olunub v\u0259 Az\u0259rbaycan Respublikas\u0131n\u0131n Az\u0259rbaycan Xalq C\u00fcmhuriyy\u0259tinin varisi oldu\u011fu t\u0259sbit edilib.<\/p>\n\n\n\n<p>&nbsp;&nbsp;&nbsp;&nbsp; &nbsp;&nbsp;&nbsp;&nbsp;&nbsp;&nbsp;Bu il oktyabr\u0131n 18-d\u0259 Az\u0259rbaycan Respublikas\u0131n\u0131n m\u00fcst\u0259qilliyinin b\u0259rpa edilm\u0259sinin 34-c\u00fc ili tamam olur.<\/p>\n\n\n\n<p>&nbsp;&nbsp;&nbsp;&nbsp;&nbsp;&nbsp;&nbsp; &nbsp;Az\u0259rbaycan xalq\u0131 \u00f6t\u0259n \u0259srin \u0259vv\u0259lind\u0259 m\u00fcst\u0259qil respublika qurub, 1991-ci ild\u0259 Az\u0259rbaycan Respublikas\u0131 Az\u0259rbaycan Xalq C\u00fcmhuriyy\u0259tinin varisi kimi \u00f6z m\u00fcst\u0259qilliyini b\u0259rpa edib.<\/p>\n\n\n\n<p>&nbsp;&nbsp;&nbsp;&nbsp;&nbsp; Az\u0259rbaycan xalq\u0131 1991-ci ild\u0259n sonra \u00fc\u00e7\u00fcnc\u00fc d\u0259f\u0259dir ki, bu bayram\u0131 tam f\u0259rqli olaraq, \u00f6z \u0259razi b\u00fct\u00f6vl\u00fcy\u00fcn\u00fc b\u0259rpa etmi\u015f qalib xalq kimi qeyd edir.<\/p>\n\n\n\n<p>&nbsp;&nbsp;&nbsp;&nbsp;&nbsp;&nbsp;&nbsp; 1992-ci ilin may\u0131nda Milli M\u0259clis t\u0259r\u0259find\u0259n Az\u0259rbaycan Respublikas\u0131n\u0131n D\u00f6vl\u0259t himni (musiqisi \u00dczeyir Hac\u0131b\u0259yovun, s\u00f6zl\u0259ri \u018fhm\u0259d Cavad\u0131n), az sonra \u00fc\u00e7r\u0259ngli bayraq, i\u00e7ind\u0259 alov olan s\u0259kkizgu\u015f\u0259li ulduz t\u0259svirli d\u00f6vl\u0259t gerbi t\u0259sdiq olunub.<\/p>\n\n\n\n<p>&nbsp;&nbsp;&nbsp;&nbsp;&nbsp;&nbsp;&nbsp; Az\u0259rbaycan parlamentinin 15 oktyabr 2021-ci il tarixli plenar iclas\u0131nda is\u0259 \u201cM\u00fcst\u0259qillik G\u00fcn\u00fc haqq\u0131nda\u201d yeni qanun q\u0259bul edilib. El\u0259 h\u0259min g\u00fcn d\u0259 Prezident \u0130lham \u018fliyev t\u0259r\u0259find\u0259n &#8220;M\u00fcst\u0259qillik G\u00fcn\u00fc haqq\u0131nda&#8221; qanun t\u0259sdiql\u0259nib.<\/p>\n\n\n\n<p>&nbsp;&nbsp;&nbsp;&nbsp;&nbsp;&nbsp;&nbsp;&nbsp;&nbsp; Qanunun t\u0259sdiql\u0259nm\u0259si il\u0259 18 Oktyabr &#8211; D\u00f6vl\u0259t M\u00fcst\u0259qilliyi G\u00fcn\u00fcn\u00fcn ad\u0131 d\u0259yi\u015fdiril\u0259r\u0259k M\u00fcst\u0259qilliyin B\u0259rpas\u0131 G\u00fcn\u00fc elan edilib.<\/p>\n\n\n\n<p>&nbsp;&nbsp;&nbsp;&nbsp;&nbsp;&nbsp;&nbsp;&nbsp;&nbsp; Bu il is\u0259 Az\u0259rbaycanda M\u00fcst\u0259qilliyin B\u0259rpas\u0131 G\u00fcn\u00fc tamam ba\u015fqa ab-havada qeyd edilir. 2023-c\u00fc ilin sentyabr\u0131n 19-da \u00fc\u00e7t\u0259r\u0259fli b\u0259yanat\u0131n m\u00fcdd\u0259alar\u0131n\u0131n t\u0259min olunmas\u0131, Qaraba\u011f iqtisadi rayonunda t\u00f6r\u0259dil\u0259n geni\u015fmiqyasl\u0131 t\u0259xribatlar\u0131n qar\u015f\u0131s\u0131n\u0131n al\u0131nmas\u0131, Erm\u0259nistan silahl\u0131 q\u00fcvv\u0259l\u0259rinin birl\u0259\u015fm\u0259l\u0259rinin t\u0259rk-silah edil\u0259r\u0259k \u0259razil\u0259rimizd\u0259n \u00e7\u0131xar\u0131lmas\u0131, onlar\u0131n h\u0259rbi infrastrukturunun z\u0259r\u0259rsizl\u0259\u015fdirilm\u0259si, i\u015f\u011faldan azad edilmi\u015f \u0259razil\u0259r\u0259 qay\u0131dan dinc \u0259hali, habel\u0259 b\u0259rpa-quruculuq i\u015fl\u0259rin\u0259 c\u0259lb olunmu\u015f m\u00fclki i\u015f\u00e7il\u0259r v\u0259 h\u0259rbi qulluq\u00e7ular\u0131m\u0131z\u0131n t\u0259hl\u00fck\u0259sizliyinin t\u0259min olunmas\u0131 v\u0259 Az\u0259rbaycan Respublikas\u0131n\u0131n Konstitusiya qurulu\u015funun b\u0259rpa edilm\u0259si m\u0259qs\u0259dil\u0259 b\u00f6lg\u0259d\u0259 lokal xarakterli antiterror t\u0259dbirl\u0259rin\u0259 ba\u015flan\u0131l\u0131b.<\/p>\n\n\n\n<p>&nbsp;&nbsp;&nbsp;&nbsp;&nbsp;&nbsp;&nbsp;&nbsp;&nbsp; 23 saatdan bir q\u0259d\u0259r \u00e7ox davam ed\u0259n t\u0259dbirl\u0259r \u00e7\u0259r\u00e7iv\u0259sind\u0259 Erm\u0259nistan silahl\u0131 q\u00fcvv\u0259l\u0259rinin birl\u0259\u015fm\u0259l\u0259rinin \u00f6n x\u0259tt v\u0259 d\u0259rinlikd\u0259 olan m\u00f6vqel\u0259ri v\u0259 uzunm\u00fcdd\u0259tli at\u0259\u015f n\u00f6qt\u0259l\u0259ri, el\u0259c\u0259 d\u0259 d\u00f6y\u00fc\u015f vasit\u0259l\u0259ri v\u0259 h\u0259rbi t\u0259yinatl\u0131 obyektl\u0259ri y\u00fcks\u0259k d\u0259qiqlikli silahlar\u0131n t\u0259tbiqi il\u0259 s\u0131radan \u00e7\u0131xar\u0131l\u0131b. D\u00fc\u015fm\u0259n a\u011f bayraq qald\u0131raraq t\u0259slim olub. Bununla da Az\u0259rbaycan\u0131n b\u00fct\u00fcn \u0259razil\u0259rind\u0259 Konstitusiya qurulu\u015fu b\u0259rpa edilib.<\/p>\n\n\n\n<p>&nbsp;&nbsp;&nbsp;&nbsp;&nbsp;&nbsp;&nbsp; Bu g\u00fcn i\u015f\u011faldan azad olunan \u0259b\u0259di v\u0259 \u0259z\u0259li torpaqlar\u0131m\u0131zda ay-ulduzlu bayra\u011f\u0131m\u0131z\u0131n dal\u011falanmas\u0131 m\u00fcst\u0259qilliyimizin \u0259b\u0259di, d\u00f6nm\u0259z oldu\u011funun g\u00f6st\u0259ricisidir. Xalq\u0131m\u0131z \u00f6z tarixi il\u0259 \u00f6y\u00fcn\u00fcr, tarixi is\u0259 b\u00f6y\u00fck \u015f\u0259xsiyy\u0259tl\u0259r v\u0259 q\u0259hr\u0259manlar yaz\u0131rlar. Bizim yaz\u0131lm\u0131\u015f tariximizin ad\u0131 D\u0259mir Yumruqdur. \u00c7\u00fcnki bu tarix xalq-ordu-d\u00f6vl\u0259t birliyi il\u0259 yaz\u0131l\u0131b!<\/p>\n","protected":false},"excerpt":{"rendered":"<p>1991-ci il oktyabr\u0131n 18-d\u0259 Ali Sovet \u201cAz\u0259rbaycan Respublikas\u0131n\u0131n d\u00f6vl\u0259t m\u00fcst\u0259qilliyi haqq\u0131nda\u201d Konstitusiya Akt\u0131n\u0131 q\u0259bul edib. &nbsp; &nbsp;&nbsp;&nbsp;&nbsp;&nbsp;&nbsp;&nbsp;&nbsp;&nbsp;Konstitusiya Akt\u0131nda 1918-ci il 28 may tarixli \u0130stiqlal B\u0259yannam\u0259sin\u0259 v\u0259 \u201cAz\u0259rbaycan Respublikas\u0131n\u0131n d\u00f6vl\u0259t m\u00fcst\u0259qilliyini b\u0259rpa etm\u0259k haqq\u0131nda\u201d Az\u0259rbaycan Respublikas\u0131 Ali Sovetinin 1991-ci il 30 avqust tarixli b\u0259yannam\u0259sin\u0259 istinad olunub v\u0259 Az\u0259rbaycan Respublikas\u0131n\u0131n Az\u0259rbaycan Xalq C\u00fcmhuriyy\u0259tinin varisi oldu\u011fu t\u0259sbit edilib. [&hellip;]<\/p>\n","protected":false},"author":5,"featured_media":0,"comment_status":"closed","ping_status":"open","sticky":false,"template":"","format":"standard","meta":{"footnotes":""},"categories":[25],"tags":[],"class_list":["post-4571","post","type-post","status-publish","format-standard","hentry","category-tarix-cografiya-fakultsi"],"_links":{"self":[{"href":"http:\/\/tcf.gdu.edu.az\/index.php?rest_route=\/wp\/v2\/posts\/4571","targetHints":{"allow":["GET"]}}],"collection":[{"href":"http:\/\/tcf.gdu.edu.az\/index.php?rest_route=\/wp\/v2\/posts"}],"about":[{"href":"http:\/\/tcf.gdu.edu.az\/index.php?rest_route=\/wp\/v2\/types\/post"}],"author":[{"embeddable":true,"href":"http:\/\/tcf.gdu.edu.az\/index.php?rest_route=\/wp\/v2\/users\/5"}],"replies":[{"embeddable":true,"href":"http:\/\/tcf.gdu.edu.az\/index.php?rest_route=%2Fwp%2Fv2%2Fcomments&post=4571"}],"version-history":[{"count":1,"href":"http:\/\/tcf.gdu.edu.az\/index.php?rest_route=\/wp\/v2\/posts\/4571\/revisions"}],"predecessor-version":[{"id":4573,"href":"http:\/\/tcf.gdu.edu.az\/index.php?rest_route=\/wp\/v2\/posts\/4571\/revisions\/4573"}],"wp:attachment":[{"href":"http:\/\/tcf.gdu.edu.az\/index.php?rest_route=%2Fwp%2Fv2%2Fmedia&parent=4571"}],"wp:term":[{"taxonomy":"category","embeddable":true,"href":"http:\/\/tcf.gdu.edu.az\/index.php?rest_route=%2Fwp%2Fv2%2Fcategories&post=4571"},{"taxonomy":"post_tag","embeddable":true,"href":"http:\/\/tcf.gdu.edu.az\/index.php?rest_route=%2Fwp%2Fv2%2Ftags&post=4571"}],"curies":[{"name":"wp","href":"https:\/\/api.w.org\/{rel}","templated":true}]}}