{"id":4748,"date":"2025-11-08T20:29:24","date_gmt":"2025-11-08T18:29:24","guid":{"rendered":"http:\/\/tcf.gdu.edu.az\/?p=4748"},"modified":"2025-11-08T20:29:26","modified_gmt":"2025-11-08T18:29:26","slug":"azerbaycanin-dovlet-bayragi-gunu","status":"publish","type":"post","link":"http:\/\/tcf.gdu.edu.az\/?p=4748","title":{"rendered":"AZ\u018fRBAYCANIN D\u00d6VL\u018fT BAYRA\u011eI G\u00dcN\u00dc"},"content":{"rendered":"\n<figure class=\"wp-block-gallery has-nested-images columns-default is-cropped wp-block-gallery-1 is-layout-flex wp-block-gallery-is-layout-flex\">\n<figure class=\"wp-block-image size-large\"><a href=\"http:\/\/tcf.gdu.edu.az\/wp-content\/uploads\/2025\/11\/images.jpg\"><img loading=\"lazy\" decoding=\"async\" width=\"225\" height=\"225\" data-id=\"4749\" src=\"http:\/\/tcf.gdu.edu.az\/wp-content\/uploads\/2025\/11\/images.jpg\" alt=\"\" class=\"wp-image-4749\" srcset=\"http:\/\/tcf.gdu.edu.az\/wp-content\/uploads\/2025\/11\/images.jpg 225w, http:\/\/tcf.gdu.edu.az\/wp-content\/uploads\/2025\/11\/images-150x150.jpg 150w\" sizes=\"auto, (max-width: 225px) 100vw, 225px\" \/><\/a><\/figure>\n<\/figure>\n\n\n\n<p>&nbsp;&nbsp;&nbsp;&nbsp;&nbsp; &nbsp;&nbsp;&nbsp;&nbsp;&nbsp;&nbsp;&nbsp;Az\u0259rbaycan Respublikas\u0131n\u0131n Prezidenti \u0130lham \u018fliyevin 2009-cu il noyabr\u0131n 17-d\u0259 imzalad\u0131\u011f\u0131 S\u0259r\u0259ncamla h\u0259r il noyabr\u0131n 9-u \u00f6lk\u0259d\u0259 D\u00f6vl\u0259t bayra\u011f\u0131 g\u00fcn\u00fc kimi qeyd edilir. Az\u0259rbaycan Respublikas\u0131 \u018fm\u0259k M\u0259c\u0259ll\u0259sinin 105-ci madd\u0259sin\u0259 \u0259sas\u0259n bu bayram \u00f6lk\u0259d\u0259 qeyri-i\u015f g\u00fcn\u00fc olan bayramlar\u0131n siyah\u0131s\u0131na daxil edilib.<\/p>\n\n\n\n<p>&nbsp;&nbsp;&nbsp;&nbsp;&nbsp;&nbsp;&nbsp;&nbsp;&nbsp;&nbsp; &nbsp;Tarix\u0259 n\u0259z\u0259r salsaq D\u00f6vl\u0259t bayra\u011f\u0131 g\u00fcn\u00fcn\u00fcn qeyd olunmas\u0131 Az\u0259rbaycan Xalq C\u00fcmhuriyy\u0259tinin tarixi il\u0259 ba\u011fl\u0131d\u0131r.&nbsp; Az\u0259rbaycan Xalq C\u00fcmhuriyy\u0259tinin \u00fc\u00e7r\u0259ngli D\u00f6vl\u0259t bayra\u011f\u0131 ilk d\u0259f\u0259 1918-ci il noyabr\u0131n 9-da Bak\u0131da, h\u00f6kum\u0259tin iclas\u0131nda q\u0259bul edilib v\u0259 iclas\u0131n ke\u00e7irildiyi Az\u0259rbaycan Xalq C\u00fcmhuriyy\u0259ti Nazirl\u0259r \u015euras\u0131n\u0131n binas\u0131 \u00fcz\u0259rind\u0259 qald\u0131r\u0131l\u0131b v\u0259 1920-ci ilin aprel ay\u0131nad\u0259k d\u00f6vl\u0259t statusuna malik olmu\u015fdur. D\u00f6vl\u0259t bayra\u011f\u0131ndak\u0131 \u00fc\u00e7 r\u0259ngin ifad\u0259 etdiyi v\u0259 XX \u0259srin \u0259vv\u0259ll\u0259rind\u0259ki milli istiqlal ideologiyam\u0131z\u0131n \u00fc\u00e7 t\u0259m\u0259l prinsipini t\u0259\u015fkil ed\u0259n \u201cT\u00fcrk\u00e7\u00fcl\u00fck, m\u00fcasirlik v\u0259 islam\u00e7\u0131l\u0131q\u201d d\u00fcsturunun m\u00fc\u0259llifi g\u00f6rk\u0259mli Az\u0259rbaycan m\u00fct\u0259f\u0259kkiri \u018fli B\u0259y H\u00fcseynzad\u0259dir. Az\u0259rbaycan Xalq C\u00fcmhuriyy\u0259tinin yadigar\u0131 olan bu bayraq bizim azadl\u0131q m\u0259fkur\u0259sin\u0259, milli-m\u0259n\u0259vi d\u0259y\u0259rl\u0259r\u0259 v\u0259 \u00fcmumb\u0259\u015f\u0259ri ideallara sadiqliyimizi n\u00fcmayi\u015f etdirir.&nbsp;&nbsp;<\/p>\n\n\n\n<p>&nbsp;&nbsp;&nbsp;&nbsp;&nbsp;&nbsp;&nbsp;&nbsp;&nbsp;&nbsp; Bayraq bizim kimliyimiz, bayraq bizim varl\u0131\u011f\u0131m\u0131zd\u0131r. Az\u0259rbaycan\u0131n Respublikas\u0131n\u0131n D\u00f6vl\u0259t bayra\u011f\u0131 milli suverenliyin simvoludur.<\/p>\n\n\n\n<p>&nbsp;&nbsp;&nbsp;&nbsp;&nbsp;&nbsp;&nbsp;&nbsp; Azadl\u0131q ya\u011f\u0131\u015f\u0131ndan do\u011fan Az\u0259rbaycan Xalq C\u00fcmhuriyy\u0259tinin \u00fc\u00e7r\u0259ngli D\u00f6vl\u0259t bayra\u011f\u0131 1990-c\u0131 il noyabr\u0131n 17-d\u0259 Nax\u00e7\u0131van Muxtar Respublikas\u0131 Ali M\u0259clisinin s\u0259dri, xalq\u0131m\u0131z\u0131n \u00fcmummilli lideri Heyd\u0259r \u018fliyevin t\u0259\u015f\u0259bb\u00fcs\u00fc v\u0259 r\u0259hb\u0259rliyi il\u0259 ke\u00e7iril\u0259n sessiyada Nax\u00e7\u0131van Muxtar Respublikas\u0131n\u0131n d\u00f6vl\u0259t bayra\u011f\u0131 olaraq t\u0259sdiq edilmi\u015fdir.<\/p>\n\n\n\n<p>&nbsp;&nbsp;&nbsp;&nbsp;&nbsp;&nbsp;&nbsp;&nbsp;&nbsp;&nbsp;&nbsp; Daha sonra &nbsp;Nax\u00e7\u0131van &nbsp;Muxtar Respublikas\u0131n\u0131n Ali M\u0259clisi Az\u0259rbaycan SSR Ali Soveti qar\u015f\u0131s\u0131nda \u00fc\u00e7r\u0259ngli bayra\u011f\u0131n Az\u0259rbaycan\u0131n r\u0259smi d\u00f6vl\u0259t r\u0259mzi kimi tan\u0131nmas\u0131 haqq\u0131nda v\u0259sat\u0259t qald\u0131rm\u0131\u015fd\u0131r. 1991-ci il fevral ay\u0131n\u0131n 5-d\u0259 h\u0259min v\u0259sat\u0259t\u0259 bax\u0131lm\u0131\u015f v\u0259 Az\u0259rbaycan Respublikas\u0131n\u0131n Ali Soveti \u201cAz\u0259rbaycan Respublikas\u0131n\u0131n D\u00f6vl\u0259t bayra\u011f\u0131 haqq\u0131nda\u201d Qanun q\u0259bul ed\u0259r\u0259k onu yenid\u0259n D\u00f6vl\u0259t bayra\u011f\u0131 elan etmi\u015fdir.&nbsp;&nbsp;<\/p>\n\n\n\n<p>&nbsp;&nbsp;&nbsp;&nbsp;&nbsp;&nbsp;&nbsp;&nbsp;&nbsp; &nbsp;1991-ci il oktyabr\u0131n 18-d\u0259 \u201cAz\u0259rbaycan Respublikas\u0131n\u0131n d\u00f6vl\u0259t m\u00fcst\u0259qilliyi haqq\u0131nda\u201d Konstitusiya Akt\u0131 il\u0259 Az\u0259rbaycan Respublikas\u0131 Az\u0259rbaycan Xalq C\u00fcmhuriyy\u0259tinin varisi kimi onun d\u00f6vl\u0259t r\u0259mzl\u0259rini, o c\u00fcml\u0259d\u0259n D\u00f6vl\u0259t bayra\u011f\u0131n\u0131 b\u0259rpa etmi\u015fdir.&nbsp;&nbsp;&nbsp;<\/p>\n\n\n\n<p>&nbsp;&nbsp;&nbsp;&nbsp;&nbsp;&nbsp;&nbsp;&nbsp;&nbsp;&nbsp;&nbsp; Az\u0259rbaycan Respublikas\u0131 Konstitusiyas\u0131n\u0131n 75-ci madd\u0259sin\u0259 \u0259sas\u0259n h\u0259r bir v\u0259t\u0259nda\u015f Az\u0259rbaycan Respublikas\u0131n\u0131n d\u00f6vl\u0259t r\u0259mzl\u0259rin\u0259 &#8211; bayra\u011f\u0131na, gerbin\u0259 v\u0259 himnin\u0259 h\u00f6rm\u0259t etm\u0259lidir. D\u00f6vl\u0259t r\u0259mzl\u0259rin\u0259 h\u00f6rm\u0259tsizliyin n\u00fcmayi\u015f etdirilm\u0259si qanunla m\u00fc\u0259yy\u0259n edilmi\u015f m\u0259suliyy\u0259t\u0259 s\u0259b\u0259b olur.&nbsp;&nbsp;&nbsp;<\/p>\n\n\n\n<p>&nbsp;&nbsp;&nbsp;&nbsp;&nbsp;&nbsp;&nbsp;&nbsp;&nbsp;&nbsp;&nbsp; 2004-c\u00fc il iyunun 8-d\u0259 \u201cAz\u0259rbaycan Respublikas\u0131 D\u00f6vl\u0259t bayra\u011f\u0131n\u0131n istifad\u0259si qaydalar\u0131 haqq\u0131nda\u201d Az\u0259rbaycan Respublikas\u0131n\u0131n Qanunu il\u0259 bu sah\u0259d\u0259 qanunvericilik bazas\u0131 t\u0259kmill\u0259\u015fdirilmi\u015fdir. H\u0259min Qanunla Az\u0259rbaycan Respublikas\u0131n\u0131n D\u00f6vl\u0259t bayra\u011f\u0131na h\u00f6rm\u0259t g\u00f6st\u0259rilm\u0259si il\u0259 ba\u011fl\u0131 v\u0259zif\u0259l\u0259r, D\u00f6vl\u0259t bayra\u011f\u0131n\u0131n qald\u0131r\u0131lmal\u0131 v\u0259 yerl\u0259\u015fdirilm\u0259li oldu\u011fu yerl\u0259r, t\u0259svirinin istifad\u0259si, h\u0259m\u00e7inin r\u0259smi t\u0259dbirl\u0259r zaman\u0131, mat\u0259m g\u00fcnl\u0259rind\u0259 v\u0259 mat\u0259m m\u0259rasiml\u0259rind\u0259 istifad\u0259si, dig\u0259r bayraqlarla birg\u0259 qald\u0131r\u0131lmas\u0131 (as\u0131lmas\u0131) v\u0259 ya yerl\u0259\u015fdirilm\u0259si, habel\u0259 D\u00f6vl\u0259t bayra\u011f\u0131n\u0131n istifad\u0259sin\u0259 dair t\u0259l\u0259bl\u0259r v\u0259 m\u0259hdudiyy\u0259tl\u0259r m\u00fc\u0259yy\u0259n edilmi\u015fdir.&nbsp;&nbsp;&nbsp;<\/p>\n\n\n\n<p>&nbsp;&nbsp;&nbsp;&nbsp;&nbsp;&nbsp;&nbsp;&nbsp; &nbsp;D\u00f6vl\u0259t bayra\u011f\u0131 respublikam\u0131z\u0131n d\u00f6vl\u0259t qurumlar\u0131n\u0131n v\u0259 diplomatik n\u00fcmay\u0259nd\u0259likl\u0259rinin binalar\u0131 \u00fcz\u0259rind\u0259 ucal\u0131r, m\u00fch\u00fcm beyn\u0259lxalq t\u0259dbirl\u0259r, m\u00f6t\u0259b\u0259r m\u0259rasiml\u0259r v\u0259 m\u0259clisl\u0259rl\u0259 yana\u015f\u0131, irimiqyasl\u0131 ictimai-siyasi toplant\u0131larda, m\u0259d\u0259ni t\u0259dbirl\u0259rd\u0259 v\u0259 idman yar\u0131\u015flar\u0131nda qald\u0131r\u0131laraq milli birliyi t\u0259c\u0259ss\u00fcm etdirir.<\/p>\n\n\n\n<p>&nbsp;&nbsp;&nbsp;&nbsp;&nbsp;&nbsp;&nbsp;&nbsp;&nbsp; &nbsp;&nbsp;&nbsp;&nbsp;Az\u0259r\u00adbay\u00adcan Res\u00adpub\u00adli\u00adka\u00ads\u0131\u00adn\u0131n &nbsp;D\u00f6v\u00adl\u0259t bay\u00adra\u00ad\u011f\u0131\u00ad &nbsp;Az\u0259r\u00adbay\u00adcan v\u0259\u00adt\u0259n\u00adda\u015f\u00adla\u00adr\u0131\u00adn\u0131n mil\u00adli h\u0259m\u00adr\u0259y\u00adli\u00adyi\u00adnin, va\u00adhid m\u0259f\u00adku\u00adr\u0259 \u0259t\u00adra\u00adf\u0131n\u00adda s\u0131x bir\u00adl\u0259\u015f\u00adm\u0259\u00adsi\u00adnin ba\u015f\u00adl\u0131\u00adca amill\u0259rind\u0259n biridir. \u018fn m\u00fcq\u0259dd\u0259s r\u0259mzl\u0259rd\u0259n olan bayraq mill\u0259tin varl\u0131\u011f\u0131n\u0131n, m\u00f6vcudlu\u011funun s\u00fcbutu, m\u00fcst\u0259qil d\u00f6vl\u0259t\u0259 sahib \u00e7\u0131xmaq bacar\u0131\u011f\u0131n\u0131n \u0259n \u0259sas g\u00f6st\u0259ricil\u0259rind\u0259ndir. Bu g\u00fcn Prezident \u0130lham \u018fliyevin r\u0259hb\u0259rliyi v\u0259 r\u0259\u015fad\u0259tli Az\u0259rbaycan ordusunun q\u0259hr\u0259manl\u0131\u011f\u0131 say\u0259sind\u0259 44 g\u00fcnl\u00fck V\u0259t\u0259n m\u00fcharib\u0259si v\u0259 antiterror \u0259m\u0259liyyat\u0131 n\u0259tic\u0259sind\u0259 erm\u0259ni separat\u00e7\u0131lar\u0131n\u0131n qal\u0131qlar\u0131 tamamil\u0259 m\u0259\u011flub edil\u0259r\u0259k \u00f6lk\u0259mizin suverenliyi tam&nbsp; t\u0259min olundu. Bununla da \u00fc\u00e7r\u0259ngli \u015fanl\u0131 bayra\u011f\u0131m\u0131z\u0131n Xocal\u0131da, \u018fsg\u0259randa, A\u011fd\u0259r\u0259d\u0259, Xank\u0259ndind\u0259 v\u0259 dig\u0259r torpaqlar\u0131m\u0131zda&nbsp; q\u00fcrurla dal\u011falan\u0131r. 9 Noyabr Az\u0259rbaycan Respublikas\u0131n\u0131n D\u00f6vl\u0259t Bayra\u011f\u0131 G\u00fcn\u00fc tarixi torpaqlar\u0131m\u0131zda b\u00f6y\u00fck q\u00fcrur v\u0259 f\u0259r\u0259h hissi il\u0259 qeyd olunur.<\/p>\n","protected":false},"excerpt":{"rendered":"<p>&nbsp;&nbsp;&nbsp;&nbsp;&nbsp; &nbsp;&nbsp;&nbsp;&nbsp;&nbsp;&nbsp;&nbsp;Az\u0259rbaycan Respublikas\u0131n\u0131n Prezidenti \u0130lham \u018fliyevin 2009-cu il noyabr\u0131n 17-d\u0259 imzalad\u0131\u011f\u0131 S\u0259r\u0259ncamla h\u0259r il noyabr\u0131n 9-u \u00f6lk\u0259d\u0259 D\u00f6vl\u0259t bayra\u011f\u0131 g\u00fcn\u00fc kimi qeyd edilir. Az\u0259rbaycan Respublikas\u0131 \u018fm\u0259k M\u0259c\u0259ll\u0259sinin 105-ci madd\u0259sin\u0259 \u0259sas\u0259n bu bayram \u00f6lk\u0259d\u0259 qeyri-i\u015f g\u00fcn\u00fc olan bayramlar\u0131n siyah\u0131s\u0131na daxil edilib. &nbsp;&nbsp;&nbsp;&nbsp;&nbsp;&nbsp;&nbsp;&nbsp;&nbsp;&nbsp; &nbsp;Tarix\u0259 n\u0259z\u0259r salsaq D\u00f6vl\u0259t bayra\u011f\u0131 g\u00fcn\u00fcn\u00fcn qeyd olunmas\u0131 Az\u0259rbaycan Xalq C\u00fcmhuriyy\u0259tinin tarixi il\u0259 ba\u011fl\u0131d\u0131r.&nbsp; [&hellip;]<\/p>\n","protected":false},"author":5,"featured_media":0,"comment_status":"closed","ping_status":"open","sticky":false,"template":"","format":"standard","meta":{"footnotes":""},"categories":[1],"tags":[],"class_list":["post-4748","post","type-post","status-publish","format-standard","hentry","category-sas"],"_links":{"self":[{"href":"http:\/\/tcf.gdu.edu.az\/index.php?rest_route=\/wp\/v2\/posts\/4748","targetHints":{"allow":["GET"]}}],"collection":[{"href":"http:\/\/tcf.gdu.edu.az\/index.php?rest_route=\/wp\/v2\/posts"}],"about":[{"href":"http:\/\/tcf.gdu.edu.az\/index.php?rest_route=\/wp\/v2\/types\/post"}],"author":[{"embeddable":true,"href":"http:\/\/tcf.gdu.edu.az\/index.php?rest_route=\/wp\/v2\/users\/5"}],"replies":[{"embeddable":true,"href":"http:\/\/tcf.gdu.edu.az\/index.php?rest_route=%2Fwp%2Fv2%2Fcomments&post=4748"}],"version-history":[{"count":1,"href":"http:\/\/tcf.gdu.edu.az\/index.php?rest_route=\/wp\/v2\/posts\/4748\/revisions"}],"predecessor-version":[{"id":4750,"href":"http:\/\/tcf.gdu.edu.az\/index.php?rest_route=\/wp\/v2\/posts\/4748\/revisions\/4750"}],"wp:attachment":[{"href":"http:\/\/tcf.gdu.edu.az\/index.php?rest_route=%2Fwp%2Fv2%2Fmedia&parent=4748"}],"wp:term":[{"taxonomy":"category","embeddable":true,"href":"http:\/\/tcf.gdu.edu.az\/index.php?rest_route=%2Fwp%2Fv2%2Fcategories&post=4748"},{"taxonomy":"post_tag","embeddable":true,"href":"http:\/\/tcf.gdu.edu.az\/index.php?rest_route=%2Fwp%2Fv2%2Ftags&post=4748"}],"curies":[{"name":"wp","href":"https:\/\/api.w.org\/{rel}","templated":true}]}}