{"id":4948,"date":"2026-03-07T16:56:32","date_gmt":"2026-03-07T14:56:32","guid":{"rendered":"http:\/\/tcf.gdu.edu.az\/?p=4948"},"modified":"2026-03-07T16:56:33","modified_gmt":"2026-03-07T14:56:33","slug":"8-mart-beyn%c9%99lxalq-qadinlar-gunu-5","status":"publish","type":"post","link":"http:\/\/tcf.gdu.edu.az\/?p=4948","title":{"rendered":"8 mart &#8211; Beyn\u0259lxalq Qad\u0131nlar g\u00fcn\u00fc"},"content":{"rendered":"\n<figure class=\"wp-block-gallery has-nested-images columns-default is-cropped wp-block-gallery-1 is-layout-flex wp-block-gallery-is-layout-flex\">\n<figure class=\"wp-block-image size-large\"><a href=\"http:\/\/tcf.gdu.edu.az\/wp-content\/uploads\/2026\/03\/8-Mart-2023-copy-scaled-1024x585-1.jpg\"><img loading=\"lazy\" decoding=\"async\" width=\"1024\" height=\"585\" data-id=\"4949\" src=\"http:\/\/tcf.gdu.edu.az\/wp-content\/uploads\/2026\/03\/8-Mart-2023-copy-scaled-1024x585-1.jpg\" alt=\"\" class=\"wp-image-4949\" srcset=\"http:\/\/tcf.gdu.edu.az\/wp-content\/uploads\/2026\/03\/8-Mart-2023-copy-scaled-1024x585-1.jpg 1024w, http:\/\/tcf.gdu.edu.az\/wp-content\/uploads\/2026\/03\/8-Mart-2023-copy-scaled-1024x585-1-300x171.jpg 300w, http:\/\/tcf.gdu.edu.az\/wp-content\/uploads\/2026\/03\/8-Mart-2023-copy-scaled-1024x585-1-768x439.jpg 768w\" sizes=\"auto, (max-width: 1024px) 100vw, 1024px\" \/><\/a><\/figure>\n<\/figure>\n\n\n\n<p><strong>\u00a0          \u018fziz xan\u0131mlar!<\/strong><\/p>\n\n\n\n<p>&nbsp;&nbsp;&nbsp;&nbsp;&nbsp;&nbsp; Sizi Beyn\u0259lxalq Qad\u0131nlar G\u00fcn\u00fc m\u00fcnasib\u0259ti il\u0259 s\u0259mimi q\u0259lbd\u0259n t\u0259brik edir, ham\u0131n\u0131za cansa\u011fl\u0131\u011f\u0131, s\u0259ad\u0259t v\u0259 y\u00fcks\u0259k amallar namin\u0259 f\u0259aliyy\u0259tinizd\u0259 u\u011furlar arzulay\u0131ram.<br>&nbsp;&nbsp;&nbsp;&nbsp;&nbsp; Siz Az\u0259rbaycan qad\u0131nlar\u0131n\u0131n m\u00fcasir c\u0259miyy\u0259timizd\u0259 tutdu\u011funuz m\u00f6vqe, b\u0259rab\u0259r h\u00fcquqlar v\u0259 imkanlar \u00fc\u00e7\u00fcn g\u00f6st\u0259rdiyiniz s\u0259yl\u0259r, h\u0259m\u00e7inin m\u00f6t\u0259b\u0259r qurumlarda t\u0259msil olunma\u011f\u0131n\u0131z f\u0259xr etdiyimiz m\u00fch\u00fcm tarixi nailiyy\u0259tl\u0259rdir. Ad\u0131n\u0131z \u00fclviyy\u0259tin, z\u0259rifliyin v\u0259 g\u00f6z\u0259lliyin r\u0259mzi kimi \u00f6lk\u0259mizd\u0259 h\u0259mi\u015f\u0259 uca tutulmu\u015fdur. Q\u0259dim ke\u00e7mi\u015fimizin h\u0259r bir s\u0259hif\u0259si m\u00fcdrikliyinizin, f\u0259dakarl\u0131q v\u0259 q\u0259hr\u0259manl\u0131\u011f\u0131n\u0131z\u0131n parlaq n\u00fcmun\u0259l\u0259ri il\u0259 z\u0259ngindir. Milli varl\u0131\u011f\u0131m\u0131z\u0131n ifad\u0259si olan \u00e7ox\u0259srlik m\u0259d\u0259ni-m\u0259n\u0259vi d\u0259y\u0259rl\u0259rin, do\u011fma ana dilinin v\u0259 ad\u0259t-\u0259n\u0259n\u0259l\u0259rin bu g\u00fcnl\u0259r\u0259d\u0259k layiqinc\u0259 ya\u015fad\u0131lmas\u0131 sizin misilsiz xidm\u0259tinizdir.M\u0259d\u0259niyy\u0259t salnam\u0259miz\u0259, \u0259d\u0259bi-ictimai v\u0259 elmi fikir tariximiz\u0259 \u00f6z istedad\u0131 v\u0259 z\u0259kas\u0131yla yeni s\u0259hif\u0259l\u0259r yazm\u0131\u015f maarifp\u0259rv\u0259r Az\u0259rbaycan xan\u0131mlar\u0131n\u0131n yolunu siz bu g\u00fcn d\u0259 \u015f\u0259r\u0259fl\u0259 davam etdirirsiniz. N\u0259sill\u0259rin varisliyini qoruyaraq \u00f6t\u0259n \u0259sr boyunca sosial-m\u0259d\u0259ni f\u0259aliyy\u0259tin geni\u015fl\u0259ndirilm\u0259si istiqam\u0259tind\u0259ki m\u00fcv\u0259ff\u0259qiyy\u0259tl\u0259rinizi m\u00fcasir m\u0259rh\u0259l\u0259d\u0259 v\u0259t\u0259nda\u015f c\u0259miyy\u0259tinin t\u0259\u015f\u0259kk\u00fcl\u00fc v\u0259 \u0259saslar\u0131n\u0131n m\u00f6hk\u0259ml\u0259ndirilm\u0259si prosesind\u0259 yax\u0131ndan i\u015ftirak\u0131n\u0131zla daha da z\u0259nginl\u0259\u015fdirmisiniz. M\u0259mnunluq hissi il\u0259 bildirir\u0259m ki, m\u00fcst\u0259qilliyimizin b\u0259rpas\u0131ndan sonrak\u0131 m\u00fcdd\u0259t \u0259rzind\u0259 milli d\u00f6vl\u0259t quruculu\u011fu sah\u0259sind\u0259 qazan\u0131lan u\u011furlarda m\u00fcst\u0259sna rolunuz vard\u0131r.<\/p>\n\n\n\n<p>&nbsp;&nbsp;&nbsp;&nbsp;&nbsp;&nbsp;&nbsp;&nbsp;&nbsp; Az\u0259rbaycan\u00e7\u0131l\u0131q m\u0259fkur\u0259sin\u0259, milli d\u00f6vl\u0259t\u00e7ilik ideallar\u0131na s\u0259daq\u0259t, v\u0259t\u0259n\u0259 m\u0259h\u0259bb\u0259t ruhunda formala\u015fm\u0131\u015f g\u0259nclik \u00f6lk\u0259miz\u0259 \u0259n b\u00f6y\u00fck t\u00f6hf\u0259nizdir. \u0130nan\u0131ram ki, istedad v\u0259 bacar\u0131\u011f\u0131n\u0131z\u0131 ictimai-siyasi, sosial-iqtisadi v\u0259 intellektual-m\u0259n\u0259vi h\u0259yat\u0131m\u0131zda bundan sonra da ger\u00e7\u0259kl\u0259\u015fdir\u0259r\u0259k, Az\u0259rbaycan\u0131n davaml\u0131 inki\u015faf\u0131 namin\u0259 var q\u00fcvv\u0259nizl\u0259 \u00e7al\u0131\u015facaqs\u0131n\u0131z.<\/p>\n\n\n\n<p>&nbsp;&nbsp;&nbsp;&nbsp;&nbsp;&nbsp; Bayram\u0131n\u0131z m\u00fcbar\u0259k olsun!<strong><\/strong><\/p>\n\n\n\n<p><\/p>\n","protected":false},"excerpt":{"rendered":"<p>\u00a0 \u018fziz xan\u0131mlar! &nbsp;&nbsp;&nbsp;&nbsp;&nbsp;&nbsp; Sizi Beyn\u0259lxalq Qad\u0131nlar G\u00fcn\u00fc m\u00fcnasib\u0259ti il\u0259 s\u0259mimi q\u0259lbd\u0259n t\u0259brik edir, ham\u0131n\u0131za cansa\u011fl\u0131\u011f\u0131, s\u0259ad\u0259t v\u0259 y\u00fcks\u0259k amallar namin\u0259 f\u0259aliyy\u0259tinizd\u0259 u\u011furlar arzulay\u0131ram.&nbsp;&nbsp;&nbsp;&nbsp;&nbsp; Siz Az\u0259rbaycan qad\u0131nlar\u0131n\u0131n m\u00fcasir c\u0259miyy\u0259timizd\u0259 tutdu\u011funuz m\u00f6vqe, b\u0259rab\u0259r h\u00fcquqlar v\u0259 imkanlar \u00fc\u00e7\u00fcn g\u00f6st\u0259rdiyiniz s\u0259yl\u0259r, h\u0259m\u00e7inin m\u00f6t\u0259b\u0259r qurumlarda t\u0259msil olunma\u011f\u0131n\u0131z f\u0259xr etdiyimiz m\u00fch\u00fcm tarixi nailiyy\u0259tl\u0259rdir. Ad\u0131n\u0131z \u00fclviyy\u0259tin, z\u0259rifliyin v\u0259 g\u00f6z\u0259lliyin r\u0259mzi kimi [&hellip;]<\/p>\n","protected":false},"author":5,"featured_media":0,"comment_status":"closed","ping_status":"open","sticky":false,"template":"","format":"standard","meta":{"footnotes":""},"categories":[25],"tags":[],"class_list":["post-4948","post","type-post","status-publish","format-standard","hentry","category-tarix-cografiya-fakultsi"],"_links":{"self":[{"href":"http:\/\/tcf.gdu.edu.az\/index.php?rest_route=\/wp\/v2\/posts\/4948","targetHints":{"allow":["GET"]}}],"collection":[{"href":"http:\/\/tcf.gdu.edu.az\/index.php?rest_route=\/wp\/v2\/posts"}],"about":[{"href":"http:\/\/tcf.gdu.edu.az\/index.php?rest_route=\/wp\/v2\/types\/post"}],"author":[{"embeddable":true,"href":"http:\/\/tcf.gdu.edu.az\/index.php?rest_route=\/wp\/v2\/users\/5"}],"replies":[{"embeddable":true,"href":"http:\/\/tcf.gdu.edu.az\/index.php?rest_route=%2Fwp%2Fv2%2Fcomments&post=4948"}],"version-history":[{"count":1,"href":"http:\/\/tcf.gdu.edu.az\/index.php?rest_route=\/wp\/v2\/posts\/4948\/revisions"}],"predecessor-version":[{"id":4950,"href":"http:\/\/tcf.gdu.edu.az\/index.php?rest_route=\/wp\/v2\/posts\/4948\/revisions\/4950"}],"wp:attachment":[{"href":"http:\/\/tcf.gdu.edu.az\/index.php?rest_route=%2Fwp%2Fv2%2Fmedia&parent=4948"}],"wp:term":[{"taxonomy":"category","embeddable":true,"href":"http:\/\/tcf.gdu.edu.az\/index.php?rest_route=%2Fwp%2Fv2%2Fcategories&post=4948"},{"taxonomy":"post_tag","embeddable":true,"href":"http:\/\/tcf.gdu.edu.az\/index.php?rest_route=%2Fwp%2Fv2%2Ftags&post=4948"}],"curies":[{"name":"wp","href":"https:\/\/api.w.org\/{rel}","templated":true}]}}