{"id":5007,"date":"2026-03-20T12:21:08","date_gmt":"2026-03-20T10:21:08","guid":{"rendered":"http:\/\/tcf.gdu.edu.az\/?p=5007"},"modified":"2026-03-20T12:21:09","modified_gmt":"2026-03-20T10:21:09","slug":"ramazan-bayraminiz-mubar%c9%99k","status":"publish","type":"post","link":"http:\/\/tcf.gdu.edu.az\/?p=5007","title":{"rendered":"Ramazan bayram\u0131n\u0131z m\u00fcbar\u0259k"},"content":{"rendered":"\n<figure class=\"wp-block-gallery has-nested-images columns-default is-cropped wp-block-gallery-1 is-layout-flex wp-block-gallery-is-layout-flex\">\n<figure class=\"wp-block-image size-large\"><a href=\"http:\/\/tcf.gdu.edu.az\/wp-content\/uploads\/2026\/03\/ramazan_site.jpg\"><img loading=\"lazy\" decoding=\"async\" width=\"1024\" height=\"576\" data-id=\"5008\" src=\"http:\/\/tcf.gdu.edu.az\/wp-content\/uploads\/2026\/03\/ramazan_site-1024x576.jpg\" alt=\"\" class=\"wp-image-5008\" srcset=\"http:\/\/tcf.gdu.edu.az\/wp-content\/uploads\/2026\/03\/ramazan_site-1024x576.jpg 1024w, http:\/\/tcf.gdu.edu.az\/wp-content\/uploads\/2026\/03\/ramazan_site-300x169.jpg 300w, http:\/\/tcf.gdu.edu.az\/wp-content\/uploads\/2026\/03\/ramazan_site-768x432.jpg 768w, http:\/\/tcf.gdu.edu.az\/wp-content\/uploads\/2026\/03\/ramazan_site-1536x864.jpg 1536w, http:\/\/tcf.gdu.edu.az\/wp-content\/uploads\/2026\/03\/ramazan_site.jpg 1920w\" sizes=\"auto, (max-width: 1024px) 100vw, 1024px\" \/><\/a><\/figure>\n<\/figure>\n\n\n\n<p>        Ramazan ay\u0131 d\u00fcnya m\u00fcs\u0259lmanlar\u0131n\u0131n \u0259n \u0259ziz ay\u0131d\u0131r. Oruc tutmaqla inancl\u0131 insanlara m\u0259n\u0259vi ucal\u0131\u011f\u0131n, \u0259xlaqi safl\u0131\u011f\u0131n f\u0259r\u0259hini, \u015f\u0259fq\u0259t, m\u0259rh\u0259m\u0259t v\u0259 h\u0259mr\u0259ylik duy\u011fular\u0131n\u0131n sevincini ya\u015fadan Ramazan ay\u0131 ilahi hikm\u0259tl\u0259r x\u0259zin\u0259si m\u00fcq\u0259dd\u0259s Qurani-K\u0259rimin nazil olmas\u0131 il\u0259 \u0259lam\u0259tdard\u0131r. Tarix\u0259n Az\u0259rbaycan c\u0259miyy\u0259tind\u0259 v\u0259hd\u0259tin, h\u0259mr\u0259yliyin v\u0259 n\u00fcmun\u0259vi tolerantl\u0131q m\u00fchitinin b\u0259rq\u0259rar olmas\u0131nda \u0130slam dini \u0259h\u0259miyy\u0259tli rol oynam\u0131\u015fd\u0131r.<\/p>\n\n\n\n<p>\u0130slam sivilizasiyas\u0131n\u0131n tarixi-m\u0259d\u0259ni m\u0259rk\u0259zl\u0259rind\u0259n olan Az\u0259rbaycanda Ramazan bayram\u0131 h\u0259r il b\u00f6y\u00fck t\u0259nt\u0259n\u0259 il\u0259 ke\u00e7irilir.<\/p>\n\n\n\n<p>Ramazan bayram\u0131 m\u00fcnasib\u0259til\u0259 sizi s\u0259mimi-q\u0259lbd\u0259n t\u0259brik edir, Allahdan oruc v\u0259 dualar\u0131n\u0131z\u0131n q\u0259bul olunmas\u0131n\u0131 dil\u0259yirik!<\/p>\n\n\n\n<p><strong>Ramazan bayram\u0131n\u0131z m\u00fcbar\u0259k!<\/strong><\/p>\n\n\n\n<p><\/p>\n","protected":false},"excerpt":{"rendered":"<p>Ramazan ay\u0131 d\u00fcnya m\u00fcs\u0259lmanlar\u0131n\u0131n \u0259n \u0259ziz ay\u0131d\u0131r. Oruc tutmaqla inancl\u0131 insanlara m\u0259n\u0259vi ucal\u0131\u011f\u0131n, \u0259xlaqi safl\u0131\u011f\u0131n f\u0259r\u0259hini, \u015f\u0259fq\u0259t, m\u0259rh\u0259m\u0259t v\u0259 h\u0259mr\u0259ylik duy\u011fular\u0131n\u0131n sevincini ya\u015fadan Ramazan ay\u0131 ilahi hikm\u0259tl\u0259r x\u0259zin\u0259si m\u00fcq\u0259dd\u0259s Qurani-K\u0259rimin nazil olmas\u0131 il\u0259 \u0259lam\u0259tdard\u0131r. Tarix\u0259n Az\u0259rbaycan c\u0259miyy\u0259tind\u0259 v\u0259hd\u0259tin, h\u0259mr\u0259yliyin v\u0259 n\u00fcmun\u0259vi tolerantl\u0131q m\u00fchitinin b\u0259rq\u0259rar olmas\u0131nda \u0130slam dini \u0259h\u0259miyy\u0259tli rol oynam\u0131\u015fd\u0131r. \u0130slam sivilizasiyas\u0131n\u0131n tarixi-m\u0259d\u0259ni m\u0259rk\u0259zl\u0259rind\u0259n olan [&hellip;]<\/p>\n","protected":false},"author":5,"featured_media":0,"comment_status":"closed","ping_status":"open","sticky":false,"template":"","format":"standard","meta":{"footnotes":""},"categories":[25],"tags":[],"class_list":["post-5007","post","type-post","status-publish","format-standard","hentry","category-tarix-cografiya-fakultsi"],"_links":{"self":[{"href":"http:\/\/tcf.gdu.edu.az\/index.php?rest_route=\/wp\/v2\/posts\/5007","targetHints":{"allow":["GET"]}}],"collection":[{"href":"http:\/\/tcf.gdu.edu.az\/index.php?rest_route=\/wp\/v2\/posts"}],"about":[{"href":"http:\/\/tcf.gdu.edu.az\/index.php?rest_route=\/wp\/v2\/types\/post"}],"author":[{"embeddable":true,"href":"http:\/\/tcf.gdu.edu.az\/index.php?rest_route=\/wp\/v2\/users\/5"}],"replies":[{"embeddable":true,"href":"http:\/\/tcf.gdu.edu.az\/index.php?rest_route=%2Fwp%2Fv2%2Fcomments&post=5007"}],"version-history":[{"count":1,"href":"http:\/\/tcf.gdu.edu.az\/index.php?rest_route=\/wp\/v2\/posts\/5007\/revisions"}],"predecessor-version":[{"id":5009,"href":"http:\/\/tcf.gdu.edu.az\/index.php?rest_route=\/wp\/v2\/posts\/5007\/revisions\/5009"}],"wp:attachment":[{"href":"http:\/\/tcf.gdu.edu.az\/index.php?rest_route=%2Fwp%2Fv2%2Fmedia&parent=5007"}],"wp:term":[{"taxonomy":"category","embeddable":true,"href":"http:\/\/tcf.gdu.edu.az\/index.php?rest_route=%2Fwp%2Fv2%2Fcategories&post=5007"},{"taxonomy":"post_tag","embeddable":true,"href":"http:\/\/tcf.gdu.edu.az\/index.php?rest_route=%2Fwp%2Fv2%2Ftags&post=5007"}],"curies":[{"name":"wp","href":"https:\/\/api.w.org\/{rel}","templated":true}]}}