{"id":5010,"date":"2026-03-20T12:33:40","date_gmt":"2026-03-20T10:33:40","guid":{"rendered":"http:\/\/tcf.gdu.edu.az\/?p=5010"},"modified":"2026-03-20T12:33:41","modified_gmt":"2026-03-20T10:33:41","slug":"novruz-bayraminiz-mubar%c9%99k-2","status":"publish","type":"post","link":"http:\/\/tcf.gdu.edu.az\/?p=5010","title":{"rendered":"Novruz Bayram\u0131n\u0131z M\u00fcbar\u0259k"},"content":{"rendered":"\n<figure class=\"wp-block-gallery has-nested-images columns-default is-cropped wp-block-gallery-1 is-layout-flex wp-block-gallery-is-layout-flex\">\n<figure class=\"wp-block-image size-large\"><a href=\"http:\/\/tcf.gdu.edu.az\/wp-content\/uploads\/2026\/03\/b06c85b1d2ecb4712f5ac8ec8c92f674.jpg\"><img loading=\"lazy\" decoding=\"async\" width=\"512\" height=\"372\" data-id=\"5011\" src=\"http:\/\/tcf.gdu.edu.az\/wp-content\/uploads\/2026\/03\/b06c85b1d2ecb4712f5ac8ec8c92f674.jpg\" alt=\"\" class=\"wp-image-5011\" srcset=\"http:\/\/tcf.gdu.edu.az\/wp-content\/uploads\/2026\/03\/b06c85b1d2ecb4712f5ac8ec8c92f674.jpg 512w, http:\/\/tcf.gdu.edu.az\/wp-content\/uploads\/2026\/03\/b06c85b1d2ecb4712f5ac8ec8c92f674-300x218.jpg 300w\" sizes=\"auto, (max-width: 512px) 100vw, 512px\" \/><\/a><\/figure>\n<\/figure>\n\n\n\n<p>    \u00a0Sizi Novruz bayram\u0131 m\u00fcnasib\u0259til\u0259 s\u0259mimi q\u0259lbd\u0259n t\u0259brik edir, h\u0259r biriniz\u0259 cansa\u011fl\u0131\u011f\u0131, s\u0259ad\u0259t v\u0259 xo\u015f \u0259hval-ruhiyy\u0259 arzulay\u0131ram. Novruz ulular\u0131m\u0131zdan biz\u0259 yadigar qalan, milli ruhumuzu v\u0259 yadda\u015f\u0131m\u0131z\u0131 b\u00fct\u00fcn z\u0259nginliyi il\u0259 \u00f6z\u00fcnd\u0259 \u0259ks etdir\u0259n q\u0259dim el bayram\u0131d\u0131r. Milli \u2013 m\u0259n\u0259vi d\u0259y\u0259rl\u0259rimiz\u0259 sadiq olan xalq\u0131m\u0131z \u00f6z ad\u0259t-\u0259n\u0259n\u0259l\u0259rini h\u0259ssasl\u0131qla qoruyub saxlayaraq, n\u0259sild\u0259n-n\u0259sl\u0259 \u00f6t\u00fcr\u00fcr.<br>\u00a0 \u00a0 T\u0259bi\u0259tin oyanmas\u0131 v\u0259 yenil\u0259\u015fm\u0259sinin r\u0259mzi olan Novruz bayram\u0131 insanlar\u0131 bir araya g\u0259tirir, qar\u015f\u0131l\u0131ql\u0131 h\u00f6rm\u0259ti g\u00fccl\u0259ndirir, ruh\u0259n yeniliy\u0259, m\u0259n\u0259vi-\u0259xlaqi safl\u0131\u011fa, xeyirxahl\u0131\u011fa s\u0259sl\u0259yir, c\u0259miyy\u0259timizd\u0259 birlik v\u0259 h\u0259mr\u0259yliyi daha da g\u00fccl\u0259ndir\u0259n d\u0259y\u0259rl\u0259ri \u00f6z\u00fcnd\u0259 birl\u0259\u015fdirir.<br>\u00a0 \u00a0 Milli-m\u0259n\u0259vi d\u0259y\u0259rl\u0259rimiz\u0259 bizi daha da yax\u0131nla\u015fd\u0131ran bu bayram g\u00fcnl\u0259rind\u0259 d\u00f6vl\u0259timizin davaml\u0131 inki\u015faf\u0131 v\u0259 t\u0259r\u0259qqisi \u00fc\u00e7\u00fcn dualar edilir, \u015f\u0259hidl\u0259rimizin \u0259ziz xatir\u0259si ehtiramla yad olunur. \u0130\u015f\u011faldan azad edilmi\u015f \u0259razil\u0259rd\u0259 bayram tonqallar\u0131 alovlan\u0131r, \u015fanl\u0131 bayra\u011f\u0131m\u0131z q\u00fcrurla dal\u011falan\u0131r. Ali Ba\u015f Komandan\u0131n r\u0259hb\u0259rliyi alt\u0131nda minl\u0259rl\u0259 yurdda\u015f\u0131m\u0131z uzun ill\u0259rd\u0259n sonra bu g\u00f6z\u0259l bayramlar\u0131 tarixi torpaqlar\u0131nda, do\u011fma yurd-yuvalar\u0131nda qeyd edirl\u0259r.<br>\u00a0 \u00a0 Arzu edir\u0259m ki, Novruzun yenil\u0259nm\u0259 ruhu h\u0259r bir oca\u011fa sevinc, ruzi-b\u0259r\u0259k\u0259t, firavanl\u0131q v\u0259 xo\u015fb\u0259xtlik g\u0259tirsin, Uca Yaradan \u00f6z m\u0259rh\u0259m\u0259tini xalq\u0131m\u0131zdan \u0259sirg\u0259m\u0259sin, xo\u015f ovqat, s\u00fclh v\u0259 \u0259min-amanl\u0131q dolu g\u0259l\u0259c\u0259k b\u0259x\u015f etsin.<br>\u00a0 \u00a0 Bayram\u0131n\u0131z m\u00fcbar\u0259k olsun!<\/p>\n","protected":false},"excerpt":{"rendered":"<p>\u00a0Sizi Novruz bayram\u0131 m\u00fcnasib\u0259til\u0259 s\u0259mimi q\u0259lbd\u0259n t\u0259brik edir, h\u0259r biriniz\u0259 cansa\u011fl\u0131\u011f\u0131, s\u0259ad\u0259t v\u0259 xo\u015f \u0259hval-ruhiyy\u0259 arzulay\u0131ram. Novruz ulular\u0131m\u0131zdan biz\u0259 yadigar qalan, milli ruhumuzu v\u0259 yadda\u015f\u0131m\u0131z\u0131 b\u00fct\u00fcn z\u0259nginliyi il\u0259 \u00f6z\u00fcnd\u0259 \u0259ks etdir\u0259n q\u0259dim el bayram\u0131d\u0131r. Milli \u2013 m\u0259n\u0259vi d\u0259y\u0259rl\u0259rimiz\u0259 sadiq olan xalq\u0131m\u0131z \u00f6z ad\u0259t-\u0259n\u0259n\u0259l\u0259rini h\u0259ssasl\u0131qla qoruyub saxlayaraq, n\u0259sild\u0259n-n\u0259sl\u0259 \u00f6t\u00fcr\u00fcr.\u00a0 \u00a0 T\u0259bi\u0259tin oyanmas\u0131 v\u0259 yenil\u0259\u015fm\u0259sinin r\u0259mzi olan [&hellip;]<\/p>\n","protected":false},"author":5,"featured_media":0,"comment_status":"closed","ping_status":"open","sticky":false,"template":"","format":"standard","meta":{"footnotes":""},"categories":[25],"tags":[],"class_list":["post-5010","post","type-post","status-publish","format-standard","hentry","category-tarix-cografiya-fakultsi"],"_links":{"self":[{"href":"http:\/\/tcf.gdu.edu.az\/index.php?rest_route=\/wp\/v2\/posts\/5010","targetHints":{"allow":["GET"]}}],"collection":[{"href":"http:\/\/tcf.gdu.edu.az\/index.php?rest_route=\/wp\/v2\/posts"}],"about":[{"href":"http:\/\/tcf.gdu.edu.az\/index.php?rest_route=\/wp\/v2\/types\/post"}],"author":[{"embeddable":true,"href":"http:\/\/tcf.gdu.edu.az\/index.php?rest_route=\/wp\/v2\/users\/5"}],"replies":[{"embeddable":true,"href":"http:\/\/tcf.gdu.edu.az\/index.php?rest_route=%2Fwp%2Fv2%2Fcomments&post=5010"}],"version-history":[{"count":1,"href":"http:\/\/tcf.gdu.edu.az\/index.php?rest_route=\/wp\/v2\/posts\/5010\/revisions"}],"predecessor-version":[{"id":5012,"href":"http:\/\/tcf.gdu.edu.az\/index.php?rest_route=\/wp\/v2\/posts\/5010\/revisions\/5012"}],"wp:attachment":[{"href":"http:\/\/tcf.gdu.edu.az\/index.php?rest_route=%2Fwp%2Fv2%2Fmedia&parent=5010"}],"wp:term":[{"taxonomy":"category","embeddable":true,"href":"http:\/\/tcf.gdu.edu.az\/index.php?rest_route=%2Fwp%2Fv2%2Fcategories&post=5010"},{"taxonomy":"post_tag","embeddable":true,"href":"http:\/\/tcf.gdu.edu.az\/index.php?rest_route=%2Fwp%2Fv2%2Ftags&post=5010"}],"curies":[{"name":"wp","href":"https:\/\/api.w.org\/{rel}","templated":true}]}}