{"id":3766,"date":"2024-12-07T09:06:39","date_gmt":"2024-12-07T07:06:39","guid":{"rendered":"http:\/\/tcf.gdu.edu.az\/?p=3766"},"modified":"2024-12-07T09:06:40","modified_gmt":"2024-12-07T07:06:40","slug":"almaniya-avstriya-macaristan-v%c9%99-italiya-1900-1914-cu-ill%c9%99rd%c9%99-movzusunda-aciq-d%c9%99rs","status":"publish","type":"post","link":"https:\/\/tcf.gdu.edu.az\/?p=3766","title":{"rendered":"&#8220;Almaniya, Avstriya-Macar\u0131stan v\u0259 \u0130taliya 1900-1914-c\u00fc ill\u0259rd\u0259&#8221; m\u00f6vzusunda a\u00e7\u0131q d\u0259rs"},"content":{"rendered":"\n<figure class=\"wp-block-gallery has-nested-images columns-default is-cropped wp-block-gallery-1 is-layout-flex wp-block-gallery-is-layout-flex\">\n<figure class=\"wp-block-image size-large\"><a href=\"http:\/\/tcf.gdu.edu.az\/wp-content\/uploads\/2024\/12\/IMG-20241204-WA0016-scaled.jpg\"><img loading=\"lazy\" decoding=\"async\" width=\"1024\" height=\"768\" data-id=\"3767\" src=\"http:\/\/tcf.gdu.edu.az\/wp-content\/uploads\/2024\/12\/IMG-20241204-WA0016-1024x768.jpg\" alt=\"\" class=\"wp-image-3767\" srcset=\"https:\/\/tcf.gdu.edu.az\/wp-content\/uploads\/2024\/12\/IMG-20241204-WA0016-1024x768.jpg 1024w, https:\/\/tcf.gdu.edu.az\/wp-content\/uploads\/2024\/12\/IMG-20241204-WA0016-300x225.jpg 300w, https:\/\/tcf.gdu.edu.az\/wp-content\/uploads\/2024\/12\/IMG-20241204-WA0016-768x576.jpg 768w, https:\/\/tcf.gdu.edu.az\/wp-content\/uploads\/2024\/12\/IMG-20241204-WA0016-1536x1152.jpg 1536w, https:\/\/tcf.gdu.edu.az\/wp-content\/uploads\/2024\/12\/IMG-20241204-WA0016-2048x1536.jpg 2048w, https:\/\/tcf.gdu.edu.az\/wp-content\/uploads\/2024\/12\/IMG-20241204-WA0016-960x720.jpg 960w, https:\/\/tcf.gdu.edu.az\/wp-content\/uploads\/2024\/12\/IMG-20241204-WA0016-480x360.jpg 480w, https:\/\/tcf.gdu.edu.az\/wp-content\/uploads\/2024\/12\/IMG-20241204-WA0016-320x240.jpg 320w, https:\/\/tcf.gdu.edu.az\/wp-content\/uploads\/2024\/12\/IMG-20241204-WA0016-240x180.jpg 240w\" sizes=\"auto, (max-width: 1024px) 100vw, 1024px\" \/><\/a><\/figure>\n<\/figure>\n\n\n\n<figure class=\"wp-block-gallery has-nested-images columns-default is-cropped wp-block-gallery-2 is-layout-flex wp-block-gallery-is-layout-flex\">\n<figure class=\"wp-block-image size-large\"><a href=\"http:\/\/tcf.gdu.edu.az\/wp-content\/uploads\/2024\/12\/IMG-20241204-WA0012-scaled.jpg\"><img loading=\"lazy\" decoding=\"async\" width=\"768\" height=\"1024\" data-id=\"3768\" src=\"http:\/\/tcf.gdu.edu.az\/wp-content\/uploads\/2024\/12\/IMG-20241204-WA0012-768x1024.jpg\" alt=\"\" class=\"wp-image-3768\" srcset=\"https:\/\/tcf.gdu.edu.az\/wp-content\/uploads\/2024\/12\/IMG-20241204-WA0012-768x1024.jpg 768w, https:\/\/tcf.gdu.edu.az\/wp-content\/uploads\/2024\/12\/IMG-20241204-WA0012-225x300.jpg 225w, https:\/\/tcf.gdu.edu.az\/wp-content\/uploads\/2024\/12\/IMG-20241204-WA0012-1152x1536.jpg 1152w, https:\/\/tcf.gdu.edu.az\/wp-content\/uploads\/2024\/12\/IMG-20241204-WA0012-1536x2048.jpg 1536w, https:\/\/tcf.gdu.edu.az\/wp-content\/uploads\/2024\/12\/IMG-20241204-WA0012-scaled.jpg 1920w\" sizes=\"auto, (max-width: 768px) 100vw, 768px\" \/><\/a><\/figure>\n<\/figure>\n\n\n\n<figure class=\"wp-block-gallery has-nested-images columns-default is-cropped wp-block-gallery-3 is-layout-flex wp-block-gallery-is-layout-flex\">\n<figure class=\"wp-block-image size-large\"><a href=\"http:\/\/tcf.gdu.edu.az\/wp-content\/uploads\/2024\/12\/IMG-20241204-WA0034-scaled.jpg\"><img loading=\"lazy\" decoding=\"async\" width=\"768\" height=\"1024\" data-id=\"3769\" src=\"http:\/\/tcf.gdu.edu.az\/wp-content\/uploads\/2024\/12\/IMG-20241204-WA0034-768x1024.jpg\" alt=\"\" class=\"wp-image-3769\" srcset=\"https:\/\/tcf.gdu.edu.az\/wp-content\/uploads\/2024\/12\/IMG-20241204-WA0034-768x1024.jpg 768w, https:\/\/tcf.gdu.edu.az\/wp-content\/uploads\/2024\/12\/IMG-20241204-WA0034-225x300.jpg 225w, https:\/\/tcf.gdu.edu.az\/wp-content\/uploads\/2024\/12\/IMG-20241204-WA0034-1152x1536.jpg 1152w, https:\/\/tcf.gdu.edu.az\/wp-content\/uploads\/2024\/12\/IMG-20241204-WA0034-1536x2048.jpg 1536w, https:\/\/tcf.gdu.edu.az\/wp-content\/uploads\/2024\/12\/IMG-20241204-WA0034-scaled.jpg 1920w\" sizes=\"auto, (max-width: 768px) 100vw, 768px\" \/><\/a><\/figure>\n<\/figure>\n\n\n\n<p>04 noyabr \u00a02024-c\u00fc il tarixd\u0259 Tarix-co\u011frafiya fak\u00fclt\u0259sinin Tarix m\u00fc\u0259llimliyi ixtisas\u0131n\u0131n III kursunda\u00a0 \u00dcmumi tarix kafedras\u0131n\u0131n dos.\u0259v. R\u0259sulova N\u0259rgiz  \u0130smay\u0131l q\u0131z\u0131n\u0131n \u201cYeni d\u00f6vr tarixi\u201d f\u0259nnind\u0259n <strong>\u201cAlmaniya, Avstriya-Macar\u0131stan v\u0259 \u0130taliya 1900-1914-c\u00fc ill\u0259rd\u0259\u201d<\/strong> m\u00f6vzusunda a\u00e7\u0131q d\u0259rsi olmu\u015fdur.<\/p>\n\n\n\n<p>\u00a0\u00a0\u00a0\u00a0\u00a0\u00a0\u00a0\u00a0 A\u00e7\u0131q d\u0259rsd\u0259 XX \u0259srin \u0259vv\u0259ll\u0259rind\u0259 Almaniyan\u0131n daxili siyasi v\u0259ziyy\u0259ti v\u0259 iqtisadi inki\u015faf\u0131, XX \u0259srin \u0259vv\u0259ll\u0259rind\u0259 Avsrtriya-Macar\u0131stan\u0131n daxili siyasi-iqtisadi v\u0259ziyy\u0259ti, XX \u0259srin \u0259vv\u0259ll\u0259rind\u0259 \u0130taliyan\u0131n iqtisadi v\u0259ziyy\u0259ti v\u0259 &#8220;C\u0259nub m\u0259s\u0259l\u0259si&#8221;. C.Colittinin liberal eras\u0131. XX \u0259srin \u0259vv\u0259ll\u0259rind\u0259 Almaniyan\u0131n xarici siyasi kursu, Avstriya-Macar\u0131stan\u0131n 1909-1914-c\u00fc ill\u0259rd\u0259 xarici siyas\u0259ti, 1900-1914-c\u00fc ill\u0259rd\u0259 \u0130taliyan\u0131n xarici siyas\u0259ti. \u0130rredentistl\u0259r h\u0259r\u0259kat\u0131. \u0130taliya-T\u00fcrkiy\u0259 m\u00fcnasib\u0259tl\u0259ri  m\u00fchazir\u0259d\u0259 t\u0259l\u0259b\u0259l\u0259r\u0259 geni\u015f izah edildi. D\u0259rs m\u00fcasir t\u0259lim metodlar\u0131na uy\u011fun t\u0259\u015fkil olunmu\u015fdu, proyektordan s\u0259m\u0259r\u0259li istifad\u0259 olundu, d\u0259rs prosesind\u0259 m\u00f6vzunun materiallar\u0131ndan ir\u0259li g\u0259l\u0259n m\u0259s\u0259l\u0259l\u0259r ayd\u0131nla\u015fd\u0131r\u0131ld\u0131, qar\u015f\u0131ya qoyulan t\u0259l\u0259bl\u0259r \u00f6d\u0259nildi.<\/p>\n\n\n\n<p>\u00a0\u00a0\u00a0\u00a0\u00a0\u00a0\u00a0\u00a0 A\u00e7\u0131q d\u0259rsd\u0259 Tarix-Co\u011frafiya fak\u00fclt\u0259sinin dekan\u0131 dos. Urfan H\u0259s\u0259nov, Sosial f\u0259nl\u0259r kafedras\u0131n\u0131n m\u00fcdiri dos.Cavid Ba\u011f\u0131rzad\u0259, \u00dcmumi tarix kafedras\u0131n\u0131n m\u00fcdiri dos. Etibar Musayev v\u0259 t.\u00fc.f.d. G\u00fclt\u0259kin Allahverdiyeva  i\u015ftirak etmi\u015fl\u0259r.<\/p>\n","protected":false},"excerpt":{"rendered":"<p>04 noyabr \u00a02024-c\u00fc il tarixd\u0259 Tarix-co\u011frafiya fak\u00fclt\u0259sinin Tarix m\u00fc\u0259llimliyi ixtisas\u0131n\u0131n III kursunda\u00a0 \u00dcmumi tarix kafedras\u0131n\u0131n dos.\u0259v. R\u0259sulova N\u0259rgiz \u0130smay\u0131l q\u0131z\u0131n\u0131n \u201cYeni d\u00f6vr tarixi\u201d f\u0259nnind\u0259n \u201cAlmaniya, Avstriya-Macar\u0131stan v\u0259 \u0130taliya 1900-1914-c\u00fc ill\u0259rd\u0259\u201d m\u00f6vzusunda a\u00e7\u0131q d\u0259rsi olmu\u015fdur. \u00a0\u00a0\u00a0\u00a0\u00a0\u00a0\u00a0\u00a0 A\u00e7\u0131q d\u0259rsd\u0259 XX \u0259srin \u0259vv\u0259ll\u0259rind\u0259 Almaniyan\u0131n daxili siyasi v\u0259ziyy\u0259ti v\u0259 iqtisadi inki\u015faf\u0131, XX \u0259srin \u0259vv\u0259ll\u0259rind\u0259 Avsrtriya-Macar\u0131stan\u0131n daxili siyasi-iqtisadi v\u0259ziyy\u0259ti, XX [&hellip;]<\/p>\n","protected":false},"author":5,"featured_media":0,"comment_status":"closed","ping_status":"open","sticky":false,"template":"","format":"standard","meta":{"footnotes":""},"categories":[25,21],"tags":[],"class_list":["post-3766","post","type-post","status-publish","format-standard","hentry","category-tarix-cografiya-fakultsi","category-umumi-tarix"],"_links":{"self":[{"href":"https:\/\/tcf.gdu.edu.az\/index.php?rest_route=\/wp\/v2\/posts\/3766","targetHints":{"allow":["GET"]}}],"collection":[{"href":"https:\/\/tcf.gdu.edu.az\/index.php?rest_route=\/wp\/v2\/posts"}],"about":[{"href":"https:\/\/tcf.gdu.edu.az\/index.php?rest_route=\/wp\/v2\/types\/post"}],"author":[{"embeddable":true,"href":"https:\/\/tcf.gdu.edu.az\/index.php?rest_route=\/wp\/v2\/users\/5"}],"replies":[{"embeddable":true,"href":"https:\/\/tcf.gdu.edu.az\/index.php?rest_route=%2Fwp%2Fv2%2Fcomments&post=3766"}],"version-history":[{"count":1,"href":"https:\/\/tcf.gdu.edu.az\/index.php?rest_route=\/wp\/v2\/posts\/3766\/revisions"}],"predecessor-version":[{"id":3770,"href":"https:\/\/tcf.gdu.edu.az\/index.php?rest_route=\/wp\/v2\/posts\/3766\/revisions\/3770"}],"wp:attachment":[{"href":"https:\/\/tcf.gdu.edu.az\/index.php?rest_route=%2Fwp%2Fv2%2Fmedia&parent=3766"}],"wp:term":[{"taxonomy":"category","embeddable":true,"href":"https:\/\/tcf.gdu.edu.az\/index.php?rest_route=%2Fwp%2Fv2%2Fcategories&post=3766"},{"taxonomy":"post_tag","embeddable":true,"href":"https:\/\/tcf.gdu.edu.az\/index.php?rest_route=%2Fwp%2Fv2%2Ftags&post=3766"}],"curies":[{"name":"wp","href":"https:\/\/api.w.org\/{rel}","templated":true}]}}