{"id":3882,"date":"2025-02-26T18:59:59","date_gmt":"2025-02-26T16:59:59","guid":{"rendered":"http:\/\/tcf.gdu.edu.az\/?p=3882"},"modified":"2025-02-26T19:00:00","modified_gmt":"2025-02-26T17:00:00","slug":"xx-%c9%99srin-%c9%99n-d%c9%99hs%c9%99tli-faci%c9%99si-xocali-soyqirimi","status":"publish","type":"post","link":"https:\/\/tcf.gdu.edu.az\/?p=3882","title":{"rendered":"XX \u0259srin \u0259n d\u0259h\u015f\u0259tli faci\u0259si -Xocal\u0131 soyq\u0131r\u0131m\u0131"},"content":{"rendered":"\n<figure class=\"wp-block-gallery has-nested-images columns-default is-cropped wp-block-gallery-1 is-layout-flex wp-block-gallery-is-layout-flex\">\n<figure class=\"wp-block-image size-large\"><a href=\"http:\/\/tcf.gdu.edu.az\/wp-content\/uploads\/2025\/02\/IMG_0743.jpg\"><img loading=\"lazy\" decoding=\"async\" width=\"1024\" height=\"577\" data-id=\"3883\" src=\"http:\/\/tcf.gdu.edu.az\/wp-content\/uploads\/2025\/02\/IMG_0743-1024x577.jpg\" alt=\"\" class=\"wp-image-3883\" srcset=\"https:\/\/tcf.gdu.edu.az\/wp-content\/uploads\/2025\/02\/IMG_0743-1024x577.jpg 1024w, https:\/\/tcf.gdu.edu.az\/wp-content\/uploads\/2025\/02\/IMG_0743-300x169.jpg 300w, https:\/\/tcf.gdu.edu.az\/wp-content\/uploads\/2025\/02\/IMG_0743-768x433.jpg 768w, https:\/\/tcf.gdu.edu.az\/wp-content\/uploads\/2025\/02\/IMG_0743.jpg 1273w\" sizes=\"auto, (max-width: 1024px) 100vw, 1024px\" \/><\/a><\/figure>\n<\/figure>\n\n\n\n<figure class=\"wp-block-gallery has-nested-images columns-default is-cropped wp-block-gallery-2 is-layout-flex wp-block-gallery-is-layout-flex\">\n<figure class=\"wp-block-image size-large\"><a href=\"http:\/\/tcf.gdu.edu.az\/wp-content\/uploads\/2025\/02\/IMG_0775.jpg\"><img loading=\"lazy\" decoding=\"async\" width=\"969\" height=\"755\" data-id=\"3884\" src=\"http:\/\/tcf.gdu.edu.az\/wp-content\/uploads\/2025\/02\/IMG_0775.jpg\" alt=\"\" class=\"wp-image-3884\" srcset=\"https:\/\/tcf.gdu.edu.az\/wp-content\/uploads\/2025\/02\/IMG_0775.jpg 969w, https:\/\/tcf.gdu.edu.az\/wp-content\/uploads\/2025\/02\/IMG_0775-300x234.jpg 300w, https:\/\/tcf.gdu.edu.az\/wp-content\/uploads\/2025\/02\/IMG_0775-768x598.jpg 768w\" sizes=\"auto, (max-width: 969px) 100vw, 969px\" \/><\/a><\/figure>\n<\/figure>\n\n\n\n<figure class=\"wp-block-gallery has-nested-images columns-default is-cropped wp-block-gallery-3 is-layout-flex wp-block-gallery-is-layout-flex\">\n<figure class=\"wp-block-image size-large\"><a href=\"http:\/\/tcf.gdu.edu.az\/wp-content\/uploads\/2025\/02\/IMG_0817.jpg\"><img loading=\"lazy\" decoding=\"async\" width=\"1024\" height=\"572\" data-id=\"3885\" src=\"http:\/\/tcf.gdu.edu.az\/wp-content\/uploads\/2025\/02\/IMG_0817-1024x572.jpg\" alt=\"\" class=\"wp-image-3885\" srcset=\"https:\/\/tcf.gdu.edu.az\/wp-content\/uploads\/2025\/02\/IMG_0817-1024x572.jpg 1024w, https:\/\/tcf.gdu.edu.az\/wp-content\/uploads\/2025\/02\/IMG_0817-300x168.jpg 300w, https:\/\/tcf.gdu.edu.az\/wp-content\/uploads\/2025\/02\/IMG_0817-768x429.jpg 768w, https:\/\/tcf.gdu.edu.az\/wp-content\/uploads\/2025\/02\/IMG_0817.jpg 1324w\" sizes=\"auto, (max-width: 1024px) 100vw, 1024px\" \/><\/a><\/figure>\n<\/figure>\n\n\n\n<figure class=\"wp-block-gallery has-nested-images columns-default is-cropped wp-block-gallery-4 is-layout-flex wp-block-gallery-is-layout-flex\">\n<figure class=\"wp-block-image size-large\"><a href=\"http:\/\/tcf.gdu.edu.az\/wp-content\/uploads\/2025\/02\/IMG_0838.jpg\"><img loading=\"lazy\" decoding=\"async\" width=\"1024\" height=\"535\" data-id=\"3886\" src=\"http:\/\/tcf.gdu.edu.az\/wp-content\/uploads\/2025\/02\/IMG_0838-1024x535.jpg\" alt=\"\" class=\"wp-image-3886\" srcset=\"https:\/\/tcf.gdu.edu.az\/wp-content\/uploads\/2025\/02\/IMG_0838-1024x535.jpg 1024w, https:\/\/tcf.gdu.edu.az\/wp-content\/uploads\/2025\/02\/IMG_0838-300x157.jpg 300w, https:\/\/tcf.gdu.edu.az\/wp-content\/uploads\/2025\/02\/IMG_0838-768x401.jpg 768w, https:\/\/tcf.gdu.edu.az\/wp-content\/uploads\/2025\/02\/IMG_0838.jpg 1324w\" sizes=\"auto, (max-width: 1024px) 100vw, 1024px\" \/><\/a><\/figure>\n<\/figure>\n\n\n\n<p>&nbsp;&nbsp;&nbsp;&nbsp;&nbsp;&nbsp;&nbsp;&nbsp;&nbsp; &nbsp;Xocal\u0131 faci\u0259sin\u0259 h\u0259sr olunmu\u015f t\u0259dbir Tarix-Co\u011frafiya fak\u00fclt\u0259sind\u0259 ke\u00e7irilib.<\/p>\n\n\n\n<p>&nbsp;&nbsp;&nbsp;&nbsp;&nbsp;&nbsp;&nbsp;&nbsp; \u00d6nc\u0259 Az\u0259rbaycan Respublikas\u0131n\u0131n D\u00f6vl\u0259t Himni s\u0259sl\u0259ndirilib, \u00f6lk\u0259mizin \u0259razi b\u00fct\u00f6vl\u00fcy\u00fc v\u0259 suverenliyi u\u011frunda canlar\u0131ndan ke\u00e7mi\u015f \u015f\u0259hidl\u0259rimizin \u0259ziz xatir\u0259si yad edilib.<\/p>\n\n\n\n<p>&nbsp;&nbsp;&nbsp; Universitetin Humanitar m\u0259s\u0259l\u0259l\u0259ri \u00fczr\u0259 prorektor, dos. G\u00fcls\u00fcm F\u0259t\u0259liyeva, \u00dcmumi tarix kafedras\u0131n\u0131n m\u00fcdiri dos. Etibar Musayev, Az\u0259rbaycan tarix kafedras\u0131n\u0131n m\u00fcdiri dos.G\u00fclara \u018fliyeva, Sosial f\u0259nl\u0259r kafedras\u0131n\u0131n f.\u00fc.f.dok. \u00dczeyir Balaki\u015fiyev \u00e7\u0131x\u0131\u015flar\u0131nda tarixi faktlara \u0259saslanaraq Xocal\u0131 faci\u0259sind\u0259 erm\u0259nil\u0259rin xalq\u0131m\u0131za qar\u015f\u0131 t\u00f6r\u0259tdiyi m\u00fcsib\u0259tl\u0259rd\u0259n \u0259trafl\u0131 dan\u0131\u015f\u0131dlar, 1992-ci il fevral\u0131n 26-na ke\u00e7\u0259n gec\u0259 Erm\u0259nistan silahl\u0131 q\u00fcvv\u0259l\u0259rinin Xocal\u0131ya a\u011f\u0131r h\u0259rbi texnika yerid\u0259r\u0259k \u015f\u0259h\u0259r \u0259halisin\u0259 qar\u015f\u0131 misli g\u00f6r\u00fcnm\u0259mi\u015f q\u0131r\u011f\u0131ndan s\u00f6hb\u0259t a\u00e7\u0131blar.<\/p>\n","protected":false},"excerpt":{"rendered":"<p>&nbsp;&nbsp;&nbsp;&nbsp;&nbsp;&nbsp;&nbsp;&nbsp;&nbsp; &nbsp;Xocal\u0131 faci\u0259sin\u0259 h\u0259sr olunmu\u015f t\u0259dbir Tarix-Co\u011frafiya fak\u00fclt\u0259sind\u0259 ke\u00e7irilib. &nbsp;&nbsp;&nbsp;&nbsp;&nbsp;&nbsp;&nbsp;&nbsp; \u00d6nc\u0259 Az\u0259rbaycan Respublikas\u0131n\u0131n D\u00f6vl\u0259t Himni s\u0259sl\u0259ndirilib, \u00f6lk\u0259mizin \u0259razi b\u00fct\u00f6vl\u00fcy\u00fc v\u0259 suverenliyi u\u011frunda canlar\u0131ndan ke\u00e7mi\u015f \u015f\u0259hidl\u0259rimizin \u0259ziz xatir\u0259si yad edilib. &nbsp;&nbsp;&nbsp; Universitetin Humanitar m\u0259s\u0259l\u0259l\u0259ri \u00fczr\u0259 prorektor, dos. G\u00fcls\u00fcm F\u0259t\u0259liyeva, \u00dcmumi tarix kafedras\u0131n\u0131n m\u00fcdiri dos. Etibar Musayev, Az\u0259rbaycan tarix kafedras\u0131n\u0131n m\u00fcdiri dos.G\u00fclara \u018fliyeva, Sosial f\u0259nl\u0259r kafedras\u0131n\u0131n f.\u00fc.f.dok. [&hellip;]<\/p>\n","protected":false},"author":5,"featured_media":0,"comment_status":"closed","ping_status":"open","sticky":false,"template":"","format":"standard","meta":{"footnotes":""},"categories":[25],"tags":[],"class_list":["post-3882","post","type-post","status-publish","format-standard","hentry","category-tarix-cografiya-fakultsi"],"_links":{"self":[{"href":"https:\/\/tcf.gdu.edu.az\/index.php?rest_route=\/wp\/v2\/posts\/3882","targetHints":{"allow":["GET"]}}],"collection":[{"href":"https:\/\/tcf.gdu.edu.az\/index.php?rest_route=\/wp\/v2\/posts"}],"about":[{"href":"https:\/\/tcf.gdu.edu.az\/index.php?rest_route=\/wp\/v2\/types\/post"}],"author":[{"embeddable":true,"href":"https:\/\/tcf.gdu.edu.az\/index.php?rest_route=\/wp\/v2\/users\/5"}],"replies":[{"embeddable":true,"href":"https:\/\/tcf.gdu.edu.az\/index.php?rest_route=%2Fwp%2Fv2%2Fcomments&post=3882"}],"version-history":[{"count":1,"href":"https:\/\/tcf.gdu.edu.az\/index.php?rest_route=\/wp\/v2\/posts\/3882\/revisions"}],"predecessor-version":[{"id":3887,"href":"https:\/\/tcf.gdu.edu.az\/index.php?rest_route=\/wp\/v2\/posts\/3882\/revisions\/3887"}],"wp:attachment":[{"href":"https:\/\/tcf.gdu.edu.az\/index.php?rest_route=%2Fwp%2Fv2%2Fmedia&parent=3882"}],"wp:term":[{"taxonomy":"category","embeddable":true,"href":"https:\/\/tcf.gdu.edu.az\/index.php?rest_route=%2Fwp%2Fv2%2Fcategories&post=3882"},{"taxonomy":"post_tag","embeddable":true,"href":"https:\/\/tcf.gdu.edu.az\/index.php?rest_route=%2Fwp%2Fv2%2Ftags&post=3882"}],"curies":[{"name":"wp","href":"https:\/\/api.w.org\/{rel}","templated":true}]}}