{"id":4330,"date":"2025-06-14T20:30:33","date_gmt":"2025-06-14T18:30:33","guid":{"rendered":"http:\/\/tcf.gdu.edu.az\/?p=4330"},"modified":"2025-06-14T20:30:34","modified_gmt":"2025-06-14T18:30:34","slug":"15-iyun-az%c9%99rbaycan-xalqinin-milli-qurtulus-gunudur-2","status":"publish","type":"post","link":"https:\/\/tcf.gdu.edu.az\/?p=4330","title":{"rendered":"15 iyun Az\u0259rbaycan Xalq\u0131n\u0131n Milli Qurtulu\u015f g\u00fcn\u00fcd\u00fcr"},"content":{"rendered":"\n<figure class=\"wp-block-gallery has-nested-images columns-default is-cropped wp-block-gallery-1 is-layout-flex wp-block-gallery-is-layout-flex\">\n<figure class=\"wp-block-image size-large\"><a href=\"http:\/\/tcf.gdu.edu.az\/wp-content\/uploads\/2025\/06\/15-iyun-poster-1500x1060-1.jpg\"><img loading=\"lazy\" decoding=\"async\" width=\"1024\" height=\"724\" data-id=\"4331\" src=\"http:\/\/tcf.gdu.edu.az\/wp-content\/uploads\/2025\/06\/15-iyun-poster-1500x1060-1-1024x724.jpg\" alt=\"\" class=\"wp-image-4331\" srcset=\"https:\/\/tcf.gdu.edu.az\/wp-content\/uploads\/2025\/06\/15-iyun-poster-1500x1060-1-1024x724.jpg 1024w, https:\/\/tcf.gdu.edu.az\/wp-content\/uploads\/2025\/06\/15-iyun-poster-1500x1060-1-300x212.jpg 300w, https:\/\/tcf.gdu.edu.az\/wp-content\/uploads\/2025\/06\/15-iyun-poster-1500x1060-1-768x543.jpg 768w, https:\/\/tcf.gdu.edu.az\/wp-content\/uploads\/2025\/06\/15-iyun-poster-1500x1060-1.jpg 1500w\" sizes=\"auto, (max-width: 1024px) 100vw, 1024px\" \/><\/a><\/figure>\n<\/figure>\n\n\n\n<p><strong>Az\u0259rbaycan xalq\u0131n\u0131n milli qurtulu\u015f g\u00fcn\u00fc \u2014 Az\u0259rbaycan Respublikas\u0131nda r\u0259smi bayramlardan biri. 1997-ci ilin 15 iyun g\u00fcn\u00fcnd\u0259n bayram elan edilib. 1997-ci ild\u0259n qeyd olunan bayrama 1998-ci ild\u0259n d\u00f6vl\u0259t statusu verilib.<\/strong><strong><\/strong><\/p>\n\n\n\n<p>1993-c\u00fc il iyunun 15-i Az\u0259rbaycan tarixin\u0259 Milli Qurtulu\u015f G\u00fcn\u00fc kimi daxil olub v\u0259 d\u00f6vl\u0259t\u00e7iliyimiz yox olmaq t\u0259hl\u00fck\u0259sind\u0259n xilas edilib. Az\u0259rbaycan xalq\u0131n\u0131n \u00fcmummilli lideri Heyd\u0259r \u018fliyev \u00f6z xilaskarl\u0131q missiyas\u0131 il\u0259 \u00f6lk\u0259mizin m\u00fcst\u0259qilliyini qorudu, respublikada t\u00fc\u011fyan ed\u0259n ictimai-siyasi b\u00f6hran\u0131 aradan qald\u0131rd\u0131 v\u0259 inki\u015faf\u0131n t\u0259m\u0259lini qoydu. Bu g\u00fcn milli qurtulu\u015f ideologiyas\u0131n\u0131n t\u0259nt\u0259n\u0259si m\u00fcst\u0259qil respublikam\u0131z\u0131n davaml\u0131 inki\u015faf\u0131nda \u00f6z\u00fcn\u00fc b\u00fcruz\u0259 verir, regionda v\u0259 d\u00fcnyada Az\u0259rbaycan\u0131n n\u00fcfuzu daha da art\u0131r.<\/p>\n\n\n\n<p>Milli qurtulu\u015f f\u0259ls\u0259f\u0259si s\u00f6z\u00fcn geni\u015f m\u0259nas\u0131nda Az\u0259rbaycan\u0131n m\u00f6vcudlu\u011funu, onun \u0259n b\u00f6y\u00fck tarixi nailiyy\u0259ti olan m\u00fcst\u0259qilliyini t\u0259min etdi. Xalq\u0131n t\u0259kidli t\u0259l\u0259bi il\u0259 ikinci d\u0259f\u0259 hakimiyy\u0259t\u0259 qay\u0131dan Heyd\u0259r \u018fliyev iyunun 15-d\u0259 Az\u0259rbaycan Ali Sovetinin s\u0259dri se\u00e7ildi. Ulu \u00d6nd\u0259r b\u00f6y\u00fck riskl\u0259r\u0259 baxmayaraq, xalq\u0131n qurtulu\u015fu missiyas\u0131n\u0131 c\u0259sar\u0259tl\u0259 \u00f6z \u00fcz\u0259rin\u0259 g\u00f6t\u00fcrd\u00fc. Bununla da \u00f6lk\u0259d\u0259 uzun ill\u0259r davam ed\u0259n g\u0259rginlik v\u0259 qar\u015f\u0131durma s\u0259ngidi, respublikam\u0131z v\u0259t\u0259nda\u015f m\u00fcharib\u0259sind\u0259n v\u0259 par\u00e7alanma t\u0259hl\u00fck\u0259sind\u0259n xilas oldu. Bel\u0259likl\u0259, bu m\u00fch\u00fcm tarixi g\u00fcn xalq\u0131m\u0131z\u0131n yadda\u015f\u0131na Milli Qurtulu\u015f G\u00fcn\u00fc kimi h\u0259kk olundu v\u0259 1997-ci ild\u0259n etibar\u0259n parlamentin q\u0259rar\u0131 il\u0259 r\u0259smi bayram kimi qeyd olunur.<\/p>\n\n\n\n<p>Milli M\u0259clisin 1993-c\u00fc il iyunun 15-d\u0259 ke\u00e7iril\u0259n iclas\u0131ndak\u0131 \u00e7\u0131x\u0131\u015f\u0131nda Ulu \u00d6nd\u0259r Az\u0259rbaycan d\u00f6vl\u0259t\u00e7iliyinin g\u0259l\u0259c\u0259k inki\u015faf strategiyas\u0131n\u0131 elan etdi v\u0259 sonrak\u0131 ill\u0259rd\u0259 onu h\u0259yata ke\u00e7irdi. \u018fg\u0259r m\u00fcst\u0259qilliyi qazanmaq ilkin \u015f\u0259rt idis\u0259, ikinci vacib m\u0259s\u0259l\u0259 onu qoruyub inki\u015faf etdirm\u0259k idi v\u0259 bu, \u00dcmummilli Liderin irad\u0259si say\u0259sind\u0259 reall\u0131\u011fa \u00e7evrildi. Heyd\u0259r \u018fliyev milli d\u00f6vl\u0259t\u00e7iliyimizin konsepsiyas\u0131n\u0131 yaratd\u0131. B\u00fct\u00fcn mane\u0259l\u0259r\u0259 baxmayaraq \u0259n q\u0131sa m\u00fcdd\u0259td\u0259 \u00f6lk\u0259d\u0259 ictimai-siyasi sabitlik b\u0259rpa olundu. AXC-M\u00fcsavat hakimiyy\u0259ti is\u0259 t\u0259bii ki, Heyd\u0259r \u018fliyevin u\u011furlar\u0131n\u0131 q\u0131sqancl\u0131qla qar\u015f\u0131lay\u0131b ona mane olma\u011fa \u00e7al\u0131\u015fd\u0131. V\u0259ziyy\u0259td\u0259n s\u0259birl\u0259 \u00e7\u0131xan Prezident Heyd\u0259r \u018fliyev televiziya vasit\u0259sil\u0259 xalqa m\u00fcraci\u0259t etdi. \u0130yunun 20-d\u0259 Az\u0259rbaycan h\u0259qiq\u0259tl\u0259rinin d\u00fcnya ictimaiyy\u0259tin\u0259 \u00e7atd\u0131r\u0131lmas\u0131 m\u0259qs\u0259dil\u0259 yerli v\u0259 xarici jurnalistl\u0259r \u00fc\u00e7\u00fcn brifinq ke\u00e7irdi. \u0130yunun 21-d\u0259 is\u0259 bir s\u0131ra \u00f6lk\u0259l\u0259rin diplomatlar\u0131 il\u0259 g\u00f6r\u00fc\u015fd\u00fc. Bu sah\u0259d\u0259 y\u00fcr\u00fcd\u00fcl\u0259n siyas\u0259t respublikan\u0131 informasiya blokadas\u0131ndan \u00e7\u0131xard\u0131. D\u00fcnyada \u00f6lk\u0259mizl\u0259 ba\u011fl\u0131 formala\u015fan fikir m\u00fcsb\u0259t y\u00f6n\u00fcmd\u0259 d\u0259yi\u015fdi. M\u0259hz bel\u0259 bir m\u00fcr\u0259kk\u0259b siyasi \u015f\u0259raitd\u0259 Heyd\u0259r \u018fliyevin b\u00f6y\u00fck potensial\u0131 Az\u0259rbaycan\u0131n m\u00fcst\u0259qilliyinin qarant\u0131na \u00e7evrildi. \u00dcmummilli Liderin \u015f\u0259xsiyy\u0259ti, onun \u00f6z\u00fcn\u0259m\u0259xsus siyasi idar\u0259etm\u0259 qabiliyy\u0259ti, xarizmas\u0131, q\u0259tiyy\u0259ti, uzaqg\u00f6r\u0259nliyi b\u00f6hrana son qoydu, xalq\u0131m\u0131z Az\u0259rbaycan v\u0259 az\u0259rbaycan\u00e7\u0131l\u0131q ideyalar\u0131 \u0259traf\u0131nda birl\u0259\u015fdi.<\/p>\n\n\n\n<p>\u00dcmummilli Lider Heyd\u0259r \u018fliyevin u\u011furlu daxili v\u0259 xarici siyas\u0259tinin, u\u011furlu sosial-iqtisadi inki\u015faf strategiyas\u0131n\u0131n Prezident \u0130lham \u018fliyevin r\u0259hb\u0259rliyi il\u0259 y\u00fcks\u0259k s\u0259viyy\u0259d\u0259 davam v\u0259 inki\u015faf etdirilm\u0259si Az\u0259rbaycan\u0131n \u00f6z tarixind\u0259 g\u00f6r\u00fcnm\u0259mi\u015f t\u0259r\u0259qqi yoluna \u00e7\u0131xmas\u0131n\u0131 t\u0259min edib. &nbsp;Prezident, Silahl\u0131 Q\u00fcvv\u0259l\u0259rin M\u00fcz\u0259ff\u0259r Ali Ba\u015f Komandan\u0131 \u0130lham \u018fliyevin r\u0259hb\u0259rliyi il\u0259 Az\u0259rbaycan Ordusu 2020-ci ild\u0259 44 g\u00fcnl\u00fck V\u0259t\u0259n m\u00fcharib\u0259sind\u0259 \u015fanl\u0131 q\u0259hr\u0259manl\u0131q tarixi yazaraq m\u00f6ht\u0259\u015f\u0259m Z\u0259f\u0259r \u0259ld\u0259 etdi, 30 il\u0259 yax\u0131n Erm\u0259nistan\u0131n i\u015f\u011fal\u0131 alt\u0131nda qalm\u0131\u015f do\u011fma torpaqlar\u0131m\u0131z azad olundu. Bu g\u00fcn h\u0259min \u0259razil\u0259rimizd\u0259 smart konsepsiyalar \u0259sas\u0131nda b\u00f6y\u00fck quruculuq i\u015fl\u0259ri apar\u0131l\u0131r.<\/p>\n\n\n\n<p>Milli Qurtulu\u015f G\u00fcn\u00fcnd\u0259n ba\u015flanan \u015f\u0259r\u0259fli inki\u015faf yolu Az\u0259rbaycan\u0131 daim parlaq tarixi nailiyy\u0259t v\u0259 q\u0259l\u0259b\u0259l\u0259r\u0259 do\u011fru apar\u0131r.<\/p>\n","protected":false},"excerpt":{"rendered":"<p>Az\u0259rbaycan xalq\u0131n\u0131n milli qurtulu\u015f g\u00fcn\u00fc \u2014 Az\u0259rbaycan Respublikas\u0131nda r\u0259smi bayramlardan biri. 1997-ci ilin 15 iyun g\u00fcn\u00fcnd\u0259n bayram elan edilib. 1997-ci ild\u0259n qeyd olunan bayrama 1998-ci ild\u0259n d\u00f6vl\u0259t statusu verilib. 1993-c\u00fc il iyunun 15-i Az\u0259rbaycan tarixin\u0259 Milli Qurtulu\u015f G\u00fcn\u00fc kimi daxil olub v\u0259 d\u00f6vl\u0259t\u00e7iliyimiz yox olmaq t\u0259hl\u00fck\u0259sind\u0259n xilas edilib. Az\u0259rbaycan xalq\u0131n\u0131n \u00fcmummilli lideri Heyd\u0259r \u018fliyev \u00f6z [&hellip;]<\/p>\n","protected":false},"author":5,"featured_media":0,"comment_status":"closed","ping_status":"open","sticky":false,"template":"","format":"standard","meta":{"footnotes":""},"categories":[25],"tags":[],"class_list":["post-4330","post","type-post","status-publish","format-standard","hentry","category-tarix-cografiya-fakultsi"],"_links":{"self":[{"href":"https:\/\/tcf.gdu.edu.az\/index.php?rest_route=\/wp\/v2\/posts\/4330","targetHints":{"allow":["GET"]}}],"collection":[{"href":"https:\/\/tcf.gdu.edu.az\/index.php?rest_route=\/wp\/v2\/posts"}],"about":[{"href":"https:\/\/tcf.gdu.edu.az\/index.php?rest_route=\/wp\/v2\/types\/post"}],"author":[{"embeddable":true,"href":"https:\/\/tcf.gdu.edu.az\/index.php?rest_route=\/wp\/v2\/users\/5"}],"replies":[{"embeddable":true,"href":"https:\/\/tcf.gdu.edu.az\/index.php?rest_route=%2Fwp%2Fv2%2Fcomments&post=4330"}],"version-history":[{"count":1,"href":"https:\/\/tcf.gdu.edu.az\/index.php?rest_route=\/wp\/v2\/posts\/4330\/revisions"}],"predecessor-version":[{"id":4332,"href":"https:\/\/tcf.gdu.edu.az\/index.php?rest_route=\/wp\/v2\/posts\/4330\/revisions\/4332"}],"wp:attachment":[{"href":"https:\/\/tcf.gdu.edu.az\/index.php?rest_route=%2Fwp%2Fv2%2Fmedia&parent=4330"}],"wp:term":[{"taxonomy":"category","embeddable":true,"href":"https:\/\/tcf.gdu.edu.az\/index.php?rest_route=%2Fwp%2Fv2%2Fcategories&post=4330"},{"taxonomy":"post_tag","embeddable":true,"href":"https:\/\/tcf.gdu.edu.az\/index.php?rest_route=%2Fwp%2Fv2%2Ftags&post=4330"}],"curies":[{"name":"wp","href":"https:\/\/api.w.org\/{rel}","templated":true}]}}