{"id":4408,"date":"2025-09-20T09:36:43","date_gmt":"2025-09-20T07:36:43","guid":{"rendered":"http:\/\/tcf.gdu.edu.az\/?p=4408"},"modified":"2025-09-20T09:36:45","modified_gmt":"2025-09-20T07:36:45","slug":"az%c9%99rbaycanda-dovl%c9%99t-suverenliyi-gunu","status":"publish","type":"post","link":"https:\/\/tcf.gdu.edu.az\/?p=4408","title":{"rendered":"Az\u0259rbaycanda D\u00f6vl\u0259t Suverenliyi G\u00fcn\u00fc"},"content":{"rendered":"\n<figure class=\"wp-block-gallery has-nested-images columns-default is-cropped wp-block-gallery-1 is-layout-flex wp-block-gallery-is-layout-flex\">\n<figure class=\"wp-block-image size-large\"><a href=\"http:\/\/tcf.gdu.edu.az\/wp-content\/uploads\/2025\/09\/images.jpg\"><img loading=\"lazy\" decoding=\"async\" width=\"284\" height=\"177\" data-id=\"4409\" src=\"http:\/\/tcf.gdu.edu.az\/wp-content\/uploads\/2025\/09\/images.jpg\" alt=\"\" class=\"wp-image-4409\"\/><\/a><\/figure>\n<\/figure>\n\n\n\n<p>Bu g\u00fcn Az\u0259rbaycanda D\u00f6vl\u0259t Suverenliyi g\u00fcn\u00fcd\u00fcr.<\/p>\n\n\n\n<p>2023-c\u00fc il sentyabr\u0131n 19-u Az\u0259rbaycan Silahl\u0131 Q\u00fcvv\u0259l\u0259rinin Qaraba\u011fda lokal xarakterli antiterror t\u0259dbirl\u0259ri h\u0259yata ke\u00e7irib.<\/p>\n\n\n\n<p>Bu t\u0259dbirl\u0259r\u0259 \u00fc\u00e7t\u0259r\u0259fli b\u0259yanat\u0131n m\u00fcdd\u0259alar\u0131n\u0131n t\u0259min olunmas\u0131, Qaraba\u011f iqtisadi rayonunda t\u00f6r\u0259dil\u0259n geni\u015fmiqyasl\u0131 t\u0259xribatlar\u0131n qar\u015f\u0131s\u0131n\u0131n al\u0131nmas\u0131, Erm\u0259nistan silahl\u0131 q\u00fcvv\u0259l\u0259rinin birl\u0259\u015fm\u0259l\u0259rinin t\u0259rksilah edil\u0259r\u0259k Az\u0259rbaycan \u0259razil\u0259rind\u0259n \u00e7\u0131xar\u0131lmas\u0131, onlar\u0131n h\u0259rbi infrastrukturunun z\u0259r\u0259rsizl\u0259\u015fdirilm\u0259si, i\u015f\u011faldan azad edilmi\u015f \u0259razil\u0259r\u0259 qay\u0131dan dinc \u0259hali, habel\u0259 b\u0259rpa-quruculuq i\u015fl\u0259rin\u0259 c\u0259lb olunmu\u015f m\u00fclki i\u015f\u00e7il\u0259r v\u0259 h\u0259rbi qulluq\u00e7ular\u0131n t\u0259hl\u00fck\u0259sizliyinin t\u0259min olunmas\u0131 v\u0259 \u00f6lk\u0259nin Konstitusiya qurulu\u015funun b\u0259rpa edilm\u0259si m\u0259qs\u0259dil\u0259 ba\u015flan\u0131lm\u0131\u015fd\u0131.<\/p>\n\n\n\n<p>C\u0259mi 23 saat 43 d\u0259qiq\u0259 davam ed\u0259n t\u0259dbirl\u0259r \u00e7\u0259r\u00e7iv\u0259sind\u0259 Erm\u0259nistan silahl\u0131 q\u00fcvv\u0259l\u0259rinin birl\u0259\u015fm\u0259l\u0259rinin \u00f6n x\u0259tt v\u0259 d\u0259rinlikd\u0259 olan m\u00f6vqel\u0259ri v\u0259 uzunm\u00fcdd\u0259tli at\u0259\u015f n\u00f6qt\u0259l\u0259ri, el\u0259c\u0259 d\u0259 d\u00f6y\u00fc\u015f vasit\u0259l\u0259ri v\u0259 h\u0259rbi t\u0259yinatl\u0131 obyektl\u0259ri y\u00fcks\u0259k d\u0259qiqlikli silahlar\u0131n t\u0259tbiqi il\u0259 s\u0131radan \u00e7\u0131xar\u0131ld\u0131. Bununla da erm\u0259ni separat\u00e7\u0131lar a\u011f bayraq qald\u0131rma\u011fa m\u0259cbur oldular.<\/p>\n\n\n\n<p>2023-c\u00fc il sentyabr\u0131n 20-d\u0259 Az\u0259rbaycan Prezidenti \u0130lham \u018fliyev xalqa m\u00fcraci\u0259t etdi. D\u00f6vl\u0259t ba\u015f\u00e7\u0131s\u0131 lokal xarakterli antiter\u00adror t\u0259dbirl\u0259rinin u\u011furla ba\u015fa \u00e7atmas\u0131 n\u0259tic\u0259sind\u0259 Az\u0259rbaycan\u0131n suverenliyinin b\u0259rpa olundu\u011funu xalqa b\u0259yan etdi. Ali Ba\u015f Komandan \u0130lham \u018fliyev qeyd etdi ki, bir daha Az\u0259rbaycan \u0259sg\u0259ri, zabiti h\u0259m y\u00fcks\u0259k pe\u015f\u0259karl\u0131q, h\u0259m d\u0259 y\u00fcks\u0259k m\u0259n\u0259vi keyfiyy\u0259tl\u0259r g\u00f6st\u0259rdi.<\/p>\n\n\n\n<p>Bununla da 24 saatdan az m\u00fcdd\u0259td\u0259 h\u0259yata ke\u00e7iril\u0259n antiterror t\u0259dbirl\u0259ri n\u0259tic\u0259sind\u0259 Az\u0259rbaycan \u0259razisind\u0259 qanunsuz yerl\u0259\u015f\u0259n Erm\u0259nistan ordusu tam \u015f\u0259kild\u0259 t\u0259rksilah edil\u0259r\u0259k \u00f6lk\u0259ni t\u0259rk etdi. Qaraba\u011fda qeyri-qanuni xunta rejimi l\u0259\u011fv edildi, Az\u0259rbaycan h\u00fcquq-m\u00fchafiz\u0259 orqanlar\u0131n\u0131n h\u0259yata ke\u00e7irdiyi t\u0259dbirl\u0259r n\u0259tic\u0259sind\u0259 separat\u00e7\u0131lar\u0131n \u0259sas r\u0259hb\u0259rl\u0259ri h\u0259bs olundu. Bel\u0259likl\u0259, Az\u0259rbaycan\u0131n b\u00fct\u00fcn \u0259razil\u0259rind\u0259 d\u00f6vl\u0259t suverenliyi v\u0259 Konstitusiya qurulu\u015fu b\u0259rpa edildi.<\/p>\n\n\n\n<p>2024-c\u00fc il sentyabr\u0131n 19-da Prezident \u0130lham \u018fliyev Az\u0259rbaycan Respublikas\u0131nda D\u00f6vl\u0259t Suverenliyi G\u00fcn\u00fcn\u00fcn t\u0259sis edilm\u0259si haqq\u0131nda S\u0259r\u0259ncam imzalay\u0131b. S\u0259n\u0259d\u0259 \u0259sas\u0259n D\u00f6vl\u0259t Suverenliyi G\u00fcn\u00fc sentyabr\u0131n 20-d\u0259 qeyd edilir.<\/p>\n","protected":false},"excerpt":{"rendered":"<p>Bu g\u00fcn Az\u0259rbaycanda D\u00f6vl\u0259t Suverenliyi g\u00fcn\u00fcd\u00fcr. 2023-c\u00fc il sentyabr\u0131n 19-u Az\u0259rbaycan Silahl\u0131 Q\u00fcvv\u0259l\u0259rinin Qaraba\u011fda lokal xarakterli antiterror t\u0259dbirl\u0259ri h\u0259yata ke\u00e7irib. Bu t\u0259dbirl\u0259r\u0259 \u00fc\u00e7t\u0259r\u0259fli b\u0259yanat\u0131n m\u00fcdd\u0259alar\u0131n\u0131n t\u0259min olunmas\u0131, Qaraba\u011f iqtisadi rayonunda t\u00f6r\u0259dil\u0259n geni\u015fmiqyasl\u0131 t\u0259xribatlar\u0131n qar\u015f\u0131s\u0131n\u0131n al\u0131nmas\u0131, Erm\u0259nistan silahl\u0131 q\u00fcvv\u0259l\u0259rinin birl\u0259\u015fm\u0259l\u0259rinin t\u0259rksilah edil\u0259r\u0259k Az\u0259rbaycan \u0259razil\u0259rind\u0259n \u00e7\u0131xar\u0131lmas\u0131, onlar\u0131n h\u0259rbi infrastrukturunun z\u0259r\u0259rsizl\u0259\u015fdirilm\u0259si, i\u015f\u011faldan azad edilmi\u015f \u0259razil\u0259r\u0259 qay\u0131dan dinc \u0259hali, [&hellip;]<\/p>\n","protected":false},"author":5,"featured_media":0,"comment_status":"closed","ping_status":"open","sticky":false,"template":"","format":"standard","meta":{"footnotes":""},"categories":[25],"tags":[],"class_list":["post-4408","post","type-post","status-publish","format-standard","hentry","category-tarix-cografiya-fakultsi"],"_links":{"self":[{"href":"https:\/\/tcf.gdu.edu.az\/index.php?rest_route=\/wp\/v2\/posts\/4408","targetHints":{"allow":["GET"]}}],"collection":[{"href":"https:\/\/tcf.gdu.edu.az\/index.php?rest_route=\/wp\/v2\/posts"}],"about":[{"href":"https:\/\/tcf.gdu.edu.az\/index.php?rest_route=\/wp\/v2\/types\/post"}],"author":[{"embeddable":true,"href":"https:\/\/tcf.gdu.edu.az\/index.php?rest_route=\/wp\/v2\/users\/5"}],"replies":[{"embeddable":true,"href":"https:\/\/tcf.gdu.edu.az\/index.php?rest_route=%2Fwp%2Fv2%2Fcomments&post=4408"}],"version-history":[{"count":1,"href":"https:\/\/tcf.gdu.edu.az\/index.php?rest_route=\/wp\/v2\/posts\/4408\/revisions"}],"predecessor-version":[{"id":4410,"href":"https:\/\/tcf.gdu.edu.az\/index.php?rest_route=\/wp\/v2\/posts\/4408\/revisions\/4410"}],"wp:attachment":[{"href":"https:\/\/tcf.gdu.edu.az\/index.php?rest_route=%2Fwp%2Fv2%2Fmedia&parent=4408"}],"wp:term":[{"taxonomy":"category","embeddable":true,"href":"https:\/\/tcf.gdu.edu.az\/index.php?rest_route=%2Fwp%2Fv2%2Fcategories&post=4408"},{"taxonomy":"post_tag","embeddable":true,"href":"https:\/\/tcf.gdu.edu.az\/index.php?rest_route=%2Fwp%2Fv2%2Ftags&post=4408"}],"curies":[{"name":"wp","href":"https:\/\/api.w.org\/{rel}","templated":true}]}}