{"id":4420,"date":"2025-09-27T09:15:30","date_gmt":"2025-09-27T07:15:30","guid":{"rendered":"http:\/\/tcf.gdu.edu.az\/?p=4420"},"modified":"2025-09-27T09:15:56","modified_gmt":"2025-09-27T07:15:56","slug":"27-sentyabr-anim-gunudur","status":"publish","type":"post","link":"https:\/\/tcf.gdu.edu.az\/?p=4420","title":{"rendered":"27 sentyabr &#8211; An\u0131m G\u00fcn\u00fcd\u00fcr"},"content":{"rendered":"\n<figure class=\"wp-block-gallery has-nested-images columns-default is-cropped wp-block-gallery-1 is-layout-flex wp-block-gallery-is-layout-flex\">\n<figure class=\"wp-block-image size-large\"><a href=\"http:\/\/tcf.gdu.edu.az\/wp-content\/uploads\/2025\/09\/images-1.jpg\"><img loading=\"lazy\" decoding=\"async\" width=\"275\" height=\"183\" data-id=\"4421\" src=\"http:\/\/tcf.gdu.edu.az\/wp-content\/uploads\/2025\/09\/images-1.jpg\" alt=\"\" class=\"wp-image-4421\" srcset=\"https:\/\/tcf.gdu.edu.az\/wp-content\/uploads\/2025\/09\/images-1.jpg 275w, https:\/\/tcf.gdu.edu.az\/wp-content\/uploads\/2025\/09\/images-1-240x160.jpg 240w\" sizes=\"auto, (max-width: 275px) 100vw, 275px\" \/><\/a><\/figure>\n<\/figure>\n\n\n\n<p>        Erm\u0259nistan\u0131n Respublikas\u0131n\u0131n \u00f6lk\u0259miz\u0259 qar\u015f\u0131 2020-ci il sentyabr\u0131n 27-d\u0259n ba\u015flayan n\u00f6vb\u0259ti h\u0259rbi t\u0259cav\u00fcz\u00fcn\u0259 cavab olaraq, Az\u0259rbaycan Respublikas\u0131 Silahl\u0131 Q\u00fcvv\u0259l\u0259ri Ali Ba\u015f Komandan\u0131n r\u0259hb\u0259rliyi alt\u0131nda i\u015f\u011fal alt\u0131ndak\u0131 torpaqlar\u0131m\u0131z\u0131n azad edilm\u0259si m\u0259qs\u0259dil\u0259 V\u0259t\u0259n m\u00fcharib\u0259sin\u0259 ba\u015flam\u0131\u015fd\u0131r.<\/p>\n\n\n\n<p>       Az\u0259rbaycan Respublikas\u0131n\u0131n suverenliyi v\u0259 \u0259razi b\u00fct\u00f6vl\u00fcy\u00fc u\u011frunda ged\u0259n m\u00fcbariz\u0259d\u0259 r\u0259\u015fad\u0259t g\u00f6st\u0259r\u0259n \u0259sg\u0259r v\u0259 zabitl\u0259rimiz, arxa c\u0259bh\u0259d\u0259 \u00e7al\u0131\u015fan m\u00fclki insanlar\u0131m\u0131z, b\u00fct\u00f6vl\u00fckd\u0259 xalq\u0131m\u0131z \u0259zm v\u0259 irad\u0259, bir yumruq kimi birlik v\u0259 h\u0259mr\u0259ylik n\u00fcmayi\u015f etdir\u0259r\u0259k, d\u00fc\u015fm\u0259n\u0259 sars\u0131d\u0131c\u0131 z\u0259rb\u0259l\u0259r endirmi\u015fdir.<\/p>\n\n\n\n<p>    M\u00fcz\u0259ff\u0259r Az\u0259rbaycan Ordusunun z\u0259f\u0259r y\u00fcr\u00fc\u015f\u00fcn\u0259 d\u00f6z\u0259 bilm\u0259y\u0259n d\u00fc\u015fm\u0259n t\u0259xribatlara \u0259l ataraq, g\u00fcnahs\u0131z m\u00fclki insanlar\u0131 h\u0259d\u0259f\u0259 almaqla m\u00fcharib\u0259 cinay\u0259tl\u0259ri t\u00f6r\u0259tmi\u015fdir.<\/p>\n\n\n\n<p>      V\u0259t\u0259n m\u00fcharib\u0259sind\u0259 minl\u0259rl\u0259 \u015f\u0259hid vermi\u015fik, h\u0259mv\u0259t\u0259nl\u0259rimiz aras\u0131nda itkin d\u00fc\u015f\u0259nl\u0259r, yaralanaraq sa\u011flaml\u0131\u011f\u0131n\u0131 itir\u0259nl\u0259r var. Torpaqlar\u0131m\u0131z i\u015f\u011faldan q\u0259hr\u0259man \u015f\u0259hidl\u0259rimizin, \u0259sg\u0259r v\u0259 zabitl\u0259rimizin, qazil\u0259rimizin qan\u0131-can\u0131 bahas\u0131na azad edilib.\u00a0M\u00fcz\u0259ff\u0259r Ordumuzun bu g\u00fcn yazd\u0131\u011f\u0131 tarix sabah\u0131m\u0131z \u00fc\u00e7\u00fcn m\u00f6hk\u0259m b\u00fcn\u00f6vr\u0259dir.<\/p>\n\n\n\n<p>       Az\u0259rbaycan h\u0259r zaman m\u00fcbariz o\u011ful v\u0259 q\u0131zlar\u0131n\u0131n \u015f\u00fcca\u0259tini y\u00fcks\u0259k qiym\u0259tl\u0259ndirir, b\u00fct\u00fcn \u015f\u0259hidl\u0259rimizin ruhuna ehtiram g\u00f6st\u0259rir, xatir\u0259sini uca tutur. V\u0259t\u0259n m\u00fcharib\u0259sind\u0259 q\u0259hr\u0259mancas\u0131na d\u00f6y\u00fc\u015fm\u00fc\u015f, Az\u0259rbaycan Bayra\u011f\u0131n\u0131 i\u015f\u011faldan azad edil\u0259n torpaqlar\u0131m\u0131zda dal\u011faland\u0131rm\u0131\u015f, \u00f6lk\u0259mizin \u0259razi b\u00fct\u00f6vl\u00fcy\u00fc yolunda canlar\u0131n\u0131 f\u0259da etmi\u015f \u0259sg\u0259r v\u0259 zabitl\u0259rimiz\u0259, b\u00fct\u00fcn \u015f\u0259hidl\u0259rimiz\u0259 d\u0259rin ehtiram \u0259lam\u0259ti olaraq, Az\u0259rbaycan Respublikas\u0131n\u0131n Prezidenti \u0130lham \u018fliyevin 2020-ci il 2 dekabr tarixli S\u0259rancam\u0131 il\u0259 h\u0259r il sentyabr\u0131n 27-si Az\u0259rbaycan Respublikas\u0131nda\u00a0<strong>An\u0131m G\u00fcn\u00fc<\/strong>\u00a0kimi qeyd edilm\u0259si q\u0259rara al\u0131nm\u0131\u015fd\u0131r.<\/p>\n","protected":false},"excerpt":{"rendered":"<p>Erm\u0259nistan\u0131n Respublikas\u0131n\u0131n \u00f6lk\u0259miz\u0259 qar\u015f\u0131 2020-ci il sentyabr\u0131n 27-d\u0259n ba\u015flayan n\u00f6vb\u0259ti h\u0259rbi t\u0259cav\u00fcz\u00fcn\u0259 cavab olaraq, Az\u0259rbaycan Respublikas\u0131 Silahl\u0131 Q\u00fcvv\u0259l\u0259ri Ali Ba\u015f Komandan\u0131n r\u0259hb\u0259rliyi alt\u0131nda i\u015f\u011fal alt\u0131ndak\u0131 torpaqlar\u0131m\u0131z\u0131n azad edilm\u0259si m\u0259qs\u0259dil\u0259 V\u0259t\u0259n m\u00fcharib\u0259sin\u0259 ba\u015flam\u0131\u015fd\u0131r. Az\u0259rbaycan Respublikas\u0131n\u0131n suverenliyi v\u0259 \u0259razi b\u00fct\u00f6vl\u00fcy\u00fc u\u011frunda ged\u0259n m\u00fcbariz\u0259d\u0259 r\u0259\u015fad\u0259t g\u00f6st\u0259r\u0259n \u0259sg\u0259r v\u0259 zabitl\u0259rimiz, arxa c\u0259bh\u0259d\u0259 \u00e7al\u0131\u015fan m\u00fclki insanlar\u0131m\u0131z, b\u00fct\u00f6vl\u00fckd\u0259 xalq\u0131m\u0131z \u0259zm v\u0259 [&hellip;]<\/p>\n","protected":false},"author":5,"featured_media":0,"comment_status":"closed","ping_status":"open","sticky":false,"template":"","format":"standard","meta":{"footnotes":""},"categories":[25],"tags":[],"class_list":["post-4420","post","type-post","status-publish","format-standard","hentry","category-tarix-cografiya-fakultsi"],"_links":{"self":[{"href":"https:\/\/tcf.gdu.edu.az\/index.php?rest_route=\/wp\/v2\/posts\/4420","targetHints":{"allow":["GET"]}}],"collection":[{"href":"https:\/\/tcf.gdu.edu.az\/index.php?rest_route=\/wp\/v2\/posts"}],"about":[{"href":"https:\/\/tcf.gdu.edu.az\/index.php?rest_route=\/wp\/v2\/types\/post"}],"author":[{"embeddable":true,"href":"https:\/\/tcf.gdu.edu.az\/index.php?rest_route=\/wp\/v2\/users\/5"}],"replies":[{"embeddable":true,"href":"https:\/\/tcf.gdu.edu.az\/index.php?rest_route=%2Fwp%2Fv2%2Fcomments&post=4420"}],"version-history":[{"count":2,"href":"https:\/\/tcf.gdu.edu.az\/index.php?rest_route=\/wp\/v2\/posts\/4420\/revisions"}],"predecessor-version":[{"id":4423,"href":"https:\/\/tcf.gdu.edu.az\/index.php?rest_route=\/wp\/v2\/posts\/4420\/revisions\/4423"}],"wp:attachment":[{"href":"https:\/\/tcf.gdu.edu.az\/index.php?rest_route=%2Fwp%2Fv2%2Fmedia&parent=4420"}],"wp:term":[{"taxonomy":"category","embeddable":true,"href":"https:\/\/tcf.gdu.edu.az\/index.php?rest_route=%2Fwp%2Fv2%2Fcategories&post=4420"},{"taxonomy":"post_tag","embeddable":true,"href":"https:\/\/tcf.gdu.edu.az\/index.php?rest_route=%2Fwp%2Fv2%2Ftags&post=4420"}],"curies":[{"name":"wp","href":"https:\/\/api.w.org\/{rel}","templated":true}]}}