{"id":4484,"date":"2025-10-04T19:32:15","date_gmt":"2025-10-04T17:32:15","guid":{"rendered":"http:\/\/tcf.gdu.edu.az\/?p=4484"},"modified":"2025-10-04T19:32:16","modified_gmt":"2025-10-04T17:32:16","slug":"5-oktyabr-beyn%c9%99lxalq-mu%c9%99lliml%c9%99r-gunu","status":"publish","type":"post","link":"https:\/\/tcf.gdu.edu.az\/?p=4484","title":{"rendered":"5 oktyabr &#8211; Beyn\u0259lxalq M\u00fc\u0259lliml\u0259r G\u00fcn\u00fc"},"content":{"rendered":"\n<figure class=\"wp-block-gallery has-nested-images columns-default is-cropped wp-block-gallery-1 is-layout-flex wp-block-gallery-is-layout-flex\">\n<figure class=\"wp-block-image size-large\"><a href=\"http:\/\/tcf.gdu.edu.az\/wp-content\/uploads\/2025\/10\/images.jpg\"><img loading=\"lazy\" decoding=\"async\" width=\"225\" height=\"225\" data-id=\"4485\" src=\"http:\/\/tcf.gdu.edu.az\/wp-content\/uploads\/2025\/10\/images.jpg\" alt=\"\" class=\"wp-image-4485\" srcset=\"https:\/\/tcf.gdu.edu.az\/wp-content\/uploads\/2025\/10\/images.jpg 225w, https:\/\/tcf.gdu.edu.az\/wp-content\/uploads\/2025\/10\/images-150x150.jpg 150w\" sizes=\"auto, (max-width: 225px) 100vw, 225px\" \/><\/a><\/figure>\n<\/figure>\n\n\n\n<p>5 oktyabr \u2013 Beyn\u0259lxalq M\u00fc\u0259lliml\u0259r G\u00fcn\u00fc m\u00fcnasib\u0259til\u0259 h\u0259r birinizi \u00fcr\u0259kd\u0259n t\u0259brik edir, siz\u0259 uzun \u00f6m\u00fcr, m\u00f6hk\u0259m cansa\u011fl\u0131\u011f\u0131, k\u00f6n\u00fcl xo\u015flu\u011fu arzu edir\u0259m.<\/p>\n\n\n\n<p>M\u00fc\u0259llim t\u0259kc\u0259 \u00f6yr\u0259tm\u0259kl\u0259 yox, h\u0259m d\u0259 \u00f6yr\u0259nm\u0259kl\u0259 m\u0259\u015f\u011fuldur. Q\u0259dim lat\u0131n ibar\u0259sind\u0259 bel\u0259 deyilir: \u201cDocendo discimus\u201d. Y\u0259ni, \u201c\u00d6yr\u0259d\u0259r\u0259k \u00f6yr\u0259nir\u0259m\u201d.<\/p>\n\n\n\n<p>Bu ibar\u0259d\u0259n \u00e7\u0131x\u0131\u015f ets\u0259k, dey\u0259 bil\u0259rik ki, bu g\u00fcn yaln\u0131z m\u00fc\u0259lliml\u0259rin pe\u015f\u0259 bayram\u0131 deyil, eyni zamanda h\u0259r bir t\u0259l\u0259b\u0259nin d\u0259 pe\u015f\u0259 bayram\u0131 say\u0131la bil\u0259r. &nbsp;<\/p>\n\n\n\n<p>M\u00fc\u0259llimlik d\u00fcnyada \u0259n \u00e7\u0259tin, eyni zamanda \u0259n \u015f\u0259r\u0259fli v\u0259 \u0259n g\u00f6z\u0259l pe\u015f\u0259dir.&nbsp;M\u00fc\u0259lliml\u0259r yeni c\u0259miyy\u0259t quruculu\u011funun memarlar\u0131d\u0131r. H\u0259r birimizin layiqli v\u0259t\u0259nda\u015f kimi yeti\u015fm\u0259yind\u0259 m\u00fc\u0259lliml\u0259rimizin \u0259v\u0259zsiz xidm\u0259tl\u0259ri olub.&nbsp;<\/p>\n\n\n\n<p>\u00dcmummilli liderimiz Heyd\u0259r \u018fliyev h\u0259mi\u015f\u0259 m\u00fc\u0259llim \u0259m\u0259yini y\u00fcks\u0259k qiym\u0259tl\u0259ndirib. O, \u00f6z m\u00fc\u0259lliml\u0259rini minn\u0259tdarl\u0131qla xat\u0131rlayar, onlar\u0131n xidm\u0259tl\u0259ri haqq\u0131nda \u00fcr\u0259kdolusu dan\u0131\u015fard\u0131.<\/p>\n\n\n\n<p>Ulu \u00f6nd\u0259r deyirdi: \u201cM\u0259n d\u00fcnyada m\u00fc\u0259llimd\u0259n y\u00fcks\u0259k ad tan\u0131m\u0131ram. Biz ham\u0131m\u0131z h\u0259yat\u0131m\u0131zda \u0259ld\u0259 etdiyimiz nailiyy\u0259tl\u0259r\u0259, b\u00fct\u00fcn varl\u0131\u011f\u0131m\u0131za g\u00f6r\u0259 m\u00fc\u0259llim\u0259 borcluyuq\u201d.<\/p>\n\n\n\n<p>Az\u0259rbaycanda son ill\u0259rd\u0259 elmin v\u0259 t\u0259hsilin inki\u015faf\u0131 il\u0259 ba\u011fl\u0131 h\u0259yata ke\u00e7iril\u0259n kompleks t\u0259dbirl\u0259r, Prezident \u0130lham \u018fliyevin bu sah\u0259ni d\u00f6vl\u0259t siyas\u0259tinin m\u00fch\u00fcm prinsipl\u0259ri s\u0131ras\u0131na daxil etm\u0259si, t\u0259hsil i\u015f\u00e7il\u0259rin\u0259 b\u00f6y\u00fck qay\u011f\u0131 d\u00f6vl\u0259tin g\u0259l\u0259c\u0259yini daha etibarl\u0131 v\u0259 inaml\u0131 g\u00f6rm\u0259k \u0259zmind\u0259n x\u0259b\u0259r verir. &nbsp;M\u00fcz\u0259ff\u0259r Ali Ba\u015f Komandan\u0131m\u0131z qeyd edir ki, dilimizin, \u0259d\u0259biyyat\u0131m\u0131z\u0131n, m\u0259d\u0259niyy\u0259timizin v\u0259 m\u0259n\u0259viyyat\u0131m\u0131z\u0131n k\u00f6k\u00fcnd\u0259 dayanan m\u00fc\u0259llim daim c\u0259miyy\u0259timizd\u0259 h\u00f6rm\u0259t v\u0259 ehtiramla \u0259hat\u0259 olunub.<\/p>\n\n\n\n<p>\u018fziz m\u00fc\u0259lliml\u0259r, sizi bir daha t\u0259brik edir\u0259m. Bayram\u0131n\u0131z m\u00fcbar\u0259k! &nbsp;<\/p>\n\n\n\n<p><\/p>\n","protected":false},"excerpt":{"rendered":"<p>5 oktyabr \u2013 Beyn\u0259lxalq M\u00fc\u0259lliml\u0259r G\u00fcn\u00fc m\u00fcnasib\u0259til\u0259 h\u0259r birinizi \u00fcr\u0259kd\u0259n t\u0259brik edir, siz\u0259 uzun \u00f6m\u00fcr, m\u00f6hk\u0259m cansa\u011fl\u0131\u011f\u0131, k\u00f6n\u00fcl xo\u015flu\u011fu arzu edir\u0259m. M\u00fc\u0259llim t\u0259kc\u0259 \u00f6yr\u0259tm\u0259kl\u0259 yox, h\u0259m d\u0259 \u00f6yr\u0259nm\u0259kl\u0259 m\u0259\u015f\u011fuldur. Q\u0259dim lat\u0131n ibar\u0259sind\u0259 bel\u0259 deyilir: \u201cDocendo discimus\u201d. Y\u0259ni, \u201c\u00d6yr\u0259d\u0259r\u0259k \u00f6yr\u0259nir\u0259m\u201d. Bu ibar\u0259d\u0259n \u00e7\u0131x\u0131\u015f ets\u0259k, dey\u0259 bil\u0259rik ki, bu g\u00fcn yaln\u0131z m\u00fc\u0259lliml\u0259rin pe\u015f\u0259 bayram\u0131 deyil, eyni zamanda [&hellip;]<\/p>\n","protected":false},"author":5,"featured_media":0,"comment_status":"closed","ping_status":"open","sticky":false,"template":"","format":"standard","meta":{"footnotes":""},"categories":[25],"tags":[],"class_list":["post-4484","post","type-post","status-publish","format-standard","hentry","category-tarix-cografiya-fakultsi"],"_links":{"self":[{"href":"https:\/\/tcf.gdu.edu.az\/index.php?rest_route=\/wp\/v2\/posts\/4484","targetHints":{"allow":["GET"]}}],"collection":[{"href":"https:\/\/tcf.gdu.edu.az\/index.php?rest_route=\/wp\/v2\/posts"}],"about":[{"href":"https:\/\/tcf.gdu.edu.az\/index.php?rest_route=\/wp\/v2\/types\/post"}],"author":[{"embeddable":true,"href":"https:\/\/tcf.gdu.edu.az\/index.php?rest_route=\/wp\/v2\/users\/5"}],"replies":[{"embeddable":true,"href":"https:\/\/tcf.gdu.edu.az\/index.php?rest_route=%2Fwp%2Fv2%2Fcomments&post=4484"}],"version-history":[{"count":1,"href":"https:\/\/tcf.gdu.edu.az\/index.php?rest_route=\/wp\/v2\/posts\/4484\/revisions"}],"predecessor-version":[{"id":4486,"href":"https:\/\/tcf.gdu.edu.az\/index.php?rest_route=\/wp\/v2\/posts\/4484\/revisions\/4486"}],"wp:attachment":[{"href":"https:\/\/tcf.gdu.edu.az\/index.php?rest_route=%2Fwp%2Fv2%2Fmedia&parent=4484"}],"wp:term":[{"taxonomy":"category","embeddable":true,"href":"https:\/\/tcf.gdu.edu.az\/index.php?rest_route=%2Fwp%2Fv2%2Fcategories&post=4484"},{"taxonomy":"post_tag","embeddable":true,"href":"https:\/\/tcf.gdu.edu.az\/index.php?rest_route=%2Fwp%2Fv2%2Ftags&post=4484"}],"curies":[{"name":"wp","href":"https:\/\/api.w.org\/{rel}","templated":true}]}}