{"id":4488,"date":"2025-10-09T19:17:25","date_gmt":"2025-10-09T17:17:25","guid":{"rendered":"http:\/\/tcf.gdu.edu.az\/?p=4488"},"modified":"2025-10-09T19:17:35","modified_gmt":"2025-10-09T17:17:35","slug":"umumi-tarix-kafedrasinin-dosenti-said%c9%99-ismayilzad%c9%99-beyn%c9%99lxalq-konfransda-istirak-etmisdir","status":"publish","type":"post","link":"https:\/\/tcf.gdu.edu.az\/?p=4488","title":{"rendered":"\u00dcmumi tarix kafedras\u0131n\u0131n dosenti Said\u0259 \u0130smay\u0131lzad\u0259 Beyn\u0259lxalq konfransda i\u015ftirak etmi\u015fdir"},"content":{"rendered":"\n<figure class=\"wp-block-gallery has-nested-images columns-default is-cropped wp-block-gallery-1 is-layout-flex wp-block-gallery-is-layout-flex\"><\/figure>\n\n\n\n<figure class=\"wp-block-gallery has-nested-images columns-default is-cropped wp-block-gallery-2 is-layout-flex wp-block-gallery-is-layout-flex\">\n<figure class=\"wp-block-image size-large\"><a href=\"http:\/\/tcf.gdu.edu.az\/wp-content\/uploads\/2025\/10\/IMG-20251009-WA0071-scaled.jpg\"><img loading=\"lazy\" decoding=\"async\" width=\"1024\" height=\"768\" data-id=\"4492\" src=\"http:\/\/tcf.gdu.edu.az\/wp-content\/uploads\/2025\/10\/IMG-20251009-WA0071-1024x768.jpg\" alt=\"\" class=\"wp-image-4492\" srcset=\"https:\/\/tcf.gdu.edu.az\/wp-content\/uploads\/2025\/10\/IMG-20251009-WA0071-1024x768.jpg 1024w, https:\/\/tcf.gdu.edu.az\/wp-content\/uploads\/2025\/10\/IMG-20251009-WA0071-300x225.jpg 300w, https:\/\/tcf.gdu.edu.az\/wp-content\/uploads\/2025\/10\/IMG-20251009-WA0071-768x576.jpg 768w, https:\/\/tcf.gdu.edu.az\/wp-content\/uploads\/2025\/10\/IMG-20251009-WA0071-1536x1152.jpg 1536w, https:\/\/tcf.gdu.edu.az\/wp-content\/uploads\/2025\/10\/IMG-20251009-WA0071-2048x1536.jpg 2048w, https:\/\/tcf.gdu.edu.az\/wp-content\/uploads\/2025\/10\/IMG-20251009-WA0071-960x720.jpg 960w, https:\/\/tcf.gdu.edu.az\/wp-content\/uploads\/2025\/10\/IMG-20251009-WA0071-480x360.jpg 480w, https:\/\/tcf.gdu.edu.az\/wp-content\/uploads\/2025\/10\/IMG-20251009-WA0071-320x240.jpg 320w, https:\/\/tcf.gdu.edu.az\/wp-content\/uploads\/2025\/10\/IMG-20251009-WA0071-240x180.jpg 240w\" sizes=\"auto, (max-width: 1024px) 100vw, 1024px\" \/><\/a><\/figure>\n<\/figure>\n\n\n\n<figure class=\"wp-block-gallery has-nested-images columns-default is-cropped wp-block-gallery-3 is-layout-flex wp-block-gallery-is-layout-flex\">\n<figure class=\"wp-block-image size-large\"><a href=\"http:\/\/tcf.gdu.edu.az\/wp-content\/uploads\/2025\/10\/IMG-20251009-WA0072-scaled.jpg\"><img loading=\"lazy\" decoding=\"async\" width=\"1024\" height=\"905\" data-id=\"4489\" src=\"http:\/\/tcf.gdu.edu.az\/wp-content\/uploads\/2025\/10\/IMG-20251009-WA0072-1024x905.jpg\" alt=\"\" class=\"wp-image-4489\" srcset=\"https:\/\/tcf.gdu.edu.az\/wp-content\/uploads\/2025\/10\/IMG-20251009-WA0072-1024x905.jpg 1024w, https:\/\/tcf.gdu.edu.az\/wp-content\/uploads\/2025\/10\/IMG-20251009-WA0072-300x265.jpg 300w, https:\/\/tcf.gdu.edu.az\/wp-content\/uploads\/2025\/10\/IMG-20251009-WA0072-768x678.jpg 768w, https:\/\/tcf.gdu.edu.az\/wp-content\/uploads\/2025\/10\/IMG-20251009-WA0072-1536x1357.jpg 1536w, https:\/\/tcf.gdu.edu.az\/wp-content\/uploads\/2025\/10\/IMG-20251009-WA0072-2048x1809.jpg 2048w\" sizes=\"auto, (max-width: 1024px) 100vw, 1024px\" \/><\/a><\/figure>\n<\/figure>\n\n\n\n<figure class=\"wp-block-gallery has-nested-images columns-default is-cropped wp-block-gallery-4 is-layout-flex wp-block-gallery-is-layout-flex\">\n<figure class=\"wp-block-image size-large\"><a href=\"http:\/\/tcf.gdu.edu.az\/wp-content\/uploads\/2025\/10\/IMG-20251009-WA0070-scaled.jpg\"><img loading=\"lazy\" decoding=\"async\" width=\"1024\" height=\"768\" data-id=\"4491\" src=\"http:\/\/tcf.gdu.edu.az\/wp-content\/uploads\/2025\/10\/IMG-20251009-WA0070-1024x768.jpg\" alt=\"\" class=\"wp-image-4491\" srcset=\"https:\/\/tcf.gdu.edu.az\/wp-content\/uploads\/2025\/10\/IMG-20251009-WA0070-1024x768.jpg 1024w, https:\/\/tcf.gdu.edu.az\/wp-content\/uploads\/2025\/10\/IMG-20251009-WA0070-300x225.jpg 300w, https:\/\/tcf.gdu.edu.az\/wp-content\/uploads\/2025\/10\/IMG-20251009-WA0070-768x576.jpg 768w, https:\/\/tcf.gdu.edu.az\/wp-content\/uploads\/2025\/10\/IMG-20251009-WA0070-1536x1152.jpg 1536w, https:\/\/tcf.gdu.edu.az\/wp-content\/uploads\/2025\/10\/IMG-20251009-WA0070-2048x1536.jpg 2048w, https:\/\/tcf.gdu.edu.az\/wp-content\/uploads\/2025\/10\/IMG-20251009-WA0070-960x720.jpg 960w, https:\/\/tcf.gdu.edu.az\/wp-content\/uploads\/2025\/10\/IMG-20251009-WA0070-480x360.jpg 480w, https:\/\/tcf.gdu.edu.az\/wp-content\/uploads\/2025\/10\/IMG-20251009-WA0070-320x240.jpg 320w, https:\/\/tcf.gdu.edu.az\/wp-content\/uploads\/2025\/10\/IMG-20251009-WA0070-240x180.jpg 240w\" sizes=\"auto, (max-width: 1024px) 100vw, 1024px\" \/><\/a><\/figure>\n<\/figure>\n\n\n\n<figure class=\"wp-block-gallery has-nested-images columns-default is-cropped wp-block-gallery-5 is-layout-flex wp-block-gallery-is-layout-flex\">\n<figure class=\"wp-block-image size-large\"><a href=\"http:\/\/tcf.gdu.edu.az\/wp-content\/uploads\/2025\/10\/IMG-20251009-WA0053-scaled.jpg\"><img loading=\"lazy\" decoding=\"async\" width=\"1024\" height=\"691\" data-id=\"4490\" src=\"http:\/\/tcf.gdu.edu.az\/wp-content\/uploads\/2025\/10\/IMG-20251009-WA0053-1024x691.jpg\" alt=\"\" class=\"wp-image-4490\" srcset=\"https:\/\/tcf.gdu.edu.az\/wp-content\/uploads\/2025\/10\/IMG-20251009-WA0053-1024x691.jpg 1024w, https:\/\/tcf.gdu.edu.az\/wp-content\/uploads\/2025\/10\/IMG-20251009-WA0053-300x203.jpg 300w, https:\/\/tcf.gdu.edu.az\/wp-content\/uploads\/2025\/10\/IMG-20251009-WA0053-768x519.jpg 768w, https:\/\/tcf.gdu.edu.az\/wp-content\/uploads\/2025\/10\/IMG-20251009-WA0053-1536x1037.jpg 1536w, https:\/\/tcf.gdu.edu.az\/wp-content\/uploads\/2025\/10\/IMG-20251009-WA0053-2048x1383.jpg 2048w\" sizes=\"auto, (max-width: 1024px) 100vw, 1024px\" \/><\/a><\/figure>\n<\/figure>\n\n\n\n<p>      25-26 sentyabr 2025-ci il tarixind\u0259  Qazax\u0131stan\u0131n Almaata \u015f\u0259h\u0259rind\u0259 Tarix v\u0259 Etnologiya \u0130nstitunun 80 illiyin\u0259 h\u0259sr edilmi\u015f, V\u0259t\u0259n tarixinin elmi v\u0259 davaml\u0131l\u0131k problemleri: Akademik t\u0259dqiqatlar, yeni g\u00f6r\u00fc\u015fl\u0259r v\u0259 yana\u015fmalar adl\u0131 beyn\u0259lxalq konfrans ke\u00e7irilmi\u015fdir. Beyn\u0259lxalq konfransda   G\u0259nc\u0259 D\u00f6vl\u0259t Universiteti Publik H\u00fcquqi \u015e\u0259xsi  Tarix v\u0259 co\u011frafiya fak\u00fclt\u0259sinin \u00dcmumi tarix kafedras\u0131n\u0131n dosenti, tarix\u00a0 \u00fczr\u0259 f\u0259ls\u0259f\u0259 doktoru, Qazax\u0131stan\u0131n Milli Elml\u0259r Akademiyas\u0131n\u0131n \u00c7.\u00c7.V\u0259lixanov ad\u0131na Tarix v\u0259 Etnolgiya \u0130nstitunun Az\u0259rbaycan \u00fczr\u0259 t\u0259msil\u00e7isi, T\u00fcrk Akademiyas\u0131n\u0131n Barametr-2025:T\u00fcrk D\u00fcnyas\u0131 G\u0259nclik Ara\u015fd\u0131rmas\u0131 layih\u0259sinin Az\u0259rbaycan \u00fczr\u0259 koordinatoru \u0130smay\u0131lzad\u0259 Said\u0259 C\u0259f\u0259r q\u0131z\u0131 \u00a0i\u015ftirak etmi\u015fdir. Beyn\u0259lxalq konfransda \u0130smay\u0131lzad\u0259 Said\u0259 C\u0259f\u0259r q\u0131z\u0131 Chokan Valikhanov as a bridge between East and West in scientific thought&#8221;( \u00c7okan V\u0259lixanovun \u015e\u0259rql\u0259 Q\u0259rb aras\u0131nda elmi fikirl\u0259ri \u00a0bir k\u00f6rp\u00fc kimi\u201d) m\u00f6vzusunda \u00e7\u0131x\u0131\u015f etmi\u015f v\u0259 \u00c7.\u00c7.V\u0259lixanov ad\u0131na Tarix Etnologiya \u0130nstitunun 80 illiyin\u0259 h\u0259sr edilmi\u015f medal \u00a0onu t\u0259sdiq ed\u0259n v\u0259siq\u0259 v\u0259 sertifikat il\u0259 t\u0259ltif olunmu\u015fdur. Konfransda Qazax\u0131stan, Az\u0259rbaycan, T\u00fcrkiy\u0259, \u00d6zb\u0259kistan, Q\u0131r\u011f\u0131z\u0131stan, Rusiya, \u0130ran, Almaniya, Pol\u015fa, \u00c7in, v\u0259 Belarusiyadan tan\u0131nm\u0131\u015f akademikl\u0259r v\u0259 professorlar i\u015ftirak etmi\u015fdil\u0259r.<\/p>\n\n\n\n<p><\/p>\n\n\n\n<p>         <\/p>\n\n\n\n<p>  <\/p>\n","protected":false},"excerpt":{"rendered":"<p>25-26 sentyabr 2025-ci il tarixind\u0259 Qazax\u0131stan\u0131n Almaata \u015f\u0259h\u0259rind\u0259 Tarix v\u0259 Etnologiya \u0130nstitunun 80 illiyin\u0259 h\u0259sr edilmi\u015f, V\u0259t\u0259n tarixinin elmi v\u0259 davaml\u0131l\u0131k problemleri: Akademik t\u0259dqiqatlar, yeni g\u00f6r\u00fc\u015fl\u0259r v\u0259 yana\u015fmalar adl\u0131 beyn\u0259lxalq konfrans ke\u00e7irilmi\u015fdir. Beyn\u0259lxalq konfransda G\u0259nc\u0259 D\u00f6vl\u0259t Universiteti Publik H\u00fcquqi \u015e\u0259xsi Tarix v\u0259 co\u011frafiya fak\u00fclt\u0259sinin \u00dcmumi tarix kafedras\u0131n\u0131n dosenti, tarix\u00a0 \u00fczr\u0259 f\u0259ls\u0259f\u0259 doktoru, Qazax\u0131stan\u0131n Milli Elml\u0259r [&hellip;]<\/p>\n","protected":false},"author":5,"featured_media":0,"comment_status":"closed","ping_status":"open","sticky":false,"template":"","format":"standard","meta":{"footnotes":""},"categories":[25],"tags":[],"class_list":["post-4488","post","type-post","status-publish","format-standard","hentry","category-tarix-cografiya-fakultsi"],"_links":{"self":[{"href":"https:\/\/tcf.gdu.edu.az\/index.php?rest_route=\/wp\/v2\/posts\/4488","targetHints":{"allow":["GET"]}}],"collection":[{"href":"https:\/\/tcf.gdu.edu.az\/index.php?rest_route=\/wp\/v2\/posts"}],"about":[{"href":"https:\/\/tcf.gdu.edu.az\/index.php?rest_route=\/wp\/v2\/types\/post"}],"author":[{"embeddable":true,"href":"https:\/\/tcf.gdu.edu.az\/index.php?rest_route=\/wp\/v2\/users\/5"}],"replies":[{"embeddable":true,"href":"https:\/\/tcf.gdu.edu.az\/index.php?rest_route=%2Fwp%2Fv2%2Fcomments&post=4488"}],"version-history":[{"count":1,"href":"https:\/\/tcf.gdu.edu.az\/index.php?rest_route=\/wp\/v2\/posts\/4488\/revisions"}],"predecessor-version":[{"id":4493,"href":"https:\/\/tcf.gdu.edu.az\/index.php?rest_route=\/wp\/v2\/posts\/4488\/revisions\/4493"}],"wp:attachment":[{"href":"https:\/\/tcf.gdu.edu.az\/index.php?rest_route=%2Fwp%2Fv2%2Fmedia&parent=4488"}],"wp:term":[{"taxonomy":"category","embeddable":true,"href":"https:\/\/tcf.gdu.edu.az\/index.php?rest_route=%2Fwp%2Fv2%2Fcategories&post=4488"},{"taxonomy":"post_tag","embeddable":true,"href":"https:\/\/tcf.gdu.edu.az\/index.php?rest_route=%2Fwp%2Fv2%2Ftags&post=4488"}],"curies":[{"name":"wp","href":"https:\/\/api.w.org\/{rel}","templated":true}]}}