{"id":4745,"date":"2025-11-08T20:17:23","date_gmt":"2025-11-08T18:17:23","guid":{"rendered":"http:\/\/tcf.gdu.edu.az\/?p=4745"},"modified":"2025-11-08T20:17:59","modified_gmt":"2025-11-08T18:17:59","slug":"8-noyabr-z%c9%99f%c9%99r-gunudur-2","status":"publish","type":"post","link":"https:\/\/tcf.gdu.edu.az\/?p=4745","title":{"rendered":"8 Noyabr &#8211; Z\u0259f\u0259r G\u00fcn\u00fcd\u00fcr"},"content":{"rendered":"\n<figure class=\"wp-block-gallery has-nested-images columns-default is-cropped wp-block-gallery-1 is-layout-flex wp-block-gallery-is-layout-flex\">\n<figure class=\"wp-block-image size-large\"><a href=\"http:\/\/tcf.gdu.edu.az\/wp-content\/uploads\/2025\/11\/whatsapp-image-2024-11-07-at-10.09.24.jpg\"><img loading=\"lazy\" decoding=\"async\" width=\"736\" height=\"672\" data-id=\"4746\" src=\"http:\/\/tcf.gdu.edu.az\/wp-content\/uploads\/2025\/11\/whatsapp-image-2024-11-07-at-10.09.24.jpg\" alt=\"\" class=\"wp-image-4746\" srcset=\"https:\/\/tcf.gdu.edu.az\/wp-content\/uploads\/2025\/11\/whatsapp-image-2024-11-07-at-10.09.24.jpg 736w, https:\/\/tcf.gdu.edu.az\/wp-content\/uploads\/2025\/11\/whatsapp-image-2024-11-07-at-10.09.24-300x274.jpg 300w\" sizes=\"auto, (max-width: 736px) 100vw, 736px\" \/><\/a><\/figure>\n<\/figure>\n\n\n\n<p>&nbsp;&nbsp;&nbsp;&nbsp;&nbsp;&nbsp;&nbsp;&nbsp;&nbsp;&nbsp;&nbsp;&nbsp;&nbsp; 8 Noyabr xalq\u0131m\u0131z\u0131n \u00e7ox\u0259srlik tarixin\u0259 q\u0131z\u0131l h\u0259rfl\u0259rl\u0259 yaz\u0131lan \u015fanl\u0131 g\u00fcnd\u00fcr. Prezident, M\u00fcz\u0259ff\u0259r Ali Ba\u015f Komandan \u0130lham \u018fliyevin q\u00fcdr\u0259tli s\u0259rk\u0259rd\u0259liyi il\u0259 30 illik i\u015f\u011fala 44 g\u00fcnd\u0259 son qoyuldu, \u0259razi b\u00fct\u00f6vl\u00fcy\u00fcm\u00fcz b\u0259rpa olundu. Az\u0259rbaycan qalib \u00f6lk\u0259y\u0259, Az\u0259rbaycan xalq\u0131 qalib xalqa \u00e7evrildi. Bu m\u00f6ht\u0259\u015f\u0259m Q\u0259l\u0259b\u0259, eyni zamanda, Az\u0259rbaycan\u0131n h\u0259rbi v\u0259 iqtisadi g\u00fcc\u00fcn\u00fc d\u00fcnyaya n\u00fcmayi\u015f etdirdi. V\u0259t\u0259n m\u00fcharib\u0259si ba\u015fa \u00e7atd\u0131qdan d\u0259rhal sonra Qaraba\u011fda geni\u015fmiqyasl\u0131 b\u0259rpa-quruculuq i\u015fl\u0259rin\u0259 start verildi, bu yerl\u0259r\u0259 yenid\u0259n h\u0259yat qay\u0131tma\u011fa ba\u015flad\u0131.<\/p>\n\n\n\n<p>&nbsp;&nbsp;&nbsp;&nbsp;&nbsp;&nbsp;&nbsp;&nbsp;&nbsp;&nbsp; 2020-ci il noyabr\u0131n 8-d\u0259 xalq\u0131m\u0131z\u0131n tarixin\u0259 \u0259n parlaq v\u0259 m\u00f6ht\u0259\u015f\u0259m q\u0259l\u0259b\u0259l\u0259rd\u0259n biri yaz\u0131ld\u0131. Az\u0259rbaycan h\u0259rb\u00e7il\u0259ri da\u011flar qoynunda yerl\u0259\u015f\u0259n \u015eu\u015fa \u015f\u0259h\u0259rini erm\u0259ni i\u015f\u011fal\u00e7\u0131lar\u0131ndan azad etdi. Q\u0259hr\u0259man \u0259sg\u0259r v\u0259 zabitl\u0259rimiz m\u00fcr\u0259kk\u0259b da\u011f relyefi, s\u0131ld\u0131r\u0131m qayalar\u0131, s\u0131x me\u015f\u0259l\u0259ri, d\u0259rin d\u0259r\u0259l\u0259ri, \u00e7\u0259tin v\u0259 ke\u00e7ilm\u0259z dolaylar\u0131 adlayaraq d\u00fc\u015fm\u0259n h\u0259rb\u00e7il\u0259rini Qaraba\u011f\u0131n ba\u015f tac\u0131 hesab olunan \u015eu\u015fadan qovub \u00e7\u0131xard\u0131. Prezident \u0130lham \u018fliyevin S\u0259r\u0259ncam\u0131 il\u0259 h\u0259min tarixi hadis\u0259nin ba\u015f verdiyi g\u00fcn &#8211; noyabr\u0131n 8-i Z\u0259f\u0259r G\u00fcn\u00fc elan edildi. 2021-ci il yanvar\u0131n 14-d\u0259 is\u0259 d\u00f6vl\u0259t ba\u015f\u00e7\u0131s\u0131, M\u00fcz\u0259ff\u0259r Ali Ba\u015f Komandan \u0130lham \u018fliyev \u015eu\u015fa \u015f\u0259h\u0259rind\u0259 Az\u0259rbaycan\u0131n \u00fc\u00e7r\u0259ngli D\u00f6vl\u0259t Bayra\u011f\u0131n\u0131 ucaltd\u0131.<\/p>\n\n\n\n<p><strong>&nbsp;&nbsp;&nbsp;&nbsp;&nbsp;&nbsp;&nbsp; <\/strong>2020-ci il sentyabr\u0131n 27-d\u0259 Erm\u0259nistan\u0131n t\u00f6r\u0259tdiyi n\u00f6vb\u0259ti h\u0259rbi t\u0259xribatlara cavab olaraq Az\u0259rbaycan Ordusu \u0259ks-h\u00fccum \u0259m\u0259liyyat\u0131na ba\u015flad\u0131. D\u00fc\u015fm\u0259nin on illikl\u0259r boyu qurub m\u00f6hk\u0259ml\u0259ndirdiyi m\u00fcdafi\u0259 x\u0259tti m\u00fcharib\u0259nin ilk g\u00fcn\u00fcnd\u0259 yar\u0131ld\u0131. F\u00fczuli v\u0259 C\u0259bray\u0131l rayonlar\u0131n\u0131n alt\u0131 k\u0259ndi, A\u011fd\u0259r\u0259 v\u0259 Murovda\u011f istiqam\u0259tl\u0259rind\u0259 y\u00fcks\u0259klikl\u0259r i\u015f\u011faldan azad olundu.<\/p>\n\n\n\n<p>&nbsp;&nbsp;&nbsp;&nbsp;&nbsp;&nbsp;&nbsp;&nbsp; V\u0259t\u0259n m\u00fcharib\u0259sinin ilk g\u00fcn\u00fcnd\u0259n ba\u015flayaraq daim ir\u0259li ged\u0259n Ordumuz d\u00fc\u015fm\u0259n\u0259 sars\u0131d\u0131c\u0131 z\u0259rb\u0259l\u0259r endirir, ya\u015fay\u0131\u015f m\u0259nt\u0259q\u0259l\u0259rimizi bir-birinin ard\u0131nca azad edirdi. Oktyabr\u0131n 3-d\u0259 strateji \u0259h\u0259miyy\u0259t\u0259 malik Suqovu\u015fan v\u0259 Tal\u0131\u015f k\u0259ndl\u0259ri, bir g\u00fcn sonra C\u0259bray\u0131l \u015f\u0259h\u0259ri v\u0259 rayonun 9 k\u0259ndi d\u00fc\u015fm\u0259n tapda\u011f\u0131ndan xilas olundu.<\/p>\n\n\n\n<p>&nbsp;&nbsp;&nbsp;&nbsp;&nbsp;&nbsp;&nbsp;&nbsp;&nbsp; Oktyabr\u0131n 9-dan 26-d\u0259k Xocav\u0259nd rayonunun Hadrut q\u0259s\u0259b\u0259si, F\u00fczuli \u015f\u0259h\u0259ri, Xudaf\u0259rin k\u00f6rp\u00fcs\u00fc, Z\u0259ngilan v\u0259 Qubadl\u0131 \u015f\u0259h\u0259rl\u0259ri d\u00fc\u015fm\u0259nd\u0259n azad edildi.<\/p>\n\n\n\n<p><strong>Z\u0259f\u0259r\u0259 uzanan \u00e7\u0259tin yol<\/strong><\/p>\n\n\n\n<p>&nbsp;&nbsp;&nbsp;&nbsp;&nbsp;&nbsp;&nbsp;&nbsp; Az\u0259rbaycan Ordusu \u015eu\u015faya do\u011fru dayanmadan, \u00e7ox b\u00f6y\u00fck inamla ir\u0259lil\u0259di v\u0259 dem\u0259k olar ki, m\u00fcmk\u00fcns\u00fcz i\u015fin \u00f6hd\u0259sind\u0259n g\u0259ldi. Q\u0259hr\u0259man d\u00f6y\u00fc\u015f\u00e7\u00fcl\u0259r yolsuzluq \u015f\u0259raitind\u0259 da\u011flar-qayalar a\u015faraq, uzun m\u0259saf\u0259 q\u0259t ed\u0259r\u0259k \u00e7ox \u00e7\u0259tin d\u00f6y\u00fc\u015f tap\u015f\u0131r\u0131\u011f\u0131n\u0131 u\u011furla yerin\u0259 yetirdi. \u018fsg\u0259r v\u0259 zabitl\u0259rin d\u00f6y\u00fc\u015f \u00fcsulu, q\u0259dim tarixi \u015f\u0259h\u0259ri da\u011f\u0131tmadan, ona x\u0259l\u0259l g\u0259tirm\u0259d\u0259n azad etm\u0259si h\u0259rb tarixind\u0259 tamamil\u0259 yeni idi. Xalq\u0131m\u0131z\u0131n q\u0259hr\u0259man o\u011fullar\u0131n\u0131n n\u00fcmayi\u015f etdirdiyi misli g\u00f6r\u00fcnm\u0259mi\u015f c\u0259sar\u0259t v\u0259 igidlik n\u00fcmun\u0259si n\u0259tic\u0259sind\u0259 bir vaxtlar na\u011f\u0131l, x\u0259yal kimi g\u00f6r\u00fcn\u0259nl\u0259r ger\u00e7\u0259y\u0259 \u00e7evrildi.<\/p>\n\n\n\n<p>&nbsp;&nbsp;&nbsp;&nbsp;&nbsp;&nbsp;&nbsp;&nbsp;&nbsp;&nbsp;&nbsp;&nbsp;&nbsp; He\u00e7 \u015f\u00fcbh\u0259siz ki, Qaraba\u011f Z\u0259f\u0259rinin zirv\u0259sind\u0259 \u015eu\u015fa \u0259m\u0259liyyat\u0131 dayan\u0131r. Bu m\u00f6ht\u0259\u015f\u0259m Z\u0259f\u0259rin memar\u0131 Prezident \u0130lham \u018fliyev ata v\u0259siyy\u0259tini yerin\u0259 yetir\u0259r\u0259k Ulu \u00d6nd\u0259rin ba\u015flad\u0131\u011f\u0131 i\u015fi m\u0259ntiqi sonlu\u011funa \u00e7atd\u0131rd\u0131, bununla da \u00f6z ad\u0131n\u0131 Az\u0259rbaycan tarixin\u0259 q\u00fcdr\u0259tli s\u0259rk\u0259rd\u0259, M\u00fcz\u0259ff\u0259r Ali Ba\u015f Komandan kimi \u0259b\u0259di yazd\u0131rd\u0131.<\/p>\n\n\n\n<p><strong>\u015eu\u015fan\u0131n azad olunmas\u0131 m\u00fcharib\u0259nin taleyini h\u0259ll etdi<\/strong><\/p>\n\n\n\n<p>2020-ci il noyabr\u0131n 8-d\u0259 Prezident, M\u00fcz\u0259ff\u0259r Ali Ba\u015f Komandan \u0130lham \u018fliyev \u015e\u0259hidl\u0259r xiyaban\u0131ndan xalqa m\u00fcraci\u0259tind\u0259 s\u0259birsizlikl\u0259 g\u00f6zl\u0259nil\u0259n m\u00fcjd\u0259ni verdi v\u0259 bu, \u0259slind\u0259, m\u00fcharib\u0259nin taleyinin h\u0259ll olunmas\u0131 dem\u0259k idi. Ert\u0259si g\u00fcn La\u00e7\u0131n rayonunun k\u0259ndl\u0259ri d\u0259 daxil olmaqla, 70-d\u0259n \u00e7ox ya\u015fay\u0131\u015f m\u0259nt\u0259q\u0259si i\u015f\u011fal\u00e7\u0131lardan t\u0259mizl\u0259ndi. N\u0259hay\u0259t noyabr\u0131n 9-dan 10-na ke\u00e7\u0259n gec\u0259 imzalanan \u00fc\u00e7t\u0259r\u0259fli B\u0259yanata \u0259sas\u0259n Erm\u0259nistan i\u015f\u011fal alt\u0131ndak\u0131 dig\u0259r rayonlar\u0131m\u0131zdan \u00e7\u0131xmas\u0131n\u0131n tarixini verdi. Kapitulyasiya akt\u0131na imza atan Erm\u0259nistan A\u011fdam rayonunun i\u015f\u011fal alt\u0131ndak\u0131 hiss\u0259sini, K\u0259lb\u0259c\u0259r v\u0259 La\u00e7\u0131n rayonlar\u0131n\u0131 d\u00f6y\u00fc\u015fs\u00fcz geri qaytarma\u011fa m\u0259cbur oldu. \u00dcmumiyy\u0259tl\u0259, r\u0259\u015fad\u0259tli Az\u0259rbaycan Ordusu 44 g\u00fcn \u0259rzind\u0259 5 \u015f\u0259h\u0259ri, 4 q\u0259s\u0259b\u0259 v\u0259 286 k\u0259ndi i\u015f\u011faldan azad etdi.<\/p>\n\n\n\n<p>&nbsp;&nbsp;&nbsp;&nbsp;&nbsp;&nbsp;&nbsp;&nbsp; Q\u0131rx d\u00f6rd g\u00fcnl\u00fck V\u0259t\u0259n m\u00fcharib\u0259si, x\u00fcsus\u0259n \u015eu\u015fa \u0259m\u0259liyyat\u0131 h\u0259rb tariximizin \u0259n parlaq s\u0259hif\u0259sidir. XXI \u0259srin m\u00fcharib\u0259sini aparan Az\u0259rbaycan\u0131n d\u00f6y\u00fc\u015f t\u0259cr\u00fcb\u0259si v\u0259 taktikas\u0131 h\u0259rbi m\u00fct\u0259x\u0259ssisl\u0259r t\u0259r\u0259find\u0259n y\u00fcks\u0259k qiym\u0259tl\u0259ndirilir, d\u00fcnyan\u0131n apar\u0131c\u0131 h\u0259rbi m\u0259kt\u0259bl\u0259rind\u0259 \u00f6yr\u0259nilir.<\/p>\n\n\n\n<p>               <strong>Tarixi Q\u0259l\u0259b\u0259nin b\u00f6y\u00fck d\u0259y\u0259ri<\/strong><\/p>\n\n\n\n<p>&nbsp;&nbsp;&nbsp;&nbsp;&nbsp;&nbsp;&nbsp;&nbsp;&nbsp;&nbsp; Prezident, M\u00fcz\u0259ff\u0259r Ali Ba\u015f Komandan \u0130lham \u018fliyev \u015eu\u015fan\u0131n azad edilm\u0259sinin v\u0259 8 noyabr\u0131n tarixi \u0259h\u0259miyy\u0259tini bel\u0259 s\u0259ciyy\u0259l\u0259ndirirdi: \u201c\u015eu\u015fa indi azadd\u0131r! Biz \u015eu\u015faya qay\u0131tm\u0131\u015f\u0131q! Biz bu tarixi Q\u0259l\u0259b\u0259ni d\u00f6y\u00fc\u015f meydan\u0131nda qazand\u0131q. 2020-ci il noyabr\u0131n 8-i Az\u0259rbaycan tarixind\u0259 \u0259b\u0259di qalacaqd\u0131r. Bu tarix \u0259b\u0259di ya\u015fayacaq. Bu, bizim \u015fanl\u0131 Q\u0259l\u0259b\u0259mizin, z\u0259f\u0259rimizin g\u00fcn\u00fcd\u00fcr! Bu q\u0259l\u0259b\u0259ni biz d\u00f6y\u00fc\u015f meydan\u0131nda qazand\u0131q, dan\u0131\u015f\u0131qlar masas\u0131 arxas\u0131nda yox. M\u0259n d\u0259f\u0259l\u0259rl\u0259 demi\u015f\u0259m, b\u00fct\u00fcn b\u0259yanatlara r\u0259\u011fm\u0259n ki, bu m\u00fcnaqi\u015f\u0259nin &#8211; Erm\u0259nistan-Az\u0259rbaycan Da\u011fl\u0131q Qaraba\u011f m\u00fcnaqi\u015f\u0259sinin h\u0259rbi h\u0259ll yollar\u0131 da vard\u0131r v\u0259 bu g\u00fcn biz bunu d\u00f6y\u00fc\u015f meydan\u0131nda s\u00fcbut edirik\u201d.<\/p>\n\n\n\n<p>&nbsp;&nbsp;&nbsp;&nbsp;&nbsp;&nbsp;&nbsp; \u201cM\u0259\u011flubedilm\u0259z erm\u0259ni ordusu\u201d mifini da\u011f\u0131dan, d\u00f6y\u00fc\u015f meydan\u0131nda d\u00fc\u015fm\u0259n\u0259 h\u0259rb v\u0259 ki\u015filik d\u0259rsi ke\u00e7\u0259n \u015f\u0259hid v\u0259 qazil\u0259rimiz tariximizin \u015fanl\u0131 s\u0259hif\u0259l\u0259rin\u0259 v\u0259 xalq\u0131n yadda\u015f\u0131na \u0259b\u0259di h\u0259kk olundu. Ali Ba\u015f Komandan \u0130lham \u018fliyevin r\u0259hb\u0259rliyi il\u0259 qazan\u0131lan bu Q\u0259l\u0259b\u0259 yaln\u0131z Az\u0259rbaycan Silahl\u0131 Q\u00fcvv\u0259l\u0259rinin deyil, b\u00fct\u00fcn xalq\u0131m\u0131z\u0131n Z\u0259f\u0259ri idi.<\/p>\n\n\n\n<p><strong>&nbsp;&nbsp;&nbsp;&nbsp;&nbsp;&nbsp; Suverenliyimizin tam b\u0259rpas\u0131 il\u0259 n\u0259tic\u0259l\u0259n\u0259n u\u011furlu antiterror t\u0259dbirl\u0259ri<\/strong><\/p>\n\n\n\n<p>&nbsp;&nbsp;&nbsp;&nbsp;&nbsp;&nbsp;&nbsp;&nbsp;&nbsp;&nbsp;&nbsp; Lakin Qaraba\u011f\u0131n b\u0259zi \u0259razil\u0259rind\u0259 Erm\u0259nistan t\u0259r\u0259find\u0259n qanunsuz yerl\u0259\u015fdiril\u0259n silahl\u0131 birl\u0259\u015fm\u0259l\u0259r, diversiya qruplar\u0131 vaxta\u015f\u0131r\u0131 olaraq t\u0259xribatlar v\u0259 terror aktlar\u0131 t\u00f6r\u0259tm\u0259kd\u0259 davam edir, t\u0259hl\u00fck\u0259 m\u0259nb\u0259yi olaraq qal\u0131rd\u0131. \u00d6t\u0259n il sentyabr\u0131n 18-d\u0259 erm\u0259ni silahl\u0131 birl\u0259\u015fm\u0259l\u0259rinin basd\u0131rd\u0131\u011f\u0131 minan\u0131n partlamas\u0131 n\u0259tic\u0259sind\u0259 6 n\u0259f\u0259r, o c\u00fcml\u0259d\u0259n polis \u0259m\u0259kda\u015flar\u0131 \u015f\u0259hid oldu.<\/p>\n\n\n\n<p>&nbsp;&nbsp;&nbsp;&nbsp;&nbsp;&nbsp;&nbsp;&nbsp;&nbsp; Silahl\u0131 Q\u00fcvv\u0259l\u0259rimiz t\u0259r\u0259find\u0259n sentyabr\u0131n 19-da ba\u015flad\u0131lan lokal xarakterli antiterror t\u0259dbirl\u0259ri u\u011furla n\u0259tic\u0259l\u0259ndi. Az\u0259rbaycan \u0259razisind\u0259ki qanunsuz silahl\u0131 birl\u0259\u015fm\u0259l\u0259rin \u00f6n x\u0259td\u0259 v\u0259 d\u0259rinlikd\u0259 olan m\u00f6vqel\u0259ri, at\u0259\u015f n\u00f6qt\u0259l\u0259ri, d\u00f6y\u00fc\u015f vasit\u0259l\u0259ri v\u0259 bazalar\u0131 y\u00fcks\u0259k d\u0259qiqlikli silahlarla vurularaq s\u0131radan \u00e7\u0131xar\u0131ld\u0131. C\u0259mi bir sutkaya yax\u0131n m\u00fcdd\u0259td\u0259 davam ed\u0259n antiterror \u0259m\u0259liyyat\u0131 Ali Ba\u015f Komandan\u0131n q\u0259tiyy\u0259tini, Ordumuzun g\u00fcc\u00fcn\u00fc bir daha n\u00fcmayi\u015f etdirdi. D\u00fc\u015fm\u0259n 2020-ci ild\u0259 oldu\u011fu kimi, yen\u0259 a\u011f bayraq qald\u0131raraq t\u0259slim olma\u011fa m\u0259cbur edildi. Bununla da Qaraba\u011fda terror\u00e7ular\u0131n v\u0259 separat\u00e7\u0131 rejimin m\u00f6vcudlu\u011funa son qoyuldu, Qaraba\u011f m\u00f6vzusu bird\u0259f\u0259lik ba\u011fland\u0131.<\/p>\n\n\n\n<p>&nbsp;&nbsp;&nbsp;&nbsp;&nbsp;&nbsp;&nbsp;&nbsp;&nbsp; \u00d6t\u0259n il oktyabr\u0131n 15-d\u0259 n\u00f6vb\u0259ti tarixi hadis\u0259nin \u015fahidi olduq. \u0130lham \u018fliyev Prezident se\u00e7ilm\u0259sinin iyirminci ild\u00f6n\u00fcm\u00fc g\u00fcn\u00fcnd\u0259 Xank\u0259ndid\u0259, Xocal\u0131da, Xocav\u0259ndd\u0259, A\u011fd\u0259r\u0259d\u0259, \u018fsg\u0259randa D\u00f6vl\u0259t Bayra\u011f\u0131m\u0131z\u0131 ucaldaraq daha bir \u015fanl\u0131 tarix yazd\u0131, xalq\u0131m\u0131za b\u00f6y\u00fck sevinc v\u0259 q\u00fcrur ya\u015fatd\u0131.<\/p>\n\n\n\n<p>&nbsp;&nbsp;&nbsp;&nbsp;&nbsp;&nbsp;&nbsp;&nbsp;&nbsp;&nbsp; M\u00fcz\u0259ff\u0259r Ali Ba\u015f Komandan\u0131n Xank\u0259ndid\u0259 q\u00fcrurla dediyi bu s\u00f6zl\u0259r b\u00fct\u00fcn d\u00fcnyada \u0259ks-s\u0259da verdi: \u201cXat\u0131rlay\u0131ram, o vaxt b\u0259zil\u0259ri sual verirdi: N\u0259 \u00fc\u00e7\u00fcn, n\u0259 \u00fc\u00e7\u00fcn biz o vaxt &#8211; noyabr\u0131n 10-da m\u00fcharib\u0259ni dayand\u0131rma\u011fa raz\u0131l\u0131q verdik. Bu g\u00fcn bax, burada durark\u0259n bir daha bildirm\u0259k ist\u0259yir\u0259m ki, biz h\u0259r \u015feyi vaxt\u0131nda etm\u0259liyik v\u0259 etmi\u015fik. Az\u0259rbaycan xalq\u0131n\u0131n b\u00f6y\u00fck \u0259ks\u0259riyy\u0259ti o vaxt da &#8211; noyabr\u0131n 10-da v\u0259 ondan sonrak\u0131 d\u00f6vrd\u0259 \u00e7ox yax\u015f\u0131 ba\u015fa d\u00fc\u015f\u00fcrd\u00fc ki, biz ist\u0259diyimiz\u0259 nail olaca\u011f\u0131q. \u0130st\u0259diyimiz is\u0259 bax, burada dal\u011falanan Az\u0259rbaycan Bayra\u011f\u0131d\u0131r&#8230; Bu g\u00fcn burada qald\u0131rd\u0131\u011f\u0131m Bayraq burada \u0259b\u0259di dal\u011falanacaq v\u0259 biz burada \u0259b\u0259di ya\u015fayaca\u011f\u0131q. Qaraba\u011f bizimdir, Qaraba\u011f Az\u0259rbaycand\u0131r!\u201d.<\/p>\n\n\n\n<p>&nbsp;&nbsp;&nbsp;&nbsp;&nbsp;&nbsp; Az\u0259rbaycan xalq\u0131na qar\u015f\u0131 m\u00fcharib\u0259 cinay\u0259tl\u0259ri, terror aktlar\u0131 t\u00f6r\u0259tmi\u015f \u015f\u0259xsl\u0259rin, soyq\u0131r\u0131m\u0131 qatill\u0259rinin, separat\u00e7\u0131 rejimin ba\u015f\u00e7\u0131lar\u0131n\u0131n yaxalanaraq qandallanmas\u0131, \u0259dal\u0259t m\u0259hk\u0259m\u0259si qar\u015f\u0131na \u00e7\u0131xar\u0131lmas\u0131 h\u0259r bir soyda\u015f\u0131m\u0131z\u0131n \u00fcr\u0259yind\u0259n x\u0259b\u0259r verir.<\/p>\n\n\n\n<p>             <strong>\u015eanl\u0131 Z\u0259f\u0259rd\u0259n B\u00f6y\u00fck Qay\u0131d\u0131\u015fa do\u011fru<\/strong><\/p>\n\n\n\n<p>&nbsp;&nbsp;&nbsp;&nbsp;&nbsp;&nbsp;&nbsp;&nbsp;&nbsp; Xalq\u0131m\u0131z Az\u0259rbaycan Prezidentinin qurub yaratmaq \u0259zminin, V\u0259t\u0259n m\u00fcharib\u0259sind\u0259 oldu\u011fu kimi, quruculuq i\u015fl\u0259rind\u0259 d\u0259 sonsuz q\u0259tiyy\u0259t v\u0259 \u0259zmkarl\u0131\u011f\u0131n\u0131n \u015fahididir. \u015eanl\u0131 Z\u0259f\u0259rd\u0259n B\u00f6y\u00fck Qay\u0131d\u0131\u015fa do\u011fru inaml\u0131 add\u0131mlar at\u0131l\u0131r, do\u011fma Qaraba\u011f\u0131m\u0131za yenid\u0259n h\u0259yat qay\u0131d\u0131r. Art\u0131q minl\u0259rl\u0259 ail\u0259nin azad edilmi\u015f \u015f\u0259h\u0259r v\u0259 k\u0259ndl\u0259r\u0259 qay\u0131d\u0131\u015f\u0131 t\u0259min olunub, onlara yeni evl\u0259rin a\u00e7arlar\u0131 t\u0259qdim edilib. Haz\u0131rda Qaraba\u011fda v\u0259 \u015e\u0259rqi Z\u0259ng\u0259zurda \u00fcmumilikd\u0259 t\u0259xmin\u0259n 30 min insan ya\u015fay\u0131r. Bel\u0259 ki, do\u011fma yurdlar\u0131na qay\u0131dan ke\u00e7mi\u015f m\u0259cburi k\u00f6\u00e7k\u00fcnl\u0259rl\u0259 yana\u015f\u0131, haz\u0131rda bu b\u00f6lg\u0259l\u0259rd\u0259 apar\u0131lan b\u0259rpa-quruculuq i\u015fl\u0259rin\u0259 minl\u0259rl\u0259 i\u015f\u00e7i q\u00fcvv\u0259si c\u0259lb olunub. Bu g\u00fcn t\u0259kc\u0259 Xank\u0259ndi \u015f\u0259h\u0259rind\u0259 6 mind\u0259n \u00e7ox insan ya\u015fay\u0131r. Onlardan 1300-d\u0259n \u00e7oxu Qaraba\u011f Universitetind\u0259 \u00e7al\u0131\u015f\u0131r v\u0259 ya t\u0259hsil al\u0131r. Daha 500 n\u0259f\u0259r is\u0259 Nizami G\u0259nc\u0259vi ad\u0131na Xank\u0259ndi \u015f\u0259h\u0259r tam orta m\u0259kt\u0259bind\u0259 i\u015fl\u0259y\u0259nl\u0259r v\u0259 t\u0259hsil alanlard\u0131r. \u00dcmumiyy\u0259tl\u0259, azad edilmi\u015f \u0259razil\u0259rd\u0259 h\u0259yata ke\u00e7iril\u0259n i\u015fl\u0259rd\u0259 20 min n\u0259f\u0259rd\u0259n \u00e7ox insan \u00e7al\u0131\u015f\u0131r.<\/p>\n\n\n\n<p>&nbsp;&nbsp;&nbsp;&nbsp;&nbsp;&nbsp;&nbsp;&nbsp;&nbsp;&nbsp;&nbsp;&nbsp;&nbsp;&nbsp; Bu g\u00fcn Ulu \u00d6nd\u0259rimiz Heyd\u0259r \u018fliyevin ruhu \u015fadd\u0131r. \u00c7\u00fcnki onun ill\u0259r \u00f6nc\u0259 ba\u015flatd\u0131\u011f\u0131 Qaraba\u011f sava\u015f\u0131 m\u0259ntiqi sonlu\u011funa \u00e7at\u0131b, \u015fanl\u0131 Z\u0259f\u0259rl\u0259 yekunla\u015f\u0131b. Az\u0259rbaycan xalq\u0131 \u0259mindir ki, bu z\u0259f\u0259rl\u0259rin davam\u0131 g\u0259l\u0259c\u0259k, Prezident \u0130lham \u018fliyevin liderliyi il\u0259 yeni-yeni u\u011fur zirv\u0259l\u0259ri f\u0259th edil\u0259c\u0259k.<\/p>\n","protected":false},"excerpt":{"rendered":"<p>&nbsp;&nbsp;&nbsp;&nbsp;&nbsp;&nbsp;&nbsp;&nbsp;&nbsp;&nbsp;&nbsp;&nbsp;&nbsp; 8 Noyabr xalq\u0131m\u0131z\u0131n \u00e7ox\u0259srlik tarixin\u0259 q\u0131z\u0131l h\u0259rfl\u0259rl\u0259 yaz\u0131lan \u015fanl\u0131 g\u00fcnd\u00fcr. Prezident, M\u00fcz\u0259ff\u0259r Ali Ba\u015f Komandan \u0130lham \u018fliyevin q\u00fcdr\u0259tli s\u0259rk\u0259rd\u0259liyi il\u0259 30 illik i\u015f\u011fala 44 g\u00fcnd\u0259 son qoyuldu, \u0259razi b\u00fct\u00f6vl\u00fcy\u00fcm\u00fcz b\u0259rpa olundu. Az\u0259rbaycan qalib \u00f6lk\u0259y\u0259, Az\u0259rbaycan xalq\u0131 qalib xalqa \u00e7evrildi. Bu m\u00f6ht\u0259\u015f\u0259m Q\u0259l\u0259b\u0259, eyni zamanda, Az\u0259rbaycan\u0131n h\u0259rbi v\u0259 iqtisadi g\u00fcc\u00fcn\u00fc d\u00fcnyaya n\u00fcmayi\u015f etdirdi. V\u0259t\u0259n m\u00fcharib\u0259si [&hellip;]<\/p>\n","protected":false},"author":5,"featured_media":0,"comment_status":"closed","ping_status":"open","sticky":false,"template":"","format":"standard","meta":{"footnotes":""},"categories":[25],"tags":[],"class_list":["post-4745","post","type-post","status-publish","format-standard","hentry","category-tarix-cografiya-fakultsi"],"_links":{"self":[{"href":"https:\/\/tcf.gdu.edu.az\/index.php?rest_route=\/wp\/v2\/posts\/4745","targetHints":{"allow":["GET"]}}],"collection":[{"href":"https:\/\/tcf.gdu.edu.az\/index.php?rest_route=\/wp\/v2\/posts"}],"about":[{"href":"https:\/\/tcf.gdu.edu.az\/index.php?rest_route=\/wp\/v2\/types\/post"}],"author":[{"embeddable":true,"href":"https:\/\/tcf.gdu.edu.az\/index.php?rest_route=\/wp\/v2\/users\/5"}],"replies":[{"embeddable":true,"href":"https:\/\/tcf.gdu.edu.az\/index.php?rest_route=%2Fwp%2Fv2%2Fcomments&post=4745"}],"version-history":[{"count":1,"href":"https:\/\/tcf.gdu.edu.az\/index.php?rest_route=\/wp\/v2\/posts\/4745\/revisions"}],"predecessor-version":[{"id":4747,"href":"https:\/\/tcf.gdu.edu.az\/index.php?rest_route=\/wp\/v2\/posts\/4745\/revisions\/4747"}],"wp:attachment":[{"href":"https:\/\/tcf.gdu.edu.az\/index.php?rest_route=%2Fwp%2Fv2%2Fmedia&parent=4745"}],"wp:term":[{"taxonomy":"category","embeddable":true,"href":"https:\/\/tcf.gdu.edu.az\/index.php?rest_route=%2Fwp%2Fv2%2Fcategories&post=4745"},{"taxonomy":"post_tag","embeddable":true,"href":"https:\/\/tcf.gdu.edu.az\/index.php?rest_route=%2Fwp%2Fv2%2Ftags&post=4745"}],"curies":[{"name":"wp","href":"https:\/\/api.w.org\/{rel}","templated":true}]}}