{"id":4972,"date":"2026-03-17T04:32:11","date_gmt":"2026-03-17T02:32:11","guid":{"rendered":"http:\/\/tcf.gdu.edu.az\/?p=4972"},"modified":"2026-03-17T04:32:12","modified_gmt":"2026-03-17T02:32:12","slug":"bu-gun-ilaxir-c%c9%99rs%c9%99nb%c9%99dir","status":"publish","type":"post","link":"https:\/\/tcf.gdu.edu.az\/?p=4972","title":{"rendered":"Bu g\u00fcn\u00a0\u0130lax\u0131r \u00e7\u0259r\u015f\u0259nb\u0259dir"},"content":{"rendered":"\n<figure class=\"wp-block-gallery has-nested-images columns-default is-cropped wp-block-gallery-1 is-layout-flex wp-block-gallery-is-layout-flex\">\n<figure class=\"wp-block-image size-large\"><a href=\"http:\/\/tcf.gdu.edu.az\/wp-content\/uploads\/2026\/03\/unnamed.jpg\"><img loading=\"lazy\" decoding=\"async\" width=\"512\" height=\"288\" data-id=\"4973\" src=\"http:\/\/tcf.gdu.edu.az\/wp-content\/uploads\/2026\/03\/unnamed.jpg\" alt=\"\" class=\"wp-image-4973\" srcset=\"https:\/\/tcf.gdu.edu.az\/wp-content\/uploads\/2026\/03\/unnamed.jpg 512w, https:\/\/tcf.gdu.edu.az\/wp-content\/uploads\/2026\/03\/unnamed-300x169.jpg 300w\" sizes=\"auto, (max-width: 512px) 100vw, 512px\" \/><\/a><\/figure>\n<\/figure>\n\n\n\n<p>      Bu g\u00fcn &#8211; mart\u0131n 17-si Az\u0259rbaycanda 4-c\u00fc &#8211; ilax\u0131r \u00e7\u0259r\u015f\u0259nb\u0259dir.<\/p>\n\n\n\n<p>     Bu g\u00fcn Su, Od v\u0259 Yel \u00e7\u0259r\u015f\u0259nb\u0259l\u0259rind\u0259n sonra Az\u0259rbaycan xalq\u0131 sonuncu \u2013 Torpaq \u00e7\u0259r\u015f\u0259nb\u0259sini qeyd edir.<\/p>\n\n\n\n<p>      \u00d6lk\u0259mizd\u0259 torpaq \u00e7\u0259r\u015f\u0259nb\u0259si h\u0259r il oldu\u011fu kimi, bu il d\u0259 t\u0259nt\u0259n\u0259li qeyd olunur. Bu \u00e7\u0259r\u015f\u0259nb\u0259d\u0259 t\u0259bi\u0259t q\u0131\u015f yuxusundan oyan\u0131r, torpa\u011f\u0131n donu a\u00e7\u0131l\u0131r, insanlar\u0131n ovqat\u0131 t\u0259z\u0259l\u0259nir.<\/p>\n\n\n\n<p>      \u0130lax\u0131r \u00e7\u0259r\u015f\u0259nb\u0259d\u0259 torpaq art\u0131q \u0259kin\u0259 haz\u0131r olur v\u0259 ona toxum s\u0259pm\u0259y\u0259 ba\u015flay\u0131rlar. \u0130nsanlar havan\u0131n m\u00fclayiml\u0259\u015fm\u0259sin\u0259, sular\u0131n donunun a\u00e7\u0131lmas\u0131na, \u00e7aylar\u0131n suyunun artmas\u0131na v\u0259 torpa\u011f\u0131n canlanmas\u0131na sevinib, bu t\u0259bi\u0259t hadis\u0259sinin h\u0259r birini (\u00e7\u0259r\u015f\u0259nb\u0259l\u0259ri) m\u00fcxt\u0259lif m\u0259rasiml\u0259rl\u0259 qeyd edirl\u0259r.<\/p>\n\n\n\n<p>  \u0130lax\u0131r \u00e7\u0259r\u015f\u0259nb\u0259l\u0259r m\u00fcxt\u0259lif m\u0259rasim \u0259n\u0259n\u0259l\u0259ri il\u0259 z\u0259ngindir. Ev ad\u0259tl\u0259ri il\u0259 ba\u011fl\u0131 \u0259n \u0259sas ad\u0259tl\u0259rd\u0259n biri ev t\u0259mizl\u0259m\u0259dir. B\u0259zi yerl\u0259rd\u0259 buna \u201cevatd\u0131\u201d deyirl\u0259r.<\/p>\n\n\n\n<p>     Torpaq \u00e7\u0259r\u015f\u0259nb\u0259sind\u0259 h\u0259y\u0259t-bacalarda tonqal qalan\u0131r, h\u0259r bir evd\u0259 xon\u00e7alar b\u0259z\u0259nir, bayram s\u00fcfr\u0259si a\u00e7\u0131l\u0131r. H\u0259min g\u00fcn k\u00fcs\u00fcl\u00fcl\u0259r bar\u0131\u015fmal\u0131d\u0131rlar. Qap\u0131 pusma, evd\u0259 ail\u0259 \u00fczvl\u0259rinin h\u0259r birinin ad\u0131na niyy\u0259t tutub \u015fam yand\u0131rma, qon\u015fularla, qohumlarla bayramla\u015fma v\u0259 bir \u00e7ox ad\u0259t-\u0259n\u0259n\u0259l\u0259r bu g\u00fcn d\u0259 ya\u015fad\u0131l\u0131r.<\/p>\n\n\n\n<p>    Xalq\u0131m\u0131z\u0131n g\u00f6z\u0259l ad\u0259t-\u0259n\u0259n\u0259l\u0259rini \u00f6z\u00fcnd\u0259 ya\u015fadan ilax\u0131r \u00e7\u0259r\u015f\u0259nb\u0259niz m\u00fcbar\u0259k olsun!<\/p>\n","protected":false},"excerpt":{"rendered":"<p>Bu g\u00fcn &#8211; mart\u0131n 17-si Az\u0259rbaycanda 4-c\u00fc &#8211; ilax\u0131r \u00e7\u0259r\u015f\u0259nb\u0259dir. Bu g\u00fcn Su, Od v\u0259 Yel \u00e7\u0259r\u015f\u0259nb\u0259l\u0259rind\u0259n sonra Az\u0259rbaycan xalq\u0131 sonuncu \u2013 Torpaq \u00e7\u0259r\u015f\u0259nb\u0259sini qeyd edir. \u00d6lk\u0259mizd\u0259 torpaq \u00e7\u0259r\u015f\u0259nb\u0259si h\u0259r il oldu\u011fu kimi, bu il d\u0259 t\u0259nt\u0259n\u0259li qeyd olunur. Bu \u00e7\u0259r\u015f\u0259nb\u0259d\u0259 t\u0259bi\u0259t q\u0131\u015f yuxusundan oyan\u0131r, torpa\u011f\u0131n donu a\u00e7\u0131l\u0131r, insanlar\u0131n ovqat\u0131 t\u0259z\u0259l\u0259nir. \u0130lax\u0131r \u00e7\u0259r\u015f\u0259nb\u0259d\u0259 torpaq art\u0131q [&hellip;]<\/p>\n","protected":false},"author":5,"featured_media":0,"comment_status":"closed","ping_status":"open","sticky":false,"template":"","format":"standard","meta":{"footnotes":""},"categories":[25],"tags":[],"class_list":["post-4972","post","type-post","status-publish","format-standard","hentry","category-tarix-cografiya-fakultsi"],"_links":{"self":[{"href":"https:\/\/tcf.gdu.edu.az\/index.php?rest_route=\/wp\/v2\/posts\/4972","targetHints":{"allow":["GET"]}}],"collection":[{"href":"https:\/\/tcf.gdu.edu.az\/index.php?rest_route=\/wp\/v2\/posts"}],"about":[{"href":"https:\/\/tcf.gdu.edu.az\/index.php?rest_route=\/wp\/v2\/types\/post"}],"author":[{"embeddable":true,"href":"https:\/\/tcf.gdu.edu.az\/index.php?rest_route=\/wp\/v2\/users\/5"}],"replies":[{"embeddable":true,"href":"https:\/\/tcf.gdu.edu.az\/index.php?rest_route=%2Fwp%2Fv2%2Fcomments&post=4972"}],"version-history":[{"count":1,"href":"https:\/\/tcf.gdu.edu.az\/index.php?rest_route=\/wp\/v2\/posts\/4972\/revisions"}],"predecessor-version":[{"id":4974,"href":"https:\/\/tcf.gdu.edu.az\/index.php?rest_route=\/wp\/v2\/posts\/4972\/revisions\/4974"}],"wp:attachment":[{"href":"https:\/\/tcf.gdu.edu.az\/index.php?rest_route=%2Fwp%2Fv2%2Fmedia&parent=4972"}],"wp:term":[{"taxonomy":"category","embeddable":true,"href":"https:\/\/tcf.gdu.edu.az\/index.php?rest_route=%2Fwp%2Fv2%2Fcategories&post=4972"},{"taxonomy":"post_tag","embeddable":true,"href":"https:\/\/tcf.gdu.edu.az\/index.php?rest_route=%2Fwp%2Fv2%2Ftags&post=4972"}],"curies":[{"name":"wp","href":"https:\/\/api.w.org\/{rel}","templated":true}]}}