{"id":506,"date":"2016-04-17T21:45:23","date_gmt":"2016-04-17T19:45:23","guid":{"rendered":"http:\/\/tc.gdu.edu.az\/?p=506"},"modified":"2016-04-17T21:45:23","modified_gmt":"2016-04-17T19:45:23","slug":"kafedra-iclasi","status":"publish","type":"post","link":"https:\/\/tcf.gdu.edu.az\/?p=506","title":{"rendered":"Kafedra iclas\u0131"},"content":{"rendered":"<p>\u00dcmumi tarix kafedras\u0131n\u0131n 14.04.2016-c\u0131 il tarixind\u0259 iclas\u0131 ke\u00e7irildi.\u0130clasda kafedra \u0259m\u0259kda\u015flar\u0131 il\u0259 yana\u015f\u0131 fak\u00fclt\u0259nin dekan\u0131 dos.U.H\u0259s\u0259nov da i\u015ftirak edirdi. Kafedran\u0131n g\u00fcnd\u0259liyind\u0259 olan \u0259sas m\u0259s\u0259l\u0259l\u0259rd\u0259n \u00a0pedoqoji t\u0259cr\u00fcb\u0259, burax\u0131l\u0131\u015f i\u015fl\u0259rinin v\u0259ziyy\u0259ti v\u0259 kafedran\u0131n doktorant\u0131n\u0131n hesabat\u0131n\u0131n m\u00fczakir\u0259si idi.<\/p>\n<p><a href=\"http:\/\/tc.gdu.edu.az\/wp-content\/uploads\/2016\/04\/20160413_115254.jpg\"><img loading=\"lazy\" decoding=\"async\" class=\"alignnone  wp-image-507\" src=\"http:\/\/tc.gdu.edu.az\/wp-content\/uploads\/2016\/04\/20160413_115254-300x169.jpg\" alt=\"20160413_115254\" width=\"361\" height=\"203\" srcset=\"https:\/\/tcf.gdu.edu.az\/wp-content\/uploads\/2016\/04\/20160413_115254-300x169.jpg 300w, https:\/\/tcf.gdu.edu.az\/wp-content\/uploads\/2016\/04\/20160413_115254-1024x576.jpg 1024w\" sizes=\"auto, (max-width: 361px) 100vw, 361px\" \/><\/a> <a href=\"http:\/\/tc.gdu.edu.az\/wp-content\/uploads\/2016\/04\/20160413_115315.jpg\"><img loading=\"lazy\" decoding=\"async\" class=\"alignnone  wp-image-508\" src=\"http:\/\/tc.gdu.edu.az\/wp-content\/uploads\/2016\/04\/20160413_115315-300x169.jpg\" alt=\"20160413_115315\" width=\"362\" height=\"204\" \/><\/a><\/p>\n","protected":false},"excerpt":{"rendered":"<p>\u00dcmumi tarix kafedras\u0131n\u0131n 14.04.2016-c\u0131 il tarixind\u0259 iclas\u0131 ke\u00e7irildi.\u0130clasda kafedra \u0259m\u0259kda\u015flar\u0131 il\u0259 yana\u015f\u0131 fak\u00fclt\u0259nin dekan\u0131 dos.U.H\u0259s\u0259nov da i\u015ftirak edirdi. Kafedran\u0131n g\u00fcnd\u0259liyind\u0259 olan \u0259sas m\u0259s\u0259l\u0259l\u0259rd\u0259n \u00a0pedoqoji t\u0259cr\u00fcb\u0259, burax\u0131l\u0131\u015f i\u015fl\u0259rinin v\u0259ziyy\u0259ti v\u0259 kafedran\u0131n doktorant\u0131n\u0131n hesabat\u0131n\u0131n m\u00fczakir\u0259si idi.<\/p>\n","protected":false},"author":4,"featured_media":0,"comment_status":"open","ping_status":"open","sticky":false,"template":"","format":"standard","meta":{"footnotes":""},"categories":[1],"tags":[],"class_list":["post-506","post","type-post","status-publish","format-standard","hentry","category-sas"],"_links":{"self":[{"href":"https:\/\/tcf.gdu.edu.az\/index.php?rest_route=\/wp\/v2\/posts\/506","targetHints":{"allow":["GET"]}}],"collection":[{"href":"https:\/\/tcf.gdu.edu.az\/index.php?rest_route=\/wp\/v2\/posts"}],"about":[{"href":"https:\/\/tcf.gdu.edu.az\/index.php?rest_route=\/wp\/v2\/types\/post"}],"author":[{"embeddable":true,"href":"https:\/\/tcf.gdu.edu.az\/index.php?rest_route=\/wp\/v2\/users\/4"}],"replies":[{"embeddable":true,"href":"https:\/\/tcf.gdu.edu.az\/index.php?rest_route=%2Fwp%2Fv2%2Fcomments&post=506"}],"version-history":[{"count":1,"href":"https:\/\/tcf.gdu.edu.az\/index.php?rest_route=\/wp\/v2\/posts\/506\/revisions"}],"predecessor-version":[{"id":509,"href":"https:\/\/tcf.gdu.edu.az\/index.php?rest_route=\/wp\/v2\/posts\/506\/revisions\/509"}],"wp:attachment":[{"href":"https:\/\/tcf.gdu.edu.az\/index.php?rest_route=%2Fwp%2Fv2%2Fmedia&parent=506"}],"wp:term":[{"taxonomy":"category","embeddable":true,"href":"https:\/\/tcf.gdu.edu.az\/index.php?rest_route=%2Fwp%2Fv2%2Fcategories&post=506"},{"taxonomy":"post_tag","embeddable":true,"href":"https:\/\/tcf.gdu.edu.az\/index.php?rest_route=%2Fwp%2Fv2%2Ftags&post=506"}],"curies":[{"name":"wp","href":"https:\/\/api.w.org\/{rel}","templated":true}]}}